{"id":5455,"date":"2023-10-18T15:23:13","date_gmt":"2023-10-18T19:23:13","guid":{"rendered":"https:\/\/elmundodelapolitica.com\/v1\/?p=5455"},"modified":"2023-10-19T17:54:49","modified_gmt":"2023-10-19T21:54:49","slug":"anuncia-jinping-ocho-pasos-de-china-para-cooperacion-alta-calidad-en-la-franja-y-la-ruta","status":"publish","type":"post","link":"https:\/\/elmundodelapolitica.com\/v1\/anuncia-jinping-ocho-pasos-de-china-para-cooperacion-alta-calidad-en-la-franja-y-la-ruta\/","title":{"rendered":"Anuncia\u00a0Jinping ocho pasos de China para cooperaci\u00f3n alta calidad en la Franja y la Ruta"},"content":{"rendered":"<div>\n<p>BEIJING,\u00a018 de octubre de 2023\u00a0\/PRNewswire\/ \u2014 El presidente chino, Xi Jinping, anunci\u00f3 el mi\u00e9rcoles que\u00a0China\u00a0tomar\u00e1 ocho medidas importantes para apoyar la b\u00fasqueda conjunta de una cooperaci\u00f3n de alta calidad en la Franja y la Ruta con los pa\u00edses participantes.<\/p>\n<div class=\"wp-block-image\">\n<figure class=\"aligncenter size-full\"><img data-attachment-id=\"33314\" data-permalink=\"https:\/\/elmundodelosnegocios.com.do\/v1\/index.php\/2023\/10\/18\/anuncia-jinping-ocho-pasos-de-china-para-cooperacion-alta-calidad-en-la-franja-y-la-ruta\/0r2a1716-2\/\" data-orig-file=\"https:\/\/i0.wp.com\/elmundodelosnegocios.com.do\/v1\/wp-content\/uploads\/2023\/10\/0R2A1716-2.jpg?fit=815%2C458&amp;ssl=1\" data-orig-size=\"815,458\" data-comments-opened=\"0\" data-image-meta='{\"aperture\":\"0\",\"credit\":\"CGTN\",\"camera\":\"\",\"caption\":\"\",\"created_timestamp\":\"0\",\"copyright\":\"\",\"focal_length\":\"0\",\"iso\":\"0\",\"shutter_speed\":\"0\",\"title\":\"1\",\"orientation\":\"0\"}' data-image-title=\"0R2A1716-2\" data-image-description=\"\" data-image-caption=\"\" data-medium-file=\"https:\/\/i0.wp.com\/elmundodelosnegocios.com.do\/v1\/wp-content\/uploads\/2023\/10\/0R2A1716-2.jpg?fit=300%2C169&amp;ssl=1\" data-large-file=\"https:\/\/i0.wp.com\/elmundodelosnegocios.com.do\/v1\/wp-content\/uploads\/2023\/10\/0R2A1716-2.jpg?fit=815%2C458&amp;ssl=1\" decoding=\"async\" loading=\"lazy\" width=\"815\" height=\"458\" src=\"https:\/\/i0.wp.com\/elmundodelosnegocios.com.do\/v1\/wp-content\/uploads\/2023\/10\/0R2A1716-2.jpg?resize=815,458&amp;ssl=1\" alt=\"\" class=\"wp-image-33314\" srcset=\"https:\/\/i0.wp.com\/elmundodelosnegocios.com.do\/v1\/wp-content\/uploads\/2023\/10\/0R2A1716-2.jpg?w=815&amp;ssl=1 815w, https:\/\/i0.wp.com\/elmundodelosnegocios.com.do\/v1\/wp-content\/uploads\/2023\/10\/0R2A1716-2.jpg?resize=300%2C169&amp;ssl=1 300w, https:\/\/i0.wp.com\/elmundodelosnegocios.com.do\/v1\/wp-content\/uploads\/2023\/10\/0R2A1716-2.jpg?resize=768%2C432&amp;ssl=1 768w\" sizes=\"auto, (max-width: 815px) 100vw, 815px\" data-recalc-dims=\"1\"><\/figure>\n<\/div>\n<p>Xi hizo el anuncio al pronunciar un discurso de apertura en la ceremonia de apertura del tercer\u00a0Foro de la Franja\u00a0y la Ruta para la Cooperaci\u00f3n Internacional en\u00a0Beijing.<\/p>\n<p>Para llevar a cabo una cooperaci\u00f3n pr\u00e1ctica para la Iniciativa de la Franja y la Ruta (BRI), Xi dijo que\u00a0China\u00a0promete m\u00e1s apoyo financiero para los proyectos de la BRI sobre la base del mercado y la operaci\u00f3n comercial.<\/p>\n<p>El Banco de Desarrollo de\u00a0China\u00a0y el Banco de Exportaciones e Importaciones de\u00a0China\u00a0establecer\u00e1n cada uno una ventana de financiaci\u00f3n de 350.000 millones de yuanes (48.750 millones de d\u00f3lares), y se inyectar\u00e1n 80.000 millones de yuanes adicionales al Fondo de la Ruta de la Seda, anunci\u00f3 el presidente chino.<\/p>\n<p>Xi tambi\u00e9n revel\u00f3 que en la conferencia de consejeros delegados durante el Foro celebrada el martes se concluyeron acuerdos por valor de 97.200 millones de d\u00f3lares.<\/p>\n<p>China\u00a0tambi\u00e9n apoyar\u00e1 una econom\u00eda mundial abierta a trav\u00e9s de medidas como el establecimiento de zonas piloto para la cooperaci\u00f3n en el comercio electr\u00f3nico de la Ruta de la Seda, la celebraci\u00f3n de acuerdos de libre comercio y tratados de protecci\u00f3n de inversiones con m\u00e1s pa\u00edses y la eliminaci\u00f3n de todas las restricciones al acceso de la inversi\u00f3n extranjera en el sector manufacturero, afirm\u00f3.<\/p>\n<p>Para apoyar la b\u00fasqueda conjunta de una cooperaci\u00f3n de alta calidad en la Franja y la Ruta,\u00a0China, seg\u00fan Xi, tambi\u00e9n tomar\u00e1 medidas para construir una red multidimensional de conectividad de la Franja y la Ruta, seguir\u00e1 promoviendo el desarrollo verde y promoviendo la innovaci\u00f3n cient\u00edfica y tecnol\u00f3gica.<\/p>\n<p>China\u00a0tambi\u00e9n apoyar\u00e1 los intercambios entre pueblos, promover\u00e1 la cooperaci\u00f3n de la Franja y la Ruta basada en la integridad y fortalecer\u00e1 la construcci\u00f3n institucional para la cooperaci\u00f3n internacional de la Franja y la Ruta, dijo Xi.<\/p>\n<p>Este a\u00f1o se cumple el d\u00e9cimo aniversario de la BRI. En junio de 2023,\u00a0China\u00a0hab\u00eda firmado m\u00e1s de 200 acuerdos de cooperaci\u00f3n BRI con m\u00e1s de 150 pa\u00edses y m\u00e1s de 30 organizaciones internacionales.<\/p>\n<p>\u201cLa cooperaci\u00f3n de la Franja y la Ruta fue propuesta por\u00a0China, pero sus beneficios y oportunidades son para que el mundo los comparta\u201d, dijo Xi en su discurso.<\/p>\n<p>Al dirigirse a la ceremonia de apertura, los l\u00edderes estatales y jefes de organizaciones internacionales elogiaron lo que se ha logrado bajo la BRI durante la \u00faltima d\u00e9cada y expresaron confianza en sus perspectivas.<\/p>\n<p>El presidente ruso Vladimir Putin dijo que la BRI se vincula muy bien con el desarrollo de proyectos de integraci\u00f3n en regiones de todo el mundo, mientras que el presidente indonesio,\u00a0Joko Widodo, expres\u00f3 la esperanza de que contin\u00faen las sinergias de desarrollo bajo la BRI.<\/p>\n<p>El secretario general de la ONU,\u00a0Antonio Guterres, dijo que la relevancia de la BRI es innegable en medio de los desaf\u00edos que enfrenta el mundo hoy.<\/p>\n<\/div>\n","protected":false},"excerpt":{"rendered":"<p>BEIJING,\u00a018 de octubre de 2023\u00a0\/PRNewswire\/ \u2014 El presidente chino, Xi Jinping, anunci\u00f3 el mi\u00e9rcoles que\u00a0China\u00a0tomar\u00e1 ocho medidas importantes para apoyar la b\u00fasqueda conjunta de una cooperaci\u00f3n de alta calidad en&hellip; <\/p>\n","protected":false},"author":2,"featured_media":5456,"comment_status":"closed","ping_status":"closed","sticky":false,"template":"","format":"standard","meta":{"fifu_image_url":"https:\/\/i0.wp.com\/elmundodelosnegocios.com.do\/v1\/wp-content\/uploads\/2023\/10\/0R2A1716-2.jpg?resize=815,458&ssl=1","fifu_image_alt":"Anuncia\u00a0Jinping ocho pasos de China para cooperaci\u00f3n alta calidad en la Franja y la Ruta","footnotes":""},"categories":[23],"tags":[],"class_list":["post-5455","post","type-post","status-publish","format-standard","has-post-thumbnail","hentry","category-comercio-internacional"],"_links":{"self":[{"href":"https:\/\/elmundodelapolitica.com\/v1\/wp-json\/wp\/v2\/posts\/5455","targetHints":{"allow":["GET"]}}],"collection":[{"href":"https:\/\/elmundodelapolitica.com\/v1\/wp-json\/wp\/v2\/posts"}],"about":[{"href":"https:\/\/elmundodelapolitica.com\/v1\/wp-json\/wp\/v2\/types\/post"}],"author":[{"embeddable":true,"href":"https:\/\/elmundodelapolitica.com\/v1\/wp-json\/wp\/v2\/users\/2"}],"replies":[{"embeddable":true,"href":"https:\/\/elmundodelapolitica.com\/v1\/wp-json\/wp\/v2\/comments?post=5455"}],"version-history":[{"count":1,"href":"https:\/\/elmundodelapolitica.com\/v1\/wp-json\/wp\/v2\/posts\/5455\/revisions"}],"predecessor-version":[{"id":5498,"href":"https:\/\/elmundodelapolitica.com\/v1\/wp-json\/wp\/v2\/posts\/5455\/revisions\/5498"}],"wp:featuredmedia":[{"embeddable":true,"href":"https:\/\/elmundodelapolitica.com\/v1\/wp-json\/wp\/v2\/media\/5456"}],"wp:attachment":[{"href":"https:\/\/elmundodelapolitica.com\/v1\/wp-json\/wp\/v2\/media?parent=5455"}],"wp:term":[{"taxonomy":"category","embeddable":true,"href":"https:\/\/elmundodelapolitica.com\/v1\/wp-json\/wp\/v2\/categories?post=5455"},{"taxonomy":"post_tag","embeddable":true,"href":"https:\/\/elmundodelapolitica.com\/v1\/wp-json\/wp\/v2\/tags?post=5455"}],"curies":[{"name":"wp","href":"https:\/\/api.w.org\/{rel}","templated":true}]}}