{"id":545,"date":"2020-06-11T16:46:18","date_gmt":"2020-06-11T20:46:18","guid":{"rendered":"http:\/\/www.elmundodelapolitica.com\/v2\/?p=21369"},"modified":"2020-06-11T16:46:18","modified_gmt":"2020-06-11T20:46:18","slug":"faride-raful-recibe-el-respaldo-del-exalcalde-david-collado","status":"publish","type":"post","link":"https:\/\/elmundodelapolitica.com\/v1\/faride-raful-recibe-el-respaldo-del-exalcalde-david-collado\/","title":{"rendered":"Recibe Faride Raful respaldo ex alcalde David Collado"},"content":{"rendered":"\n<p>SANTO DOMINGO. \u2013 En un emotivo acto pol\u00edtico, la candidata a senadora del Distrito Nacional por el Partido Revolucionario Moderno (PRM), Faride Raful, recibi\u00f3 el apoyo del ex alcalde del Distrito Nacional, David Collado, as\u00ed como de aspirantes a diputados y dirigentes de todas las circunscripciones de la capital.<\/p>\n\n\n\n<p>Faride agradeci\u00f3 el respaldo brindado por Collado, a quien le asegur\u00f3 que luchar\u00e1 desde el Senado por \u201cun pa\u00eds de m\u00e1s oportunidades, con mayor justicia social, una Capital donde sus moradores puedan tener una representaci\u00f3n digna en el Congreso Nacional\u201d.<\/p>\n\n\n\n<p>Defini\u00f3 como de alto valor el apoyo a su candidatura y revel\u00f3 que le una amistad con el exalcalde desde hace m\u00e1s de 15 a\u00f1os, la cual hab\u00eda manejado con cautela para que los avatares pol\u00edticos del pa\u00eds no la destruyan. \u201cHoy nos conviene mostrarle al partido y la naci\u00f3n que siempre hemos estado y vamos a estar juntos\u201d.<\/p>\n\n\n\n<p>David consider\u00f3 que la candidatura de Faride merece el apoyo de toda la maquinaria electoral que representa el PRM y sus aliados, quienes deben asumir el reto de conseguir el respaldo de todas las fuerzas vivas de la Ciudad Primada de Am\u00e9rica, para que el 5 de julio ella obtenga m\u00e1s del cincuenta por ciento de los votos.<\/p>\n\n\n\n<p>Durante una reuni\u00f3n pol\u00edtica en el Club Plaza Independencia, David Collado afirm\u00f3 que, desde ya, Faride Raful cuenta con el respaldo de los coordinadores de las tres circunscripciones del Distrito Nacional. \u201cY el que tenga miedo, que se compre un perro prieto\u201d, proclam\u00f3 Collado arrancando aplausos y consignas en los presentes. Y agreg\u00f3: \u201c Y si Dios est\u00e1 con Faride y con nosotros\u2026nadie podr\u00e1.\u201d<\/p>\n\n\n\n<p>En la actividad tambi\u00e9n estuvieron presentes los candidatos a diputado An\u00edbal D\u00edaz, El\u00edas Matos, V\u00edctor Ogando, Arsenio Borges y Manuel N\u00fa\u00f1ez. Igualmente asistieron los dirigentes Hugo Beras, Pablo Jim\u00e9nez y Jos\u00e9 Miguel Cabrera, entre otros.<\/p>\n\n\n\n<p>\u201cYo aspiro, como hemos hecho en estos cuatro a\u00f1os en la C\u00e1mara de Diputados, a formular leyes que nos garanticen una pensi\u00f3n digna, un acceso universal a la salud y a una sociedad sin discriminaci\u00f3n, donde no haya que tener un apellido o un documento para que nuestros derechos sean respetados\u201d, expres\u00f3 Raful.<\/p>\n\n\n\n<p>La candidata senatorial sostuvo que enfrenta con valor los ataques de todo tipo de que ha sido objeto, por sus reclamos durante cuatro a\u00f1os de mayor transparencia en el uso de fondos p\u00fablicos y afirm\u00f3 que seguir\u00e1 jugando un rol decoroso \u201csin esperar flores de parte de los adversarios.\u201d<\/p>\n\n\n\n<p>Advirti\u00f3 que no se siente atemorizada por las agresiones verbales, que por lo general provienen de las mismas fuentes y agreg\u00f3 que sus detractores \u201cse quedar\u00e1n con la boca cerrada el 5 de julio cuando ella, con la ayuda del pueblo, sea elegida senadora del Distrito Nacional.<\/p>\n","protected":false},"excerpt":{"rendered":"<p>SANTO DOMINGO. \u2013 En un emotivo acto pol\u00edtico, la candidata a senadora del Distrito Nacional por el Partido Revolucionario Moderno (PRM), Faride Raful, recibi\u00f3 el apoyo del ex alcalde del&hellip; <\/p>\n","protected":false},"author":2,"featured_media":546,"comment_status":"closed","ping_status":"open","sticky":false,"template":"","format":"standard","meta":{"fifu_image_url":"","fifu_image_alt":"","footnotes":""},"categories":[63],"tags":[],"class_list":["post-545","post","type-post","status-publish","format-standard","has-post-thumbnail","hentry","category-actualidad"],"_links":{"self":[{"href":"https:\/\/elmundodelapolitica.com\/v1\/wp-json\/wp\/v2\/posts\/545","targetHints":{"allow":["GET"]}}],"collection":[{"href":"https:\/\/elmundodelapolitica.com\/v1\/wp-json\/wp\/v2\/posts"}],"about":[{"href":"https:\/\/elmundodelapolitica.com\/v1\/wp-json\/wp\/v2\/types\/post"}],"author":[{"embeddable":true,"href":"https:\/\/elmundodelapolitica.com\/v1\/wp-json\/wp\/v2\/users\/2"}],"replies":[{"embeddable":true,"href":"https:\/\/elmundodelapolitica.com\/v1\/wp-json\/wp\/v2\/comments?post=545"}],"version-history":[{"count":0,"href":"https:\/\/elmundodelapolitica.com\/v1\/wp-json\/wp\/v2\/posts\/545\/revisions"}],"wp:featuredmedia":[{"embeddable":true,"href":"https:\/\/elmundodelapolitica.com\/v1\/wp-json\/wp\/v2\/media\/546"}],"wp:attachment":[{"href":"https:\/\/elmundodelapolitica.com\/v1\/wp-json\/wp\/v2\/media?parent=545"}],"wp:term":[{"taxonomy":"category","embeddable":true,"href":"https:\/\/elmundodelapolitica.com\/v1\/wp-json\/wp\/v2\/categories?post=545"},{"taxonomy":"post_tag","embeddable":true,"href":"https:\/\/elmundodelapolitica.com\/v1\/wp-json\/wp\/v2\/tags?post=545"}],"curies":[{"name":"wp","href":"https:\/\/api.w.org\/{rel}","templated":true}]}}