{"id":5449,"date":"2023-10-18T10:18:03","date_gmt":"2023-10-18T14:18:03","guid":{"rendered":"https:\/\/elmundodelapolitica.com\/v1\/?p=5449"},"modified":"2023-10-18T10:18:03","modified_gmt":"2023-10-18T14:18:03","slug":"republica-dominicana-acoge-celebracion-consulta-regional-de-america-latina-y-el-caribe-para-eliminar-contaminacion-por-plasticos","status":"publish","type":"post","link":"https:\/\/elmundodelapolitica.com\/v1\/republica-dominicana-acoge-celebracion-consulta-regional-de-america-latina-y-el-caribe-para-eliminar-contaminacion-por-plasticos\/","title":{"rendered":"Rep\u00fablica Dominicana acoge celebraci\u00f3n Consulta Regional de Am\u00e9rica Latina y el Caribe para eliminar contaminaci\u00f3n por pl\u00e1sticos"},"content":{"rendered":"<div>\n<p>Santo Domingo.- Rep\u00fablica Dominicana acogi\u00f3 durante los d\u00edas 16 y 17 de octubre la reuni\u00f3n de\u00a0<strong>Am\u00e9rica Latina y el Caribe,<\/strong>\u00a0en preparaci\u00f3n de la tercera sesi\u00f3n del\u00a0<strong>Comit\u00e9 Intergubernamental de Negociaci\u00f3n,<\/strong>\u00a0para desarrollar un\u00a0<strong>instrumento internacional<\/strong>\u00a0jur\u00eddicamente vinculante sobre la\u00a0<strong>contaminaci\u00f3n por pl\u00e1sticos,<\/strong>\u00a0incluido el medio marino (INC-3).\u00a0<\/p>\n<div class=\"wp-block-image\">\n<figure class=\"aligncenter size-large\"><img decoding=\"async\" src=\"https:\/\/i0.wp.com\/presidencia.gob.do\/sites\/default\/files\/styles\/large\/public\/news\/2023-10\/WhatsApp Image 2023-10-17 at 3.46.27 PM.jpeg?w=1110&amp;ssl=1\" alt=\"\" data-recalc-dims=\"1\"><\/figure>\n<\/div>\n<p>La reuni\u00f3n regional del grupo de Am\u00e9rica Latina y el Caribe (GRULAC), que se llev\u00f3 a cabo en la sede del Centro de Convenciones del\u00a0<strong>Ministerio de Relaciones Exteriores<\/strong>, tiene como objetivo apoyar a los gobiernos a preparar la posici\u00f3n regional rumbo a este ambicioso proceso de negociaci\u00f3n.\u00a0<\/p>\n<p>En representaci\u00f3n del canciller\u00a0<strong>Roberto \u00c1lvarez<\/strong>, el viceministro para las Comunidades Dominicanas en el Exterior,\u00a0<strong>Carlos de la Mota<\/strong>, expres\u00f3 que \u201c<em>debemos seguir abogando por medidas que resulten en patrones de consumo y producci\u00f3n sostenibles, defender un enfoque basado en derechos humanos, la transparencia, el acceso a la informaci\u00f3n y la colaboraci\u00f3n entre los gobiernos, la academia, las industrias y la sociedad civil\u201d.\u00a0<\/em><\/p>\n<p>Igualmente, resalt\u00f3 que, si bien apuntamos a un acuerdo robusto, el mismo debe corresponder a la realidad de pa\u00edses como los que componen el GRULAC y lograr un convenio justo que garantice una\u00a0<strong>transformaci\u00f3n paulatina y econ\u00f3micamente viable<\/strong>.\u00a0<\/p>\n<figure class=\"wp-block-image\"><img decoding=\"async\" src=\"https:\/\/i0.wp.com\/presidencia.gob.do\/sites\/default\/files\/inline-images\/WhatsApp Image 2023-10-17 at 3.46.37 PM.jpeg?w=1110&amp;ssl=1\" alt=\"\" data-recalc-dims=\"1\"><\/figure>\n<p>El viceministro de\u00a0<strong>Recursos Costeros y Marinos del Ministerio de Medio Ambiente y Recursos Naturales,<\/strong>\u00a0Jos\u00e9 Reyes, destac\u00f3 que la posici\u00f3n como Estado insular hace a pa\u00edses como Rep\u00fablica Dominicana particularmente vulnerables a los impactos derivados de la contaminaci\u00f3n por pl\u00e1sticos.\u00a0<em>\u201cPor esta raz\u00f3n, abogamos por responsabilidades comunes pero diferenciadas, as\u00ed como por la apertura al financiamiento y la transferencia tecnol\u00f3gica\u201d,\u00a0<\/em>agreg\u00f3.\u00a0<\/p>\n<p>Adem\u00e1s de ambos viceministros, el acto de apertura de este encuentro estuvo encabezado por la directora de Ciencia, Tecnolog\u00eda y Medio Ambiente del MIREX, Claudia Taboada; Jyoti Mathur-Philip, de manera virtual; la coordinadora regional para GRULAC-INC, Valentina Sierra; y Brenda Koekkoek, gerente senior de Programa, Secretar\u00eda del INC.\u00a0<\/p>\n<p>De la regi\u00f3n estuvieron presentes, delegados y delegadas de Antigua y Barbuda, Argentina, Belice, Brasil, Chile, Colombia, Costa Rica, Cuba, Dominica, Rep\u00fablica Dominicana, Ecuador, El Salvador, Guatemala, Honduras, Jamaica, M\u00e9xico, Panam\u00e1, Paraguay, Per\u00fa, Suriname, Trinidad y Tobago, Uruguay y Venezuela; en modalidad virtual, Barbados.<\/p>\n<p>Participaron tambi\u00e9n en calidad de observadores, representantes de unas 20 organizaciones de distintos sectores, quienes en los primeros puntos de agenda expresaron sus posiciones y aportes para enriquecer el proceso de discusi\u00f3n.\u00a0<\/p>\n<p><strong>Sobre las negociaciones\u00a0<\/strong><\/p>\n<p>El INC inici\u00f3 su trabajo durante el segundo semestre de 2022, con la ambici\u00f3n de completar las negociaciones para fines de 2024. La primera sesi\u00f3n del INC (INC-1) tuvo lugar en Punta del Este, Uruguay, del 28 de noviembre al 2 de diciembre 2022, seguido de una segunda sesi\u00f3n\u00a0 (INC-2), en Par\u00eds, Francia, del 29 de mayo al 2 de junio de 2023. La tercera sesi\u00f3n (INC-3) ahora est\u00e1 programada del 13 al 19 de noviembre de 2023 en la sede del PNUMA, en Nairobi, Kenia.<\/p>\n<\/div>\n","protected":false},"excerpt":{"rendered":"<p>Santo Domingo.- Rep\u00fablica Dominicana acogi\u00f3 durante los d\u00edas 16 y 17 de octubre la reuni\u00f3n de\u00a0Am\u00e9rica Latina y el Caribe,\u00a0en preparaci\u00f3n de la tercera sesi\u00f3n del\u00a0Comit\u00e9 Intergubernamental de Negociaci\u00f3n,\u00a0para desarrollar&hellip; <\/p>\n","protected":false},"author":2,"featured_media":5450,"comment_status":"closed","ping_status":"closed","sticky":false,"template":"","format":"standard","meta":{"fifu_image_url":"https:\/\/i0.wp.com\/presidencia.gob.do\/sites\/default\/files\/styles\/large\/public\/news\/2023-10\/WhatsApp%20Image%202023-10-17%20at%203.46.27%20PM.jpeg?w=1110&ssl=1","fifu_image_alt":"Rep\u00fablica Dominicana acoge celebraci\u00f3n Consulta Regional de Am\u00e9rica Latina y el Caribe para eliminar contaminaci\u00f3n por pl\u00e1sticos","footnotes":""},"categories":[63],"tags":[],"class_list":["post-5449","post","type-post","status-publish","format-standard","has-post-thumbnail","hentry","category-actualidad"],"_links":{"self":[{"href":"https:\/\/elmundodelapolitica.com\/v1\/wp-json\/wp\/v2\/posts\/5449","targetHints":{"allow":["GET"]}}],"collection":[{"href":"https:\/\/elmundodelapolitica.com\/v1\/wp-json\/wp\/v2\/posts"}],"about":[{"href":"https:\/\/elmundodelapolitica.com\/v1\/wp-json\/wp\/v2\/types\/post"}],"author":[{"embeddable":true,"href":"https:\/\/elmundodelapolitica.com\/v1\/wp-json\/wp\/v2\/users\/2"}],"replies":[{"embeddable":true,"href":"https:\/\/elmundodelapolitica.com\/v1\/wp-json\/wp\/v2\/comments?post=5449"}],"version-history":[{"count":0,"href":"https:\/\/elmundodelapolitica.com\/v1\/wp-json\/wp\/v2\/posts\/5449\/revisions"}],"wp:featuredmedia":[{"embeddable":true,"href":"https:\/\/elmundodelapolitica.com\/v1\/wp-json\/wp\/v2\/media\/5450"}],"wp:attachment":[{"href":"https:\/\/elmundodelapolitica.com\/v1\/wp-json\/wp\/v2\/media?parent=5449"}],"wp:term":[{"taxonomy":"category","embeddable":true,"href":"https:\/\/elmundodelapolitica.com\/v1\/wp-json\/wp\/v2\/categories?post=5449"},{"taxonomy":"post_tag","embeddable":true,"href":"https:\/\/elmundodelapolitica.com\/v1\/wp-json\/wp\/v2\/tags?post=5449"}],"curies":[{"name":"wp","href":"https:\/\/api.w.org\/{rel}","templated":true}]}}