{"id":5432,"date":"2023-10-17T19:18:46","date_gmt":"2023-10-17T23:18:46","guid":{"rendered":"https:\/\/elmundodelapolitica.com\/v1\/?p=5432"},"modified":"2023-10-17T19:18:46","modified_gmt":"2023-10-17T23:18:46","slug":"aumento-tension-en-mali-podria-retrasar-salida-mision-de-la-onu","status":"publish","type":"post","link":"https:\/\/elmundodelapolitica.com\/v1\/aumento-tension-en-mali-podria-retrasar-salida-mision-de-la-onu\/","title":{"rendered":"Aumento tensi\u00f3n en Mali podr\u00eda retrasar salida Misi\u00f3n de la ONU"},"content":{"rendered":"\n<p>NUEVA YORK,\u00a0October 2023\u00a0\/ PRN Africa \/ &#8212; La ONU expres\u00f3 gran preocupaci\u00f3n este s\u00e1bado por la intensificaci\u00f3n de las tensiones y la creciente presencia armada en el norte de Mali, que podr\u00edan \u201cimpedir la salida ordenada y oportuna\u201d de la Misi\u00f3n de Estabilizaci\u00f3n de las Naciones Unidas en ese pa\u00eds (MINUSMA).<\/p>\n\n\n\n<p>En un comunicado, el portavoz de la ONU destac\u00f3 que esta situaci\u00f3n tambi\u00e9n pondr\u00eda en peligro el traslado seguro del personal de las Naciones Unidas y de los bienes pertenecientes a los pa\u00edses que aportan tropas y a la Organizaci\u00f3n, adem\u00e1s de colocar en riesgo las operaciones a\u00e9reas de la Misi\u00f3n para proteger y facilitar su retirada de Mali.<\/p>\n\n\n\n<p>\u201cLa ONU reafirma su determinaci\u00f3n de completar dentro del plazo previsto la salida del pa\u00eds de la MINUSMA, es decir, el 31 de diciembre de 2023, como lo estipul\u00f3 el Consejo de Seguridad tras la petici\u00f3n de&nbsp;Mali de&nbsp;retirar la misi\u00f3n sin demora\u201d, subray\u00f3 el portavoz.<\/p>\n\n\n\n<p>Estancamiento de convoyes en Gao<\/p>\n\n\n\n<p>En este sentido, la ONU reiter\u00f3 su preocupaci\u00f3n puesto que desde el 24 de septiembre sus convoyes log\u00edsticos no han logrado salir de la localidad de Gao para recoger equipos de las Naciones Unidas y de los pa\u00edses que aportan tropas que se encuentran actualmente en Aguelhok, Tessalit y Kidal.<\/p>\n\n\n\n<p>Esto podr\u00eda tener un impacto significativo en la capacidad de la Misi\u00f3n para cumplir el cronograma establecido, apunt\u00f3.<\/p>\n\n\n\n<p>Riesgo de salida forzada<\/p>\n\n\n\n<p>Seg\u00fan el organismo mundial, el aumento de las tensiones en el norte de Mali incrementa la probabilidad de una salida forzada de la Misi\u00f3n sin que pudiera recuperar el citado equipo, lo que causar\u00eda importantes p\u00e9rdidas financieras a los pa\u00edses cooperantes e impedir\u00eda que las Naciones Unidas apoyaran a otras operaciones de mantenimiento de la paz que requirieran esos bienes.<\/p>\n\n\n\n<p>La ONU insisti\u00f3 en que \u201ctodas las partes tienen la obligaci\u00f3n de abstenerse de cualquier acci\u00f3n o declaraci\u00f3n que pudiera poner en peligro la retirada segura y oportuna de la MINUSMA\u201d.<\/p>\n\n\n\n<p>Tambi\u00e9n record\u00f3 que la Resoluci\u00f3n 2690 del Consejo de Seguridad pide al gobierno de transici\u00f3n de Mali que coopere plenamente con las Naciones Unidas para garantizar la salida ordenada y segura de la Misi\u00f3n, y le solicita que respete a cabalidad todas las disposiciones del Estatuto de Acuerdo de Fuerzas hasta la salida del \u00faltimo elemento de la MINUSMA de Mali.<\/p>\n\n\n\n<figure class=\"wp-block-image size-full\"><img loading=\"lazy\" decoding=\"async\" width=\"863\" height=\"486\" src=\"https:\/\/elmundodelapolitica.com\/v1\/wp-content\/uploads\/2023\/10\/thumbs_b_c_f93d019583a1c742229b4ef0f9110c7a.jpg\" alt=\"\" class=\"wp-image-5433\" srcset=\"https:\/\/elmundodelapolitica.com\/v1\/wp-content\/uploads\/2023\/10\/thumbs_b_c_f93d019583a1c742229b4ef0f9110c7a.jpg 863w, https:\/\/elmundodelapolitica.com\/v1\/wp-content\/uploads\/2023\/10\/thumbs_b_c_f93d019583a1c742229b4ef0f9110c7a-300x169.jpg 300w, https:\/\/elmundodelapolitica.com\/v1\/wp-content\/uploads\/2023\/10\/thumbs_b_c_f93d019583a1c742229b4ef0f9110c7a-768x433.jpg 768w\" sizes=\"auto, (max-width: 863px) 100vw, 863px\" \/><\/figure>\n","protected":false},"excerpt":{"rendered":"<p>NUEVA YORK,\u00a0October 2023\u00a0\/ PRN Africa \/ &#8212; La ONU expres\u00f3 gran preocupaci\u00f3n este s\u00e1bado por la intensificaci\u00f3n de las tensiones y la creciente presencia armada en el norte de Mali,&hellip; <\/p>\n","protected":false},"author":2,"featured_media":5433,"comment_status":"open","ping_status":"open","sticky":false,"template":"","format":"standard","meta":{"fifu_image_url":"","fifu_image_alt":"","footnotes":""},"categories":[51],"tags":[],"class_list":["post-5432","post","type-post","status-publish","format-standard","has-post-thumbnail","hentry","category-internacionales"],"_links":{"self":[{"href":"https:\/\/elmundodelapolitica.com\/v1\/wp-json\/wp\/v2\/posts\/5432","targetHints":{"allow":["GET"]}}],"collection":[{"href":"https:\/\/elmundodelapolitica.com\/v1\/wp-json\/wp\/v2\/posts"}],"about":[{"href":"https:\/\/elmundodelapolitica.com\/v1\/wp-json\/wp\/v2\/types\/post"}],"author":[{"embeddable":true,"href":"https:\/\/elmundodelapolitica.com\/v1\/wp-json\/wp\/v2\/users\/2"}],"replies":[{"embeddable":true,"href":"https:\/\/elmundodelapolitica.com\/v1\/wp-json\/wp\/v2\/comments?post=5432"}],"version-history":[{"count":1,"href":"https:\/\/elmundodelapolitica.com\/v1\/wp-json\/wp\/v2\/posts\/5432\/revisions"}],"predecessor-version":[{"id":5434,"href":"https:\/\/elmundodelapolitica.com\/v1\/wp-json\/wp\/v2\/posts\/5432\/revisions\/5434"}],"wp:featuredmedia":[{"embeddable":true,"href":"https:\/\/elmundodelapolitica.com\/v1\/wp-json\/wp\/v2\/media\/5433"}],"wp:attachment":[{"href":"https:\/\/elmundodelapolitica.com\/v1\/wp-json\/wp\/v2\/media?parent=5432"}],"wp:term":[{"taxonomy":"category","embeddable":true,"href":"https:\/\/elmundodelapolitica.com\/v1\/wp-json\/wp\/v2\/categories?post=5432"},{"taxonomy":"post_tag","embeddable":true,"href":"https:\/\/elmundodelapolitica.com\/v1\/wp-json\/wp\/v2\/tags?post=5432"}],"curies":[{"name":"wp","href":"https:\/\/api.w.org\/{rel}","templated":true}]}}