{"id":543,"date":"2020-06-25T16:16:08","date_gmt":"2020-06-25T20:16:08","guid":{"rendered":"http:\/\/www.elmundodelapolitica.com\/v2\/?p=21527"},"modified":"2020-06-25T16:16:08","modified_gmt":"2020-06-25T20:16:08","slug":"alianza-pais-estado-debe-refinanciar-deuda-de-productores-con-banco-agricola","status":"publish","type":"post","link":"https:\/\/elmundodelapolitica.com\/v1\/alianza-pais-estado-debe-refinanciar-deuda-de-productores-con-banco-agricola\/","title":{"rendered":"Alianza Pa\u00eds: Estado debe refinanciar deuda de productores con Banco Agr\u00edcola"},"content":{"rendered":"\n<p><strong>SANTO DOMINGO<\/strong>.-Candidatos congresuales de Alianza Pa\u00eds en la provincia San Juan, reafirmaron este martes su compromiso de impulsar la producci\u00f3n local en el reconocido \u00abGranero del sur\u00bb, en un acto encabezado por el candidato presidencial del partido, Guillermo Moreno.<\/p>\n\n\n\n<p>\u00abLa soluci\u00f3n de San Juan es que el Estado compre la deuda de los productores agr\u00edcolas y se la refinancie a largo plazo y sin intereses para que nueva vez puedan ser sujetos de cr\u00e9dito del Banco Agr\u00edcola\u00bb expres\u00f3 Manuel Matos, aspirante a Senador y destacado defensor del sector agropecuario.<\/p>\n\n\n\n<p>El candidato presidencial agot\u00f3 una agenda de visitas a personalidades de distintos sectores entre los que destacan el Monse\u00f1or Jos\u00e9 Grull\u00f3n Estrella, obispo de la Di\u00f3cesis de San Juan, el empresario Pablo Queliz, al productor agr\u00edcola Joaqu\u00edn Benzant, entre otras, con quienes convers\u00f3 sobre las propuestas de gobierno y compromisos legislativos de los candidatos.<\/p>\n\n\n\n<p>\u00abAlianza Pa\u00eds lleva candidaturas senatoriales en 31 de las provincias, reconocidos candidatos comprometidos a enfrentar la corrupci\u00f3n, luchadores en la defensa del medio ambiente, el derecho a la salud, la producci\u00f3n nacional, y m\u00e1s\u00bb expres\u00f3 Guillermo Moreno durante su participaci\u00f3n en varios programas locales.<\/p>\n\n\n\n<p>Al ser abordado sobre el asistencialismo llevado a cabo por candidatos de otros partidos, opin\u00f3 que el modo de operaci\u00f3n ha sido el mismo durante d\u00e9cadas, es decir, que crean el estado de necesidad para luego, venderse como s\u00faper h\u00e9roes, \u00abdando en d\u00e1divas lo que al pueblo le corresponde por derecho\u00bb e indic\u00f3 que los ciudadanos que acceden a tales d\u00e1divas lo hacen dentro de su inconsciencia, ignorancia o necesidad.<\/p>\n\n\n\n<p>\u00abCuando nuestros ciudadanos tengan las necesidades b\u00e1sicas resueltas se les acabar\u00e1 el clientelismo a los partidos tradicionales\u00bb agreg\u00f3 Guillermo Moreno al finalizar la entrevista.<\/p>\n","protected":false},"excerpt":{"rendered":"<p>SANTO DOMINGO.-Candidatos congresuales de Alianza Pa\u00eds en la provincia San Juan, reafirmaron este martes su compromiso de impulsar la producci\u00f3n local en el reconocido \u00abGranero del sur\u00bb, en un acto&hellip; <\/p>\n","protected":false},"author":2,"featured_media":544,"comment_status":"closed","ping_status":"open","sticky":false,"template":"","format":"standard","meta":{"fifu_image_url":"","fifu_image_alt":"","footnotes":""},"categories":[63],"tags":[],"class_list":["post-543","post","type-post","status-publish","format-standard","has-post-thumbnail","hentry","category-actualidad"],"_links":{"self":[{"href":"https:\/\/elmundodelapolitica.com\/v1\/wp-json\/wp\/v2\/posts\/543","targetHints":{"allow":["GET"]}}],"collection":[{"href":"https:\/\/elmundodelapolitica.com\/v1\/wp-json\/wp\/v2\/posts"}],"about":[{"href":"https:\/\/elmundodelapolitica.com\/v1\/wp-json\/wp\/v2\/types\/post"}],"author":[{"embeddable":true,"href":"https:\/\/elmundodelapolitica.com\/v1\/wp-json\/wp\/v2\/users\/2"}],"replies":[{"embeddable":true,"href":"https:\/\/elmundodelapolitica.com\/v1\/wp-json\/wp\/v2\/comments?post=543"}],"version-history":[{"count":0,"href":"https:\/\/elmundodelapolitica.com\/v1\/wp-json\/wp\/v2\/posts\/543\/revisions"}],"wp:featuredmedia":[{"embeddable":true,"href":"https:\/\/elmundodelapolitica.com\/v1\/wp-json\/wp\/v2\/media\/544"}],"wp:attachment":[{"href":"https:\/\/elmundodelapolitica.com\/v1\/wp-json\/wp\/v2\/media?parent=543"}],"wp:term":[{"taxonomy":"category","embeddable":true,"href":"https:\/\/elmundodelapolitica.com\/v1\/wp-json\/wp\/v2\/categories?post=543"},{"taxonomy":"post_tag","embeddable":true,"href":"https:\/\/elmundodelapolitica.com\/v1\/wp-json\/wp\/v2\/tags?post=543"}],"curies":[{"name":"wp","href":"https:\/\/api.w.org\/{rel}","templated":true}]}}