{"id":5429,"date":"2023-10-17T19:16:16","date_gmt":"2023-10-17T23:16:16","guid":{"rendered":"https:\/\/elmundodelapolitica.com\/v1\/?p=5429"},"modified":"2023-10-17T19:16:18","modified_gmt":"2023-10-17T23:16:18","slug":"padece-sudan-vive-una-peores-pesadillas-humanitarias-tras-seis-meses-guerra","status":"publish","type":"post","link":"https:\/\/elmundodelapolitica.com\/v1\/padece-sudan-vive-una-peores-pesadillas-humanitarias-tras-seis-meses-guerra\/","title":{"rendered":"Padece Sud\u00e1n vive una peores pesadillas humanitarias tras seis meses guerra"},"content":{"rendered":"\n<p>NUEVA YORK,\u00a0October 2023\u00a0\/ PRN Africa \/ &#8212; Al cumplirse este domingo seis meses de guerra en Sud\u00e1n, 25 millones de personas precisan ayuda humanitaria y el saldo fatal asciende a 9000 muertos y 5,6 millones desplazados, inform\u00f3 la Oficina de la ONU para la Coordinaci\u00f3n de Asuntos Humanitarios (OCHA).<\/p>\n\n\n\n<p>La conflagraci\u00f3n entre las Fuerzas Armadas Sudanesas y las Fuerzas de Apoyo R\u00e1pido estall\u00f3 en Jartum el 15 de abril pasado, extendi\u00e9ndose r\u00e1pidamente al resto del territorio sudan\u00e9s con consecuencias humanitarias desastrosas.<\/p>\n\n\n\n<p>En palabras del responsable de OCHA, \u201cla guerra ha sumido a Sud\u00e1n en una de las peores pesadillas humanitarias de la historia moderna\u201d.<\/p>\n\n\n\n<p>Martin Griffiths&nbsp;emiti\u00f3 un comunicado en el que destac\u00f3 el continuo derramamiento de sangre y la violencia, los informes de violaciones y violencia sexual constantes, y los crecientes enfrentamientos \u00e9tnicos, especialmente en&nbsp;Darfur.<\/p>\n\n\n\n<p>Los trabajadores humanitarios contin\u00faan su labor y muchos pagan con su vida<\/p>\n\n\n\n<p>Asimismo, subray\u00f3 los obst\u00e1culos que enfrentan los trabajadores de socorro para llegar a los necesitados dada la inseguridad y las restricciones. La guerra ha sido tr\u00e1gica tambi\u00e9n para ellos: al menos 45 han sido asesinados o detenidos desde mediados de abril, la mayor\u00eda de origen sudan\u00e9s.<\/p>\n\n\n\n<p>\u201cY en las zonas a las que podemos acceder, los trabajadores humanitarios sufren de falta de financiamiento, ya que este a\u00f1o s\u00f3lo se ha recibido el 33% de los 2600 millones de d\u00f3lares requeridos para ayudar a la poblaci\u00f3n necesitada en Sud\u00e1n\u201d, explic\u00f3 Griffiths.<\/p>\n\n\n\n<figure class=\"wp-block-image size-large\"><img loading=\"lazy\" decoding=\"async\" width=\"1024\" height=\"747\" src=\"https:\/\/elmundodelapolitica.com\/v1\/wp-content\/uploads\/2023\/10\/c3da730802abfe40b7ef441b4e84da20af5a68a1-1024x747.jpg\" alt=\"\" class=\"wp-image-5430\" srcset=\"https:\/\/elmundodelapolitica.com\/v1\/wp-content\/uploads\/2023\/10\/c3da730802abfe40b7ef441b4e84da20af5a68a1-1024x747.jpg 1024w, https:\/\/elmundodelapolitica.com\/v1\/wp-content\/uploads\/2023\/10\/c3da730802abfe40b7ef441b4e84da20af5a68a1-300x219.jpg 300w, https:\/\/elmundodelapolitica.com\/v1\/wp-content\/uploads\/2023\/10\/c3da730802abfe40b7ef441b4e84da20af5a68a1-768x560.jpg 768w, https:\/\/elmundodelapolitica.com\/v1\/wp-content\/uploads\/2023\/10\/c3da730802abfe40b7ef441b4e84da20af5a68a1.jpg 1200w\" sizes=\"auto, (max-width: 1024px) 100vw, 1024px\" \/><figcaption class=\"wp-element-caption\">Khartoum (Sudan), 23\/04\/2023.- A handout photo made available by the Indonesian Embassy KBRI Khartoum shows a battle-damaged street in Khartoum, Sudan, 23 April 2023 (issued 24 April 2023). The Indonesian government started the process of evacuating Indonesian citizens from Sudan. The evacuation process is being coordinated with the government of neighboring Sudan. (Jartum) EFE\/EPA\/Indonesian Embassy KBRI Khartoum \/ HANDOUT HANDOUT EDITORIAL USE ONLY\/NO SALES<\/figcaption><\/figure>\n","protected":false},"excerpt":{"rendered":"<p>NUEVA YORK,\u00a0October 2023\u00a0\/ PRN Africa \/ &#8212; Al cumplirse este domingo seis meses de guerra en Sud\u00e1n, 25 millones de personas precisan ayuda humanitaria y el saldo fatal asciende a&hellip; <\/p>\n","protected":false},"author":2,"featured_media":5430,"comment_status":"open","ping_status":"open","sticky":false,"template":"","format":"standard","meta":{"fifu_image_url":"","fifu_image_alt":"","footnotes":""},"categories":[16],"tags":[],"class_list":["post-5429","post","type-post","status-publish","format-standard","has-post-thumbnail","hentry","category-seguridad"],"_links":{"self":[{"href":"https:\/\/elmundodelapolitica.com\/v1\/wp-json\/wp\/v2\/posts\/5429","targetHints":{"allow":["GET"]}}],"collection":[{"href":"https:\/\/elmundodelapolitica.com\/v1\/wp-json\/wp\/v2\/posts"}],"about":[{"href":"https:\/\/elmundodelapolitica.com\/v1\/wp-json\/wp\/v2\/types\/post"}],"author":[{"embeddable":true,"href":"https:\/\/elmundodelapolitica.com\/v1\/wp-json\/wp\/v2\/users\/2"}],"replies":[{"embeddable":true,"href":"https:\/\/elmundodelapolitica.com\/v1\/wp-json\/wp\/v2\/comments?post=5429"}],"version-history":[{"count":1,"href":"https:\/\/elmundodelapolitica.com\/v1\/wp-json\/wp\/v2\/posts\/5429\/revisions"}],"predecessor-version":[{"id":5431,"href":"https:\/\/elmundodelapolitica.com\/v1\/wp-json\/wp\/v2\/posts\/5429\/revisions\/5431"}],"wp:featuredmedia":[{"embeddable":true,"href":"https:\/\/elmundodelapolitica.com\/v1\/wp-json\/wp\/v2\/media\/5430"}],"wp:attachment":[{"href":"https:\/\/elmundodelapolitica.com\/v1\/wp-json\/wp\/v2\/media?parent=5429"}],"wp:term":[{"taxonomy":"category","embeddable":true,"href":"https:\/\/elmundodelapolitica.com\/v1\/wp-json\/wp\/v2\/categories?post=5429"},{"taxonomy":"post_tag","embeddable":true,"href":"https:\/\/elmundodelapolitica.com\/v1\/wp-json\/wp\/v2\/tags?post=5429"}],"curies":[{"name":"wp","href":"https:\/\/api.w.org\/{rel}","templated":true}]}}