{"id":5421,"date":"2023-10-17T17:07:38","date_gmt":"2023-10-17T21:07:38","guid":{"rendered":"https:\/\/elmundodelapolitica.com\/v1\/?p=5421"},"modified":"2023-10-17T17:07:38","modified_gmt":"2023-10-17T21:07:38","slug":"prodominicana-firma-acuerdo-con-proindustria-para-agilizar-tramites-a-inversionistas","status":"publish","type":"post","link":"https:\/\/elmundodelapolitica.com\/v1\/prodominicana-firma-acuerdo-con-proindustria-para-agilizar-tramites-a-inversionistas\/","title":{"rendered":"ProDominicana firma acuerdo con ProIndustria para agilizar tr\u00e1mites a inversionistas"},"content":{"rendered":"<div>\n<p><strong>A trav\u00e9s de la Ventanilla \u00danica de Inversi\u00f3n ambas instituciones buscan incrementar operaciones en el sector industrial<\/strong><\/p>\n<p>Santo Domingo. Con el objetivo de promover la competitividad y productividad de Rep\u00fablica Dominicana, el Centro de Exportaci\u00f3n e Inversi\u00f3n de la Rep\u00fablica Dominicana (ProDominicana) y el Centro de Desarrollo y Competitividad Industrial (PROINDUSTRIA) firmaron un acuerdo de colaboraci\u00f3n para agilizar tr\u00e1mites y a trav\u00e9s de la Ventanilla \u00danica de Inversi\u00f3n de la Rep\u00fablica Dominicana (VUIRD).<\/p>\n<figure class=\"wp-block-image size-large\"><img loading=\"lazy\" data-attachment-id=\"33288\" data-permalink=\"https:\/\/elmundodelosnegocios.com.do\/v1\/index.php\/2023\/10\/17\/prodominicana-firma-acuerdo-con-proindustria-para-agilizar-tramites-a-inversionistas\/ulises-rodriguez-director-general-proindustria-biviana-riveiro-disla-directora-ejecutiva-de-prodominicana\/\" data-orig-file=\"https:\/\/i0.wp.com\/elmundodelosnegocios.com.do\/v1\/wp-content\/uploads\/2023\/10\/Ulises-Rodriguez-director-general-Proindustria-Biviana-Riveiro-Disla-directora-ejecutiva-de-ProDominicana.jpg?fit=1600%2C1066&amp;ssl=1\" data-orig-size=\"1600,1066\" data-comments-opened=\"0\" data-image-meta='{\"aperture\":\"0\",\"credit\":\"\",\"camera\":\"\",\"caption\":\"\",\"created_timestamp\":\"0\",\"copyright\":\"\",\"focal_length\":\"0\",\"iso\":\"0\",\"shutter_speed\":\"0\",\"title\":\"\",\"orientation\":\"0\"}' data-image-title=\"Ulises-Rodriguez-director-general-Proindustria-Biviana-Riveiro-Disla-directora-ejecutiva-de-ProDominicana\" data-image-description=\"\" data-image-caption=\"\" data-medium-file=\"https:\/\/i0.wp.com\/elmundodelosnegocios.com.do\/v1\/wp-content\/uploads\/2023\/10\/Ulises-Rodriguez-director-general-Proindustria-Biviana-Riveiro-Disla-directora-ejecutiva-de-ProDominicana.jpg?fit=300%2C200&amp;ssl=1\" data-large-file=\"https:\/\/i0.wp.com\/elmundodelosnegocios.com.do\/v1\/wp-content\/uploads\/2023\/10\/Ulises-Rodriguez-director-general-Proindustria-Biviana-Riveiro-Disla-directora-ejecutiva-de-ProDominicana.jpg?fit=1024%2C682&amp;ssl=1\" decoding=\"async\" width=\"1024\" height=\"682\" src=\"https:\/\/i0.wp.com\/elmundodelosnegocios.com.do\/v1\/wp-content\/uploads\/2023\/10\/Ulises-Rodriguez-director-general-Proindustria-Biviana-Riveiro-Disla-directora-ejecutiva-de-ProDominicana-1024x682.jpg?resize=1024,682&amp;ssl=1\" alt=\"\" class=\"wp-image-33288\" srcset=\"https:\/\/i0.wp.com\/elmundodelosnegocios.com.do\/v1\/wp-content\/uploads\/2023\/10\/Ulises-Rodriguez-director-general-Proindustria-Biviana-Riveiro-Disla-directora-ejecutiva-de-ProDominicana.jpg?resize=1024%2C682&amp;ssl=1 1024w, https:\/\/i0.wp.com\/elmundodelosnegocios.com.do\/v1\/wp-content\/uploads\/2023\/10\/Ulises-Rodriguez-director-general-Proindustria-Biviana-Riveiro-Disla-directora-ejecutiva-de-ProDominicana.jpg?resize=300%2C200&amp;ssl=1 300w, https:\/\/i0.wp.com\/elmundodelosnegocios.com.do\/v1\/wp-content\/uploads\/2023\/10\/Ulises-Rodriguez-director-general-Proindustria-Biviana-Riveiro-Disla-directora-ejecutiva-de-ProDominicana.jpg?resize=768%2C512&amp;ssl=1 768w, https:\/\/i0.wp.com\/elmundodelosnegocios.com.do\/v1\/wp-content\/uploads\/2023\/10\/Ulises-Rodriguez-director-general-Proindustria-Biviana-Riveiro-Disla-directora-ejecutiva-de-ProDominicana.jpg?resize=1536%2C1023&amp;ssl=1 1536w, https:\/\/i0.wp.com\/elmundodelosnegocios.com.do\/v1\/wp-content\/uploads\/2023\/10\/Ulises-Rodriguez-director-general-Proindustria-Biviana-Riveiro-Disla-directora-ejecutiva-de-ProDominicana.jpg?w=1600&amp;ssl=1 1600w\" sizes=\"auto, (max-width: 1024px) 100vw, 1024px\" data-recalc-dims=\"1\"><figcaption class=\"wp-element-caption\">Ulises Rodr\u00edguez, director general Proindustria, Biviana Riveiro Disla, directora ejecutiva de ProDominicana<\/figcaption><\/figure>\n<p>En ese sentido, la directora ejecutiva de ProDominicana, Biviana Riveiro Disla, indic\u00f3 que este acuerdo se realiz\u00f3 con el prop\u00f3sito de agilizar procesos y tr\u00e1mites de transparencia para los inversionistas que desean establecer industrias en el pa\u00eds, y de esta forma favorecer a su desarrollo, competitividad y rentabilidad de este importante sector para la econom\u00eda dominicana.<\/p>\n<div class=\"wp-block-image\">\n<figure class=\"aligncenter size-large\"><img data-attachment-id=\"33289\" data-permalink=\"https:\/\/elmundodelosnegocios.com.do\/v1\/index.php\/2023\/10\/17\/prodominicana-firma-acuerdo-con-proindustria-para-agilizar-tramites-a-inversionistas\/participantes\/\" data-orig-file=\"https:\/\/i0.wp.com\/elmundodelosnegocios.com.do\/v1\/wp-content\/uploads\/2023\/10\/Participantes.jpg?fit=1600%2C1066&amp;ssl=1\" data-orig-size=\"1600,1066\" data-comments-opened=\"0\" data-image-meta='{\"aperture\":\"0\",\"credit\":\"\",\"camera\":\"\",\"caption\":\"\",\"created_timestamp\":\"0\",\"copyright\":\"\",\"focal_length\":\"0\",\"iso\":\"0\",\"shutter_speed\":\"0\",\"title\":\"\",\"orientation\":\"0\"}' data-image-title=\"Participantes\" data-image-description=\"\" data-image-caption=\"\" data-medium-file=\"https:\/\/i0.wp.com\/elmundodelosnegocios.com.do\/v1\/wp-content\/uploads\/2023\/10\/Participantes.jpg?fit=300%2C200&amp;ssl=1\" data-large-file=\"https:\/\/i0.wp.com\/elmundodelosnegocios.com.do\/v1\/wp-content\/uploads\/2023\/10\/Participantes.jpg?fit=1024%2C682&amp;ssl=1\" decoding=\"async\" loading=\"lazy\" width=\"1024\" height=\"682\" src=\"https:\/\/i0.wp.com\/elmundodelosnegocios.com.do\/v1\/wp-content\/uploads\/2023\/10\/Participantes-1024x682.jpg?resize=1024,682&amp;ssl=1\" alt=\"\" class=\"wp-image-33289\" srcset=\"https:\/\/i0.wp.com\/elmundodelosnegocios.com.do\/v1\/wp-content\/uploads\/2023\/10\/Participantes.jpg?resize=1024%2C682&amp;ssl=1 1024w, https:\/\/i0.wp.com\/elmundodelosnegocios.com.do\/v1\/wp-content\/uploads\/2023\/10\/Participantes.jpg?resize=300%2C200&amp;ssl=1 300w, https:\/\/i0.wp.com\/elmundodelosnegocios.com.do\/v1\/wp-content\/uploads\/2023\/10\/Participantes.jpg?resize=768%2C512&amp;ssl=1 768w, https:\/\/i0.wp.com\/elmundodelosnegocios.com.do\/v1\/wp-content\/uploads\/2023\/10\/Participantes.jpg?resize=1536%2C1023&amp;ssl=1 1536w, https:\/\/i0.wp.com\/elmundodelosnegocios.com.do\/v1\/wp-content\/uploads\/2023\/10\/Participantes.jpg?w=1600&amp;ssl=1 1600w\" sizes=\"auto, (max-width: 1024px) 100vw, 1024px\" data-recalc-dims=\"1\"><\/figure>\n<\/div>\n<p>Cabe destacar que durante el per\u00edodo enero-junio 2023, la inversi\u00f3n extranjera directa alcanz\u00f3 un total de US$2,153.0 millones para un crecimiento interanual de 5.3% equivalente a un incremento absoluto de US$109.2 millones adicionales. Este valor se posiciona como el mayor flujo de IED del primer semestre en la \u00faltima d\u00e9cada 2014-2023.<\/p>\n<p>\u201cEstamos seguros de que esta alianza apoyar\u00e1 los procesos productivos y de comercializaci\u00f3n de las industrias dominicanas por la gran cantidad de empleos que generan en el pa\u00eds y adem\u00e1s su flexibilidad de adaptaci\u00f3n a las nuevas tecnolog\u00edas, es por esto por lo que el gobierno del presidente de la Rep\u00fablica Luis Abinader ha trabajado a favor de este importante sector\u201d, indic\u00f3.<\/p>\n<p>En ese orden, el director general de Proindustria, Jos\u00e9 Ulises Rodr\u00edguez Guzm\u00e1n, explic\u00f3 que ambas partes acordaron dar prioridad a las solicitudes de licencias, permisos y\/o certificaciones que realicen los inversionistas a Proindustria, a trav\u00e9s de la VUI.<\/p>\n<p>Rodr\u00edguez resalt\u00f3 el compromiso de garantizar los mecanismos de distribuci\u00f3n y log\u00edstica de los productos a nivel nacional y en mercados internacionales, entendiendo que las industrias del pa\u00eds representan una de las columnas principales en la econom\u00eda dominicana.<\/p>\n<p>Asimismo, Riveiro destac\u00f3 que este acuerdo implica la movilizaci\u00f3n de recursos y voluntades para el aprovechamiento de las nuevas oportunidades de desarrollo del pa\u00eds con el apoyo complementario de plataformas que articulen herramientas como; Data Market, SAIM, RAMI, entre otras.<\/p>\n<\/div>\n","protected":false},"excerpt":{"rendered":"<p>A trav\u00e9s de la Ventanilla \u00danica de Inversi\u00f3n ambas instituciones buscan incrementar operaciones en el sector industrial Santo Domingo. Con el objetivo de promover la competitividad y productividad de Rep\u00fablica&hellip; <\/p>\n","protected":false},"author":2,"featured_media":5422,"comment_status":"closed","ping_status":"closed","sticky":false,"template":"","format":"standard","meta":{"fifu_image_url":"https:\/\/i0.wp.com\/elmundodelosnegocios.com.do\/v1\/wp-content\/uploads\/2023\/10\/Ulises-Rodriguez-director-general-Proindustria-Biviana-Riveiro-Disla-directora-ejecutiva-de-ProDominicana-1024x682.jpg?resize=1024,682&ssl=1","fifu_image_alt":"ProDominicana firma acuerdo con ProIndustria para agilizar tr\u00e1mites a inversionistas","footnotes":""},"categories":[63],"tags":[],"class_list":["post-5421","post","type-post","status-publish","format-standard","has-post-thumbnail","hentry","category-actualidad"],"_links":{"self":[{"href":"https:\/\/elmundodelapolitica.com\/v1\/wp-json\/wp\/v2\/posts\/5421","targetHints":{"allow":["GET"]}}],"collection":[{"href":"https:\/\/elmundodelapolitica.com\/v1\/wp-json\/wp\/v2\/posts"}],"about":[{"href":"https:\/\/elmundodelapolitica.com\/v1\/wp-json\/wp\/v2\/types\/post"}],"author":[{"embeddable":true,"href":"https:\/\/elmundodelapolitica.com\/v1\/wp-json\/wp\/v2\/users\/2"}],"replies":[{"embeddable":true,"href":"https:\/\/elmundodelapolitica.com\/v1\/wp-json\/wp\/v2\/comments?post=5421"}],"version-history":[{"count":0,"href":"https:\/\/elmundodelapolitica.com\/v1\/wp-json\/wp\/v2\/posts\/5421\/revisions"}],"wp:featuredmedia":[{"embeddable":true,"href":"https:\/\/elmundodelapolitica.com\/v1\/wp-json\/wp\/v2\/media\/5422"}],"wp:attachment":[{"href":"https:\/\/elmundodelapolitica.com\/v1\/wp-json\/wp\/v2\/media?parent=5421"}],"wp:term":[{"taxonomy":"category","embeddable":true,"href":"https:\/\/elmundodelapolitica.com\/v1\/wp-json\/wp\/v2\/categories?post=5421"},{"taxonomy":"post_tag","embeddable":true,"href":"https:\/\/elmundodelapolitica.com\/v1\/wp-json\/wp\/v2\/tags?post=5421"}],"curies":[{"name":"wp","href":"https:\/\/api.w.org\/{rel}","templated":true}]}}