{"id":541,"date":"2020-06-25T16:22:12","date_gmt":"2020-06-25T20:22:12","guid":{"rendered":"http:\/\/www.elmundodelapolitica.com\/v2\/?p=21531"},"modified":"2020-06-25T16:22:12","modified_gmt":"2020-06-25T20:22:12","slug":"leonel-apuesta-a-experiencia-para-convertir-pandemia-en-oportunidad","status":"publish","type":"post","link":"https:\/\/elmundodelapolitica.com\/v1\/leonel-apuesta-a-experiencia-para-convertir-pandemia-en-oportunidad\/","title":{"rendered":"Leonel apuesta a experiencia para convertir pandemia en oportunidad"},"content":{"rendered":"\n<p><strong>SANTO DOMINGO.-<\/strong>Aunque el panorama futuro luce incierto para el pa\u00eds, el expresidente Leonel Fern\u00e1ndez ve en \u00e9l la oportunidad perfecta para lograr acaparar la inversi\u00f3n extranjera \u201cEstados Unidos no puede darse el lujo de seguir con su industria farmac\u00e9utica en China y ah\u00ed entramos nosotros\u201d, se\u00f1al\u00f3.<\/p>\n\n\n\n<p>El candidato de la Fuerza del Pueblo y otros cinco partidos pol\u00edticos apuesta a su trayectoria de Estado y manejo de la econom\u00eda global para estimar que, unas cinco mil empresas del \u00e1rea farmac\u00e9utica podr\u00edan venir al pa\u00eds.<\/p>\n\n\n\n<div class=\"wp-block-image\"><figure class=\"alignleft\"><img decoding=\"async\" src=\"https:\/\/eldia.com.do\/wp-content\/uploads\/2020\/06\/siluetadfghhghp01-233x300.jpg\" alt=\"\" class=\"wp-image-1066753\"\/><figcaption>Leonel Fern\u00e1ndez<br>candidato de Fuerza del Pueblo<\/figcaption><\/figure><\/div>\n\n\n\n<p>El tres veces presidente de La Rep\u00fablica propone adem\u00e1s aplicar pol\u00edticas de expansi\u00f3n del gasto p\u00fablico, impulsar las Mipymes y colocar a la producci\u00f3n nacional en capacidad de competir en los mercados internacionales haciendo de la innovaci\u00f3n un nuevo paradigma.<\/p>\n\n\n\n<p>Seguridad social<br>Al hablar sobre la seguridad social, Fern\u00e1ndez aprovech\u00f3 para resaltar que las deficiencias del sector salud en el pa\u00eds son previos a la pandemia. Deplor\u00f3 que aunque el sistema ya cuenta con ocho millones de afiliados el nivel contributivo no cubre enfermedades catastr\u00f3ficas.<\/p>\n\n\n\n<p>Cuestion\u00f3 la decisi\u00f3n del Gobierno de emitir bonos por 40, 000 millones de pesos de los fondos de pensiones y sugiri\u00f3 que deben ser reorientados a los trabajadores.<\/p>\n\n\n\n<p>Fern\u00e1ndez prometi\u00f3 adem\u00e1s una serie de transformaciones en la Polic\u00eda Nacional y la creaci\u00f3n de un Consejo Nacional de la Seguridad Ciudadana que gestione tambi\u00e9n la actividad de una polic\u00eda municipal y otra comunitaria.<\/p>\n\n\n\n<p>Pol\u00edtica fiscal<br>Leonel dijo que es innegable el progreso que ha experimentado el pa\u00eds en los \u00faltimos 20 a\u00f1os y que el problema ha sido que el crecimiento no ha sido equitativo.<\/p>\n\n\n\n<p>Asegur\u00f3 que parte de la causa es la disminuci\u00f3n de los ingresos aduaneros tras el pa\u00eds firmar los tratados de de libre comercio lo que redujo a un 14% los ingresos tributarios.<\/p>\n\n\n\n<p>Con ese 14% del PIB en t\u00e9rminos de ingreso tributario estamos por debajo de la media latinoamericana, la meta es regresar al 20% para poder atender las pol\u00edticas sociales\u201d.<br>A pesar de lo anterior, entiende que en este momento no es oportuno plantearse una reforma fiscal y que lo que procede es una recuperaci\u00f3n econ\u00f3mica de car\u00e1cter global.<\/p>\n\n\n\n<p>Decisiones firmes<br>Al pasar balance a los tres periodos de gobierno que ha tenido, Leonel considera que uno de sus defectos fue haber sido excesivamente prudente.<\/p>\n\n\n\n<p>\u201cHe sido m\u00e1s prudente de la cuenta en algunos casos, no tengo naturaleza conflictiva pero ha llegado el momento en que hay cosas que decir\u201d, asever\u00f3.<\/p>\n\n\n\n<p>Agreg\u00f3 que muchas veces por tratar de mantener la unidad no se tomaron las mejores decisiones.<\/p>\n\n\n\n<p>Est\u00e1 consciente de que cada gobierno tiene aciertos y desaciertos pero que al final lo que debe imperar es si el pa\u00eds est\u00e1 mejor o peor que antes de iniciado el mandato.<\/p>\n\n\n\n<p>Otras propuestas<\/p>\n\n\n\n<p>\u20141\u2014 Exportaci\u00f3n<br>Impulsar la agroindustria con fines de exportaci\u00f3n.<br>\u20142\u2014 Instituciones<br>Mantener la estabilidad pol\u00edtica democr\u00e1tica y e fortalecer la independencia institucional.<br>\u20143\u2014 Bienestar<br>Crear las condiciones para un Estado de bienestar social con mejores viviendas, empleos, agua potable, etc.<\/p>\n\n\n\n<p>Tren que conecte el sur con el norte<br>Visi\u00f3n. Fern\u00e1ndez es conocido por inmiscuirse en proyectos de infraestructura que aunque hoy y tras su creaci\u00f3n lucen imprescindibles en su momento fueron rechazados.<br>El m\u00e1s notorio de ellos es el Metro de Santo Domingo.<\/p>\n\n\n\n<p>En un nuevo per\u00edodo de gobierno, Leonel se propone crear un tren de carga y de pasajeros que conecte el Atl\u00e1ntico con el Caribe y que tenga vocaci\u00f3n de ser extendido al este del pa\u00eds.<\/p>\n\n\n\n<p>Con dicha obra, permitir\u00eda la activaci\u00f3n de los puertos sure\u00f1os.<br>Simult\u00e1neamente procura la implementaci\u00f3n de medidas encaminadas al desarrollo medio ambiental y la protecci\u00f3n de los recursos.<\/p>\n","protected":false},"excerpt":{"rendered":"<p>SANTO DOMINGO.-Aunque el panorama futuro luce incierto para el pa\u00eds, el expresidente Leonel Fern\u00e1ndez ve en \u00e9l la oportunidad perfecta para lograr acaparar la inversi\u00f3n extranjera \u201cEstados Unidos no puede&hellip; <\/p>\n","protected":false},"author":2,"featured_media":542,"comment_status":"closed","ping_status":"open","sticky":false,"template":"","format":"standard","meta":{"fifu_image_url":"","fifu_image_alt":"","footnotes":""},"categories":[63],"tags":[],"class_list":["post-541","post","type-post","status-publish","format-standard","has-post-thumbnail","hentry","category-actualidad"],"_links":{"self":[{"href":"https:\/\/elmundodelapolitica.com\/v1\/wp-json\/wp\/v2\/posts\/541","targetHints":{"allow":["GET"]}}],"collection":[{"href":"https:\/\/elmundodelapolitica.com\/v1\/wp-json\/wp\/v2\/posts"}],"about":[{"href":"https:\/\/elmundodelapolitica.com\/v1\/wp-json\/wp\/v2\/types\/post"}],"author":[{"embeddable":true,"href":"https:\/\/elmundodelapolitica.com\/v1\/wp-json\/wp\/v2\/users\/2"}],"replies":[{"embeddable":true,"href":"https:\/\/elmundodelapolitica.com\/v1\/wp-json\/wp\/v2\/comments?post=541"}],"version-history":[{"count":0,"href":"https:\/\/elmundodelapolitica.com\/v1\/wp-json\/wp\/v2\/posts\/541\/revisions"}],"wp:featuredmedia":[{"embeddable":true,"href":"https:\/\/elmundodelapolitica.com\/v1\/wp-json\/wp\/v2\/media\/542"}],"wp:attachment":[{"href":"https:\/\/elmundodelapolitica.com\/v1\/wp-json\/wp\/v2\/media?parent=541"}],"wp:term":[{"taxonomy":"category","embeddable":true,"href":"https:\/\/elmundodelapolitica.com\/v1\/wp-json\/wp\/v2\/categories?post=541"},{"taxonomy":"post_tag","embeddable":true,"href":"https:\/\/elmundodelapolitica.com\/v1\/wp-json\/wp\/v2\/tags?post=541"}],"curies":[{"name":"wp","href":"https:\/\/api.w.org\/{rel}","templated":true}]}}