{"id":5395,"date":"2023-10-17T01:05:20","date_gmt":"2023-10-17T05:05:20","guid":{"rendered":"https:\/\/elmundodelapolitica.com\/v1\/?p=5395"},"modified":"2023-10-17T01:05:20","modified_gmt":"2023-10-17T05:05:20","slug":"los-presidentes-de-senegal-y-mauritania-respaldan-la-candidatura-de-arabia-saudi-para-ser-sede-de-la-expo-2030","status":"publish","type":"post","link":"https:\/\/elmundodelapolitica.com\/v1\/los-presidentes-de-senegal-y-mauritania-respaldan-la-candidatura-de-arabia-saudi-para-ser-sede-de-la-expo-2030\/","title":{"rendered":"Los presidentes de Senegal y Mauritania respaldan la candidatura de Arabia Saud\u00ed para ser sede de la Expo 2030"},"content":{"rendered":"<p>RIYADH, Arabia Saud\u00ed&#8211;(BUSINESS WIRE)&#8211;En una muestra de profundizaci\u00f3n de los lazos diplom\u00e1ticos y de objetivos compartidos, los l\u00edderes de Senegal y Mauritania han prometido oficialmente su apoyo a las candidaturas de Arabia Saud\u00ed para ser sede de la Expo 2030 y de la Copa Mundial de la FIFA 2034.<br \/>\nS.E. el Presidente Macky Sall de Senegal dio una calurosa bienvenida a S.E. Ahmed Al Khateeb, ministro saud\u00ed de Turismo y Enviado Especial del Custodio de las Dos Mezquitas Sagradas, el Rey Salman bin Abdulaziz Al Saud.<br \/>\nDurante sus conversaciones, se centraron en la mejora de los lazos bilaterales y en el compromiso de Senegal con las aspiraciones globales de Arabia Saud\u00ed. S. E. Ahmed Al Khateeb expres\u00f3 su gratitud y subray\u00f3 la importancia de su apoyo, simbolizado tambi\u00e9n por su condecoraci\u00f3n con la Orden Nacional del Le\u00f3n de Senegal.<br \/>\nS.E. Mohamed Ould Ghazouani, Presidente de la Rep\u00fablica Isl\u00e1mica de Mauritania, recibi\u00f3 a S.E. Ahmed Al Khateeb y a su delegaci\u00f3n en el Palacio Presidencial de Nuakchot.<br \/>\nLa reuni\u00f3n, a la que asistieron dignatarios de ambos pa\u00edses, puso de relieve el respaldo de Mauritania a las iniciativas del Reino y el deseo mutuo de reforzar las relaciones.<br \/>\nEstos reconocimientos demuestran la creciente confianza internacional en la visi\u00f3n de Arabia Saud\u00ed y en su capacidad para organizar acontecimientos de magnitud mundial. El Reino mantiene su compromiso de establecer relaciones s\u00f3lidas, fomentar el crecimiento mutuo, el entendimiento y los objetivos compartidos en la escena mundial.<br \/>\nAcerca del Ministerio de Turismo saud\u00ed (MT)<br \/>\nFundada en 2000, MT se dedica a promover el crecimiento a largo plazo de la industria tur\u00edstica del Reino. Su principal ambici\u00f3n es hacer realidad la visi\u00f3n del Reino para el turismo mediante la creaci\u00f3n de oportunidades y plataformas que enriquezcan la experiencia tur\u00edstica y promuevan el desarrollo del capital humano nacional. En estrecha colaboraci\u00f3n con las administraciones p\u00fablicas, las partes interesadas de la industria y los sectores en el \u00e1mbito p\u00fablico y privado, el ministerio de Turismo se esfuerza por impulsar el crecimiento sostenible del turismo mediante pol\u00edticas con visi\u00f3n de futuro, inversiones espec\u00edficas e iniciativas de desarrollo del talento. La estrategia del ministerio est\u00e1 profundamente arraigada en la autenticidad \u00e1rabe, impulsada por datos y sistemas de entrega integrados. La misi\u00f3n principal del ministerio es abrir las puertas de Arabia Saud\u00ed al mundo, convirti\u00e9ndola en un centro en el que cada d\u00eda nacen historias tur\u00edsticas inolvidables.<br \/>\nFuente: AETOSWire<br \/>\nEl comunicado en el idioma original es la versi\u00f3n oficial y autorizada del mismo. Esta traducci\u00f3n es solamente un medio de ayuda y deber\u00e1 ser comparada con el texto en idioma original, que es la \u00fanica versi\u00f3n del texto que tendr\u00e1 validez legal. Contacts<br \/>\nAzam Obeid<br \/>\nMedios y Comunicaci\u00f3n<br \/>\nObeidA@mt.gov.sa<\/p>\n","protected":false},"excerpt":{"rendered":"<div>\n<p>RIYADH, Arabia Saud\u00ed&#8211;(BUSINESS WIRE)&#8211;En una muestra de profundizaci\u00f3n de los lazos diplom\u00e1ticos y de objetivos compartidos, los l\u00edderes de Senegal y Mauritania han prometido oficialmente su apoyo a las candidaturas de Arabia Saud\u00ed para ser sede de la Expo 2030 y de la Copa Mundial de la FIFA 2034.<\/p>\n<p><a href=\"https:\/\/mms.businesswire.com\/media\/20231016753867\/es\/1915965\/5\/Saudi_Pavilion_at_Expo_2020_Dubai_%28Photo_AETOSWire%29.jpg\"><img decoding=\"async\" src=\"https:\/\/mms.businesswire.com\/media\/20231016704769\/en\/1915965\/21\/Saudi_Pavilion_at_Expo_2020_Dubai_%28Photo_AETOSWire%29.jpg\"><\/a><br \/><a href=\"https:\/\/mms.businesswire.com\/media\/20231016753867\/es\/1915965\/5\/Saudi_Pavilion_at_Expo_2020_Dubai_%28Photo_AETOSWire%29.jpg\"><img decoding=\"async\" src=\"https:\/\/mms.businesswire.com\/media\/20231016753867\/es\/1915965\/22\/Saudi_Pavilion_at_Expo_2020_Dubai_%28Photo_AETOSWire%29.jpg\"><\/a><br \/><a href=\"https:\/\/mms.businesswire.com\/media\/20231016753867\/es\/1915964\/5\/Ministry_of_Tourism_-_logo.jpg\"><img decoding=\"async\" src=\"https:\/\/mms.businesswire.com\/media\/20231016704769\/en\/1915964\/21\/Ministry_of_Tourism_-_logo.jpg\"><\/a><br \/><a href=\"https:\/\/mms.businesswire.com\/media\/20231016753867\/es\/1915964\/5\/Ministry_of_Tourism_-_logo.jpg\"><img decoding=\"async\" src=\"https:\/\/mms.businesswire.com\/media\/20231016753867\/es\/1915964\/22\/Ministry_of_Tourism_-_logo.jpg\"><\/a><\/p>\n<p>\nS.E. el Presidente Macky Sall de Senegal dio una calurosa bienvenida a S.E. Ahmed Al Khateeb, ministro saud\u00ed de Turismo y Enviado Especial del Custodio de las Dos Mezquitas Sagradas, el Rey Salman bin Abdulaziz Al Saud.<\/p>\n<p>\nDurante sus conversaciones, se centraron en la mejora de los lazos bilaterales y en el compromiso de Senegal con las aspiraciones globales de Arabia Saud\u00ed. S. E. Ahmed Al Khateeb expres\u00f3 su gratitud y subray\u00f3 la importancia de su apoyo, simbolizado tambi\u00e9n por su condecoraci\u00f3n con la Orden Nacional del Le\u00f3n de Senegal.<\/p>\n<p>\nS.E. Mohamed Ould Ghazouani, Presidente de la Rep\u00fablica Isl\u00e1mica de Mauritania, recibi\u00f3 a S.E. Ahmed Al Khateeb y a su delegaci\u00f3n en el Palacio Presidencial de Nuakchot.<\/p>\n<p>\nLa reuni\u00f3n, a la que asistieron dignatarios de ambos pa\u00edses, puso de relieve el respaldo de Mauritania a las iniciativas del Reino y el deseo mutuo de reforzar las relaciones.<\/p>\n<p>\nEstos reconocimientos demuestran la creciente confianza internacional en la visi\u00f3n de Arabia Saud\u00ed y en su capacidad para organizar acontecimientos de magnitud mundial. El Reino mantiene su compromiso de establecer relaciones s\u00f3lidas, fomentar el crecimiento mutuo, el entendimiento y los objetivos compartidos en la escena mundial.<\/p>\n<p>\n<b>Acerca del Ministerio de Turismo saud\u00ed (MT)<\/b><\/p>\n<p>\nFundada en 2000, MT se dedica a promover el crecimiento a largo plazo de la industria tur\u00edstica del Reino. Su principal ambici\u00f3n es hacer realidad la visi\u00f3n del Reino para el turismo mediante la creaci\u00f3n de oportunidades y plataformas que enriquezcan la experiencia tur\u00edstica y promuevan el desarrollo del capital humano nacional. En estrecha colaboraci\u00f3n con las administraciones p\u00fablicas, las partes interesadas de la industria y los sectores en el \u00e1mbito p\u00fablico y privado, el ministerio de Turismo se esfuerza por impulsar el crecimiento sostenible del turismo mediante pol\u00edticas con visi\u00f3n de futuro, inversiones espec\u00edficas e iniciativas de desarrollo del talento. La estrategia del ministerio est\u00e1 profundamente arraigada en la autenticidad \u00e1rabe, impulsada por datos y sistemas de entrega integrados. La misi\u00f3n principal del ministerio es abrir las puertas de Arabia Saud\u00ed al mundo, convirti\u00e9ndola en un centro en el que cada d\u00eda nacen historias tur\u00edsticas inolvidables.<\/p>\n<p>\n<b>Fuente: <\/b><a target=\"_blank\" href=\"https:\/\/cts.businesswire.com\/ct\/CT?id=smartlink&amp;url=https%3A%2F%2Fwww.aetoswire.com%2Fen%2Fnews%2F1610202335145&amp;esheet=53609572&amp;newsitemid=20231016753867&amp;lan=es-ES&amp;anchor=AETOSWire&amp;index=1&amp;md5=64285e776d698f00577f9cb5db0e4bf1\" rel=\"nofollow noopener\"><b>AETOSWire<\/b><\/a><\/p>\n<p>\nEl comunicado en el idioma original es la versi\u00f3n oficial y autorizada del mismo. Esta traducci\u00f3n es solamente un medio de ayuda y deber\u00e1 ser comparada con el texto en idioma original, que es la \u00fanica versi\u00f3n del texto que tendr\u00e1 validez legal.<\/p>\n<p> <b>Contacts<\/b> <\/p>\n<p>\nAzam Obeid<br \/>\n<br \/>Medios y Comunicaci\u00f3n<br \/>\n<br \/><a target=\"_blank\" href=\"mailto:ObeidA@mt.gov.sa\" rel=\"nofollow noopener\">ObeidA@mt.gov.sa<\/a><\/p>\n<\/div>\n","protected":false},"author":2,"featured_media":5396,"comment_status":"closed","ping_status":"closed","sticky":false,"template":"","format":"standard","meta":{"fifu_image_url":"https:\/\/mms.businesswire.com\/media\/20231016704769\/en\/1915965\/21\/Saudi_Pavilion_at_Expo_2020_Dubai_(Photo_AETOSWire).jpg","fifu_image_alt":"Los presidentes de Senegal y Mauritania respaldan la candidatura de Arabia Saud\u00ed para ser sede de la Expo 2030","footnotes":""},"categories":[44],"tags":[],"class_list":["post-5395","post","type-post","status-publish","format-standard","has-post-thumbnail","hentry","category-business-wire"],"_links":{"self":[{"href":"https:\/\/elmundodelapolitica.com\/v1\/wp-json\/wp\/v2\/posts\/5395","targetHints":{"allow":["GET"]}}],"collection":[{"href":"https:\/\/elmundodelapolitica.com\/v1\/wp-json\/wp\/v2\/posts"}],"about":[{"href":"https:\/\/elmundodelapolitica.com\/v1\/wp-json\/wp\/v2\/types\/post"}],"author":[{"embeddable":true,"href":"https:\/\/elmundodelapolitica.com\/v1\/wp-json\/wp\/v2\/users\/2"}],"replies":[{"embeddable":true,"href":"https:\/\/elmundodelapolitica.com\/v1\/wp-json\/wp\/v2\/comments?post=5395"}],"version-history":[{"count":0,"href":"https:\/\/elmundodelapolitica.com\/v1\/wp-json\/wp\/v2\/posts\/5395\/revisions"}],"wp:featuredmedia":[{"embeddable":true,"href":"https:\/\/elmundodelapolitica.com\/v1\/wp-json\/wp\/v2\/media\/5396"}],"wp:attachment":[{"href":"https:\/\/elmundodelapolitica.com\/v1\/wp-json\/wp\/v2\/media?parent=5395"}],"wp:term":[{"taxonomy":"category","embeddable":true,"href":"https:\/\/elmundodelapolitica.com\/v1\/wp-json\/wp\/v2\/categories?post=5395"},{"taxonomy":"post_tag","embeddable":true,"href":"https:\/\/elmundodelapolitica.com\/v1\/wp-json\/wp\/v2\/tags?post=5395"}],"curies":[{"name":"wp","href":"https:\/\/api.w.org\/{rel}","templated":true}]}}