{"id":5393,"date":"2023-10-16T12:38:29","date_gmt":"2023-10-16T16:38:29","guid":{"rendered":"https:\/\/elmundodelapolitica.com\/v1\/?p=5393"},"modified":"2023-10-16T12:38:29","modified_gmt":"2023-10-16T16:38:29","slug":"comparte-directiva-amchamdr-resultados-edicion-31-de-semana-dominicana-en-los-eua-con-presidente-abinader","status":"publish","type":"post","link":"https:\/\/elmundodelapolitica.com\/v1\/comparte-directiva-amchamdr-resultados-edicion-31-de-semana-dominicana-en-los-eua-con-presidente-abinader\/","title":{"rendered":"Comparte directiva AMCHAMDR resultados edici\u00f3n 31 de Semana Dominicana en los EUA con presidente Abinader"},"content":{"rendered":"<div>\n<p>Santo Domingo, R.D. Octubre 2023.- Una representaci\u00f3n del Consejo de Directores de la C\u00e1mara Americana de Comercio de la Rep\u00fablica Dominicana (AMCHAMDR) visit\u00f3 este jueves al presidente Luis Abinader, para compartirle las experiencias y resultados\u00a0\u00a0de la 31\u00aa edici\u00f3n de la Semana Dominicana celebrada recientemente en Washington D.C. y Nueva York, una iniciativa que se ha mantenido durante m\u00e1s de tres d\u00e9cadas y que tiene como objetivos principales estrechar lazos pol\u00edticos, comerciales, sociales y culturales entre la RD y los EE. UU.<\/p>\n<div class=\"wp-block-image\">\n<figure class=\"aligncenter size-large\"><img loading=\"lazy\" data-attachment-id=\"33239\" data-permalink=\"https:\/\/elmundodelosnegocios.com.do\/v1\/index.php\/2023\/10\/16\/comparte-directiva-amchamdr-resultados-edicion-31-de-semana-dominicana-en-los-eua-con-presidente-abinader\/1-9-4\/\" data-orig-file=\"https:\/\/i0.wp.com\/elmundodelosnegocios.com.do\/v1\/wp-content\/uploads\/2023\/10\/1-9.jpg?fit=1600%2C1066&amp;ssl=1\" data-orig-size=\"1600,1066\" data-comments-opened=\"0\" data-image-meta='{\"aperture\":\"0\",\"credit\":\"\",\"camera\":\"\",\"caption\":\"\",\"created_timestamp\":\"0\",\"copyright\":\"\",\"focal_length\":\"0\",\"iso\":\"0\",\"shutter_speed\":\"0\",\"title\":\"\",\"orientation\":\"0\"}' data-image-title=\"1-9\" data-image-description=\"\" data-image-caption=\"\" data-medium-file=\"https:\/\/i0.wp.com\/elmundodelosnegocios.com.do\/v1\/wp-content\/uploads\/2023\/10\/1-9.jpg?fit=300%2C200&amp;ssl=1\" data-large-file=\"https:\/\/i0.wp.com\/elmundodelosnegocios.com.do\/v1\/wp-content\/uploads\/2023\/10\/1-9.jpg?fit=1024%2C682&amp;ssl=1\" decoding=\"async\" width=\"1024\" height=\"682\" src=\"https:\/\/i0.wp.com\/elmundodelosnegocios.com.do\/v1\/wp-content\/uploads\/2023\/10\/1-9-1024x682.jpg?resize=1024,682&amp;ssl=1\" alt=\"\" class=\"wp-image-33239\" srcset=\"https:\/\/i0.wp.com\/elmundodelosnegocios.com.do\/v1\/wp-content\/uploads\/2023\/10\/1-9.jpg?resize=1024%2C682&amp;ssl=1 1024w, https:\/\/i0.wp.com\/elmundodelosnegocios.com.do\/v1\/wp-content\/uploads\/2023\/10\/1-9.jpg?resize=300%2C200&amp;ssl=1 300w, https:\/\/i0.wp.com\/elmundodelosnegocios.com.do\/v1\/wp-content\/uploads\/2023\/10\/1-9.jpg?resize=768%2C512&amp;ssl=1 768w, https:\/\/i0.wp.com\/elmundodelosnegocios.com.do\/v1\/wp-content\/uploads\/2023\/10\/1-9.jpg?resize=1536%2C1023&amp;ssl=1 1536w, https:\/\/i0.wp.com\/elmundodelosnegocios.com.do\/v1\/wp-content\/uploads\/2023\/10\/1-9.jpg?w=1600&amp;ssl=1 1600w\" sizes=\"auto, (max-width: 1024px) 100vw, 1024px\" data-recalc-dims=\"1\"><\/figure>\n<\/div>\n<p>Durante SEMDOM 2023, la delegaci\u00f3n de AMCHAMDR sostuvo una serie de reuniones p\u00fablico-privadas en torno a temas alineados con las prioridades institucionales de la C\u00e1mara y los intereses del pa\u00eds. Con el Gobierno de los Estados Unidos, se abordaron asuntos que impactan la relaci\u00f3n bilateral, especialmente aquellos relacionados con el comercio y el clima de inversi\u00f3n.\u00a0<\/p>\n<div class=\"wp-block-image\">\n<figure class=\"aligncenter size-large\"><img data-attachment-id=\"33240\" data-permalink=\"https:\/\/elmundodelosnegocios.com.do\/v1\/index.php\/2023\/10\/16\/comparte-directiva-amchamdr-resultados-edicion-31-de-semana-dominicana-en-los-eua-con-presidente-abinader\/2-3-10\/\" data-orig-file=\"https:\/\/i0.wp.com\/elmundodelosnegocios.com.do\/v1\/wp-content\/uploads\/2023\/10\/2-3.jpg?fit=1600%2C1096&amp;ssl=1\" data-orig-size=\"1600,1096\" data-comments-opened=\"0\" data-image-meta='{\"aperture\":\"0\",\"credit\":\"\",\"camera\":\"\",\"caption\":\"\",\"created_timestamp\":\"0\",\"copyright\":\"\",\"focal_length\":\"0\",\"iso\":\"0\",\"shutter_speed\":\"0\",\"title\":\"\",\"orientation\":\"0\"}' data-image-title=\"2-3\" data-image-description=\"\" data-image-caption=\"\" data-medium-file=\"https:\/\/i0.wp.com\/elmundodelosnegocios.com.do\/v1\/wp-content\/uploads\/2023\/10\/2-3.jpg?fit=300%2C206&amp;ssl=1\" data-large-file=\"https:\/\/i0.wp.com\/elmundodelosnegocios.com.do\/v1\/wp-content\/uploads\/2023\/10\/2-3.jpg?fit=1024%2C701&amp;ssl=1\" decoding=\"async\" loading=\"lazy\" width=\"1024\" height=\"701\" src=\"https:\/\/i0.wp.com\/elmundodelosnegocios.com.do\/v1\/wp-content\/uploads\/2023\/10\/2-3-1024x701.jpg?resize=1024,701&amp;ssl=1\" alt=\"\" class=\"wp-image-33240\" srcset=\"https:\/\/i0.wp.com\/elmundodelosnegocios.com.do\/v1\/wp-content\/uploads\/2023\/10\/2-3.jpg?resize=1024%2C701&amp;ssl=1 1024w, https:\/\/i0.wp.com\/elmundodelosnegocios.com.do\/v1\/wp-content\/uploads\/2023\/10\/2-3.jpg?resize=300%2C206&amp;ssl=1 300w, https:\/\/i0.wp.com\/elmundodelosnegocios.com.do\/v1\/wp-content\/uploads\/2023\/10\/2-3.jpg?resize=768%2C526&amp;ssl=1 768w, https:\/\/i0.wp.com\/elmundodelosnegocios.com.do\/v1\/wp-content\/uploads\/2023\/10\/2-3.jpg?resize=1536%2C1052&amp;ssl=1 1536w, https:\/\/i0.wp.com\/elmundodelosnegocios.com.do\/v1\/wp-content\/uploads\/2023\/10\/2-3.jpg?w=1600&amp;ssl=1 1600w\" sizes=\"auto, (max-width: 1024px) 100vw, 1024px\" data-recalc-dims=\"1\"><\/figure>\n<\/div>\n<p>Por otra parte, el grupo que asisti\u00f3 a SEMDOM 2023 se reuni\u00f3 con representantes del Departamento de Trabajo, Departamento de Estado, representantes de las oficinas del Senador Marco Rubio, y de los congresistas Adriano Espaillat y Mario D\u00edaz Balart, as\u00ed\u00a0como de instituciones multilaterales como el Banco Mundial y el Banco Interamericano de Desarrollo, con quienes se abordaron cuestiones de inter\u00e9s para el crecimiento del RD, incluyendo el desarrollo de infraestructura y la transformaci\u00f3n digital. Adem\u00e1s, se llevaron a cabo encuentros con la comunidad dominicana en los Estados Unidos, con el fin de fortalecer pilares econ\u00f3micos del pa\u00eds como el sector energ\u00e9tico, turismo y la banca.<\/p>\n<p>Otro encuentro fruct\u00edfero fue el que se desarroll\u00f3 en el Departamento de Comercio, sobre el programa CHIPS, en el que los asistentes conversaron sobre los semiconductores y c\u00f3mo la Rep\u00fablica Dominicana puede jugar un rol vital en el desarrollo de estas tecnolog\u00edas y en esta iniciativa. A prop\u00f3sito de esa reuni\u00f3n, el presidente Abinader mostr\u00f3 especial inter\u00e9s en el \u00e1rea del desarrollo de semiconductores desde el pa\u00eds, por lo que pidi\u00f3 a los directivos de AMCHAMDR mantener contacto y establecer pautas de trabajo para avanzar hacia esa meta.\u00a0<\/p>\n<p>Durante el encuentro, los directivos de la C\u00e1mara le extendieron una invitaci\u00f3n para el concierto \u00ab100 A\u00f1os de Historia a trav\u00e9s de la M\u00fasica\u00bb, un espect\u00e1culo protagonizado por la AMCHAMDR Big Band, que reunir\u00e1 a 24 m\u00fasicos en el escenario, incluyendo 19 m\u00fasicos locales y seis del renombrado Berklee College of Music, que ser\u00e1 celebrado la noche del 9 de noviembre de 2023 en el Teatro Nacional, marcando los 100 a\u00f1os desde la fundaci\u00f3n de la C\u00e1mara Americana de Comercio en la Rep\u00fablica Dominicana.<\/p>\n<p>El concierto \u201c100 A\u00f1os de Historia a trav\u00e9s de la M\u00fasica\u201d ser\u00e1 un viaje musical en el tiempo destacando los lazos hist\u00f3ricos entre Rep\u00fablica Dominicana y Estados Unidos, a trav\u00e9s de la m\u00fasica.<\/p>\n<p>En palabras del vicepresidente ejecutivo de AMCHAMDR, William Malamud, \u00abEste concierto es uno de los puntos principales de nuestro centenario, organizado para nuestra membres\u00eda y un reflejo de nuestra profunda conexi\u00f3n con la cultura y la m\u00fasica de ambos pa\u00edses. Esperamos contar con la distinguida presencia del presidente Abinader en esta celebraci\u00f3n \u00fanica que honra la historia y el futuro de nuestra C\u00e1mara y del pa\u00eds\u00bb.<\/p>\n<p>En la reuni\u00f3n, realizada en el Palacio Nacional, la delegaci\u00f3n de AMCHAMDR present\u00f3 tambi\u00e9n a Luis Abinader la cartera de proyectos, encuentros y actividades que realiza la C\u00e1mara por sus 100 a\u00f1os de fundaci\u00f3n, entidad que fue incorporada legalmente el 8 de noviembre de 1923 en el pa\u00eds.<\/p>\n<\/div>\n","protected":false},"excerpt":{"rendered":"<p>Santo Domingo, R.D. Octubre 2023.- Una representaci\u00f3n del Consejo de Directores de la C\u00e1mara Americana de Comercio de la Rep\u00fablica Dominicana (AMCHAMDR) visit\u00f3 este jueves al presidente Luis Abinader, para&hellip; <\/p>\n","protected":false},"author":2,"featured_media":5394,"comment_status":"closed","ping_status":"closed","sticky":false,"template":"","format":"standard","meta":{"fifu_image_url":"https:\/\/i0.wp.com\/elmundodelosnegocios.com.do\/v1\/wp-content\/uploads\/2023\/10\/1-9-1024x682.jpg?resize=1024,682&ssl=1","fifu_image_alt":"Comparte directiva AMCHAMDR resultados edici\u00f3n 31 de Semana Dominicana en los EUA con presidente Abinader","footnotes":""},"categories":[63],"tags":[],"class_list":["post-5393","post","type-post","status-publish","format-standard","has-post-thumbnail","hentry","category-actualidad"],"_links":{"self":[{"href":"https:\/\/elmundodelapolitica.com\/v1\/wp-json\/wp\/v2\/posts\/5393","targetHints":{"allow":["GET"]}}],"collection":[{"href":"https:\/\/elmundodelapolitica.com\/v1\/wp-json\/wp\/v2\/posts"}],"about":[{"href":"https:\/\/elmundodelapolitica.com\/v1\/wp-json\/wp\/v2\/types\/post"}],"author":[{"embeddable":true,"href":"https:\/\/elmundodelapolitica.com\/v1\/wp-json\/wp\/v2\/users\/2"}],"replies":[{"embeddable":true,"href":"https:\/\/elmundodelapolitica.com\/v1\/wp-json\/wp\/v2\/comments?post=5393"}],"version-history":[{"count":0,"href":"https:\/\/elmundodelapolitica.com\/v1\/wp-json\/wp\/v2\/posts\/5393\/revisions"}],"wp:featuredmedia":[{"embeddable":true,"href":"https:\/\/elmundodelapolitica.com\/v1\/wp-json\/wp\/v2\/media\/5394"}],"wp:attachment":[{"href":"https:\/\/elmundodelapolitica.com\/v1\/wp-json\/wp\/v2\/media?parent=5393"}],"wp:term":[{"taxonomy":"category","embeddable":true,"href":"https:\/\/elmundodelapolitica.com\/v1\/wp-json\/wp\/v2\/categories?post=5393"},{"taxonomy":"post_tag","embeddable":true,"href":"https:\/\/elmundodelapolitica.com\/v1\/wp-json\/wp\/v2\/tags?post=5393"}],"curies":[{"name":"wp","href":"https:\/\/api.w.org\/{rel}","templated":true}]}}