{"id":5385,"date":"2023-10-16T08:32:47","date_gmt":"2023-10-16T12:32:47","guid":{"rendered":"https:\/\/elmundodelapolitica.com\/v1\/?p=5385"},"modified":"2023-10-16T08:32:47","modified_gmt":"2023-10-16T12:32:47","slug":"banco-popular-integra-a-alianza-arise-fomenta-mayor-resiliencia-ante-desastres","status":"publish","type":"post","link":"https:\/\/elmundodelapolitica.com\/v1\/banco-popular-integra-a-alianza-arise-fomenta-mayor-resiliencia-ante-desastres\/","title":{"rendered":"Banco Popular integra a alianza ARISE fomenta mayor resiliencia ante desastres"},"content":{"rendered":"<div>\n<h2>El banco robustece su estrategia de gesti\u00f3n de riesgos y adaptaci\u00f3n al cambio clim\u00e1tico<\/h2>\n<p>\u200bSanto Domingo, D.N. \u2013 El Banco Popular Dominicano, en el marco del D\u00eda Internacional para la Reducci\u00f3n de los Desastres, celebrado cada 13 de octubre, inform\u00f3 su integraci\u00f3n a la Alianza del Sector Privado para Sociedades Resilientes ante Desastres (ARISE), que re\u00fane a empresas privadas de todo el mundo con la finalidad de fomentar la capacidad de prevenci\u00f3n y recuperaci\u00f3n frente a situaciones catastr\u00f3ficas, conforme al Marco de Sendai.<\/p>\n<div class=\"wp-block-image\">\n<figure class=\"aligncenter size-full\"><img data-attachment-id=\"33198\" data-permalink=\"https:\/\/elmundodelosnegocios.com.do\/v1\/index.php\/2023\/10\/16\/popular-se-integra-a-la-alianza-arise-que-fomenta-una-mayor-resiliencia-ante-desastres\/slider-bpd-9\/\" data-orig-file=\"https:\/\/i0.wp.com\/elmundodelosnegocios.com.do\/v1\/wp-content\/uploads\/2023\/10\/slider-bpd.webp?fit=850%2C450&amp;ssl=1\" data-orig-size=\"850,450\" data-comments-opened=\"0\" data-image-meta='{\"aperture\":\"0\",\"credit\":\"\",\"camera\":\"\",\"caption\":\"\",\"created_timestamp\":\"0\",\"copyright\":\"\",\"focal_length\":\"0\",\"iso\":\"0\",\"shutter_speed\":\"0\",\"title\":\"\",\"orientation\":\"0\"}' data-image-title=\"slider-bpd\" data-image-description=\"\" data-image-caption=\"\" data-medium-file=\"https:\/\/i0.wp.com\/elmundodelosnegocios.com.do\/v1\/wp-content\/uploads\/2023\/10\/slider-bpd.webp?fit=300%2C159&amp;ssl=1\" data-large-file=\"https:\/\/i0.wp.com\/elmundodelosnegocios.com.do\/v1\/wp-content\/uploads\/2023\/10\/slider-bpd.webp?fit=850%2C450&amp;ssl=1\" decoding=\"async\" loading=\"lazy\" width=\"850\" height=\"450\" src=\"https:\/\/i0.wp.com\/elmundodelosnegocios.com.do\/v1\/wp-content\/uploads\/2023\/10\/slider-bpd.webp?resize=850,450&amp;ssl=1\" alt=\"\" class=\"wp-image-33198\" data-recalc-dims=\"1\"><\/figure>\n<\/div>\n<p>ARISE es una iniciativa de la Oficina de las Naciones Unidas para la Reducci\u00f3n del Riesgo de Desastres (UNDRR) y en la Rep\u00fablica Dominicana es representado por la Red\u00a0Nacional de Apoyo Empresarial a la Protecci\u00f3n Ambiental (ECORED).<\/p>\n<p>La adhesi\u00f3n del Banco Popular Dominicano a este proyecto robustece su estrategia de gesti\u00f3n de riesgos y adaptaci\u00f3n al cambio clim\u00e1tico y, su vez, le permitir\u00e1 incorporar nuevos conocimientos, experiencias y buenas pr\u00e1cticas que podr\u00e1 transmitir a sus clientes y proveedores, impactando directamente en una mejor respuesta de la sociedad ante crisis y cat\u00e1strofes.<\/p>\n<p><strong>Gesti\u00f3n activa de los riesgos<\/strong><\/p>\n<p>El compromiso del Banco Popular con la seguridad y la resiliencia se refleja en una serie de normas internas y en acciones recurrentes, entre ellas pol\u00edticas de seguridad f\u00edsica, el establecimiento de brigadas de emergencia en todas las edificaciones, entrenadas para el manejo de incendios, evacuaci\u00f3n y rescate, asimismo, la realizaci\u00f3n de simulacros peri\u00f3dicos.\u00a0<\/p>\n<p>En adici\u00f3n, el Popular cuenta con la actuaci\u00f3n de comit\u00e9s de Higiene y Seguridad F\u00edsica, y de Emergencias, los cuales se involucran de forma activa en el seguimiento e informe sobre las condiciones meteorol\u00f3gicas y su efecto en el pa\u00eds, los empleados y clientes.<\/p>\n<p>La organizaci\u00f3n bancaria cuenta, adem\u00e1s, con un protocolo para la continuidad del negocio en caso de huracanes y otros fen\u00f3menos naturales. Asimismo, otorga charlas anuales a todo el personal sobre riesgos de desastres, incluyendo ciclones y terremotos.<\/p>\n<\/div>\n","protected":false},"excerpt":{"rendered":"<p>El banco robustece su estrategia de gesti\u00f3n de riesgos y adaptaci\u00f3n al cambio clim\u00e1tico \u200bSanto Domingo, D.N. \u2013 El Banco Popular Dominicano, en el marco del D\u00eda Internacional para la&hellip; <\/p>\n","protected":false},"author":2,"featured_media":5386,"comment_status":"closed","ping_status":"closed","sticky":false,"template":"","format":"standard","meta":{"fifu_image_url":"https:\/\/i0.wp.com\/elmundodelosnegocios.com.do\/v1\/wp-content\/uploads\/2023\/10\/slider-bpd.webp?resize=850,450&ssl=1","fifu_image_alt":"Banco Popular integra a alianza ARISE fomenta mayor resiliencia ante desastres","footnotes":""},"categories":[63],"tags":[],"class_list":["post-5385","post","type-post","status-publish","format-standard","has-post-thumbnail","hentry","category-actualidad"],"_links":{"self":[{"href":"https:\/\/elmundodelapolitica.com\/v1\/wp-json\/wp\/v2\/posts\/5385","targetHints":{"allow":["GET"]}}],"collection":[{"href":"https:\/\/elmundodelapolitica.com\/v1\/wp-json\/wp\/v2\/posts"}],"about":[{"href":"https:\/\/elmundodelapolitica.com\/v1\/wp-json\/wp\/v2\/types\/post"}],"author":[{"embeddable":true,"href":"https:\/\/elmundodelapolitica.com\/v1\/wp-json\/wp\/v2\/users\/2"}],"replies":[{"embeddable":true,"href":"https:\/\/elmundodelapolitica.com\/v1\/wp-json\/wp\/v2\/comments?post=5385"}],"version-history":[{"count":0,"href":"https:\/\/elmundodelapolitica.com\/v1\/wp-json\/wp\/v2\/posts\/5385\/revisions"}],"wp:featuredmedia":[{"embeddable":true,"href":"https:\/\/elmundodelapolitica.com\/v1\/wp-json\/wp\/v2\/media\/5386"}],"wp:attachment":[{"href":"https:\/\/elmundodelapolitica.com\/v1\/wp-json\/wp\/v2\/media?parent=5385"}],"wp:term":[{"taxonomy":"category","embeddable":true,"href":"https:\/\/elmundodelapolitica.com\/v1\/wp-json\/wp\/v2\/categories?post=5385"},{"taxonomy":"post_tag","embeddable":true,"href":"https:\/\/elmundodelapolitica.com\/v1\/wp-json\/wp\/v2\/tags?post=5385"}],"curies":[{"name":"wp","href":"https:\/\/api.w.org\/{rel}","templated":true}]}}