{"id":5373,"date":"2023-10-15T16:23:28","date_gmt":"2023-10-15T20:23:28","guid":{"rendered":"https:\/\/elmundodelapolitica.com\/v1\/?p=5373"},"modified":"2023-10-15T16:23:30","modified_gmt":"2023-10-15T20:23:30","slug":"eeuu-valora-positivamente-el-esfuerzo-de-republica-dominicana-a-favor-de-institucionalidad","status":"publish","type":"post","link":"https:\/\/elmundodelapolitica.com\/v1\/eeuu-valora-positivamente-el-esfuerzo-de-republica-dominicana-a-favor-de-institucionalidad\/","title":{"rendered":"EEUU valora positivamente el esfuerzo de Rep\u00fablica Dominicana a favor de institucionalidad"},"content":{"rendered":"\n<p>Los Estados Unidos valor\u00f3 positivamente los esfuerzos de la actual administraci\u00f3n de Gobierno de Rep\u00fablica Dominicana bajo el liderazgo del presidente Luis Abinader, afirmando que&nbsp;\u201chan llevado a RD a destacarse como uno de los pocos pa\u00edses de la regi\u00f3n donde los ideales e instituciones democr\u00e1ticas est\u00e1n en ascenso\u201d, en su reporte sobre el Clima de Inversiones 20<em>23<\/em>&nbsp;(The U.S. Department of State \u2018s Investment Climate Statements).<\/p>\n\n\n\n<p>En dicho reporte, publicado por el Departamento de Estado, se destaca que la actual administraci\u00f3n contin\u00faa cumpliendo con su compromiso de mantener la lucha contra la corrupci\u00f3n, mantiene el respeto a la autonom\u00eda e independencia del Ministerio P\u00fablico.<\/p>\n\n\n\n<p>La creaci\u00f3n de un Ministerio de Justicia es bien valorado, con el prop\u00f3sito, entre otros, de que pueda monitorear el sistema penitenciario, dando paso a que el Ministerio P\u00fablico concentre sus esfuerzos en las investigaciones. A pesar de estas acciones, se\u00f1ala que a\u00fan persisten \u201ctardanzas significativas en obtener una decisi\u00f3n\u201d del Poder Judicial.<\/p>\n\n\n\n<p>Manifest\u00f3 el \u00e9xito del Gobierno Dominicano en lograr la aprobaci\u00f3n de la Ley de Extinci\u00f3n de Dominio en el a\u00f1o 2022. Por otro lado, resalta el esfuerzo continuo del gobierno para la soluci\u00f3n de las disputas relativas a los terrenos expropiados desde administraciones anteriores; as\u00ed como la puesta en marcha del Consejo Consultivo Nacional de Propiedad Intelectual, \u201ccreando as\u00ed un proceso formal institucionalizado para responsabilizar a las agencias de DPI\u201d, que anteriormente no exist\u00eda.<\/p>\n\n\n\n<p>En el \u00e1mbito econ\u00f3mico, el reporte sobre el Clima de Inversiones 2023 enfatiza que Estados Unidos&nbsp;contin\u00faa siendo el inversionista m\u00e1s importante en la Rep\u00fablica Dominicana, resaltando laimportancia del&nbsp;RD-CAFTA, y que contin\u00faa siendo el mayor receptor de inversi\u00f3n dominicana en el exterior.<\/p>\n\n\n\n<h2 class=\"wp-block-heading\"><strong>Cambio clim\u00e1tico y seguridad ciudadana<\/strong><\/h2>\n\n\n\n<p>La vulnerabilidad del pa\u00eds frente a los efectos del cambio clim\u00e1tico es mencionada, a pesar de sus reducidas emisiones de gases de efecto invernadero.<\/p>\n\n\n\n<p>Asimismo, resalta que el gobierno est\u00e1 trabajando en el \u00e1mbito dom\u00e9stico y la comunidad internacional para mitigar los efectos del cambio clim\u00e1tico, afirmando que \u201cel presidente Abinader inform\u00f3 que el 27 de febrero de 2023 presentar\u00e1 al legislativo un Proyecto de Ley de Agua que buscar\u00e1 acabar con la dispersi\u00f3n institucional de este sector. Manifest\u00f3 que el cuidado de los recursos naturales y el medio ambiente es una prioridad de su administraci\u00f3n.\u201d<\/p>\n\n\n\n<p>A pesar de los esfuerzos positivos de la administraci\u00f3n del Presidente Abinader, el Departamento de Estado de los EEUU destaca en el reporte la situaci\u00f3n de inseguridad a ra\u00edz de actividades criminales. Adem\u00e1s establece puntos a fortalecer en derecho laboral.<\/p>\n\n\n\n<p><strong>Reporte sobre Clima de Inversi\u00f3n 2023<\/strong><\/p>\n\n\n\n<p>Las Declaraciones sobre el Clima de Inversi\u00f3n del Departamento de Estado de EE.UU. proporcionan informaci\u00f3n espec\u00edfica sobre el clima empresarial de m\u00e1s de 160 pa\u00edses y econom\u00edas. Este reporte es elaborado por la Oficina de Asuntos Econ\u00f3micos y Empresariales de dicho Departamento.<\/p>\n","protected":false},"excerpt":{"rendered":"<p>Los Estados Unidos valor\u00f3 positivamente los esfuerzos de la actual administraci\u00f3n de Gobierno de Rep\u00fablica Dominicana bajo el liderazgo del presidente Luis Abinader, afirmando que&nbsp;\u201chan llevado a RD a destacarse&hellip; <\/p>\n","protected":false},"author":2,"featured_media":5374,"comment_status":"open","ping_status":"open","sticky":false,"template":"","format":"standard","meta":{"fifu_image_url":"","fifu_image_alt":"","footnotes":""},"categories":[54],"tags":[],"class_list":["post-5373","post","type-post","status-publish","format-standard","has-post-thumbnail","hentry","category-politica_exterior"],"_links":{"self":[{"href":"https:\/\/elmundodelapolitica.com\/v1\/wp-json\/wp\/v2\/posts\/5373","targetHints":{"allow":["GET"]}}],"collection":[{"href":"https:\/\/elmundodelapolitica.com\/v1\/wp-json\/wp\/v2\/posts"}],"about":[{"href":"https:\/\/elmundodelapolitica.com\/v1\/wp-json\/wp\/v2\/types\/post"}],"author":[{"embeddable":true,"href":"https:\/\/elmundodelapolitica.com\/v1\/wp-json\/wp\/v2\/users\/2"}],"replies":[{"embeddable":true,"href":"https:\/\/elmundodelapolitica.com\/v1\/wp-json\/wp\/v2\/comments?post=5373"}],"version-history":[{"count":1,"href":"https:\/\/elmundodelapolitica.com\/v1\/wp-json\/wp\/v2\/posts\/5373\/revisions"}],"predecessor-version":[{"id":5375,"href":"https:\/\/elmundodelapolitica.com\/v1\/wp-json\/wp\/v2\/posts\/5373\/revisions\/5375"}],"wp:featuredmedia":[{"embeddable":true,"href":"https:\/\/elmundodelapolitica.com\/v1\/wp-json\/wp\/v2\/media\/5374"}],"wp:attachment":[{"href":"https:\/\/elmundodelapolitica.com\/v1\/wp-json\/wp\/v2\/media?parent=5373"}],"wp:term":[{"taxonomy":"category","embeddable":true,"href":"https:\/\/elmundodelapolitica.com\/v1\/wp-json\/wp\/v2\/categories?post=5373"},{"taxonomy":"post_tag","embeddable":true,"href":"https:\/\/elmundodelapolitica.com\/v1\/wp-json\/wp\/v2\/tags?post=5373"}],"curies":[{"name":"wp","href":"https:\/\/api.w.org\/{rel}","templated":true}]}}