{"id":537,"date":"2020-11-09T05:18:43","date_gmt":"2020-11-09T09:18:43","guid":{"rendered":"http:\/\/www.elmundodelapolitica.com\/v2\/?p=22585"},"modified":"2020-11-09T05:18:43","modified_gmt":"2020-11-09T09:18:43","slug":"luis-abinader-felicita-a-joe-biden-y-kamala-harris-por-triunfo-en-estados-unidos","status":"publish","type":"post","link":"https:\/\/elmundodelapolitica.com\/v1\/luis-abinader-felicita-a-joe-biden-y-kamala-harris-por-triunfo-en-estados-unidos\/","title":{"rendered":"Luis Abinader felicita a Joe Biden y Kamala Harris por triunfo en Estados Unidos"},"content":{"rendered":"\n<p>Luis Abinader felicit\u00f3 ayer al presidente electo de los Estados Unidos, Joe Biden y a su vicepresidenta Kamala Harris, por el triunfo obtenido en las elecciones celebradas el pasado 3 de noviembre.<\/p>\n\n\n\n<p>\u00abFelicitaciones al presidente electo de EE. UU. Joe Biden y a la vicepresidente electa Kamala Harris la primera mujer en ocupar ese cargo en los Estados Unidos\u00bb, as\u00ed inici\u00f3 el mensaje que el mandatario dominicano public\u00f3 en sus rede sociales.<\/p>\n\n\n\n<p>Adem\u00e1s, Abinader resalt\u00f3 que ambos pa\u00edses \u00abcompartimos los mismos valores democr\u00e1ticos que los estadounidenses. Esperamos fortalecer nuestra asociaci\u00f3n pol\u00edtica, econ\u00f3mica y cultural\u00bb.<\/p>\n\n\n\n<figure class=\"wp-block-embed-twitter wp-block-embed is-type-rich is-provider-twitter\"><div class=\"wp-block-embed__wrapper\">\n<blockquote class=\"twitter-tweet\" data-width=\"550\" data-dnt=\"true\"><p lang=\"en\" dir=\"ltr\">Congratulations to US president-elect <a href=\"https:\/\/twitter.com\/JoeBiden?ref_src=twsrc%5Etfw\">@JoeBiden<\/a> and to vicepresident-elect <a href=\"https:\/\/twitter.com\/KamalaHarris?ref_src=twsrc%5Etfw\">@KamalaHarris<\/a> the first woman to hold that office in the US. We share the same democratic values as those held by the US. We look forward to strengthening our political, economic and cultural  partnership.<\/p>&mdash; Luis Abinader (@luisabinader) <a href=\"https:\/\/twitter.com\/luisabinader\/status\/1325266711046709248?ref_src=twsrc%5Etfw\">November 8, 2020<\/a><\/blockquote><script async src=\"https:\/\/platform.twitter.com\/widgets.js\" charset=\"utf-8\"><\/script>\n<\/div><\/figure>\n\n\n\n<p><\/p>\n","protected":false},"excerpt":{"rendered":"<p>Luis Abinader felicit\u00f3 ayer al presidente electo de los Estados Unidos, Joe Biden y a su vicepresidenta Kamala Harris, por el triunfo obtenido en las elecciones celebradas el pasado 3&hellip; <\/p>\n","protected":false},"author":2,"featured_media":538,"comment_status":"closed","ping_status":"open","sticky":false,"template":"","format":"standard","meta":{"fifu_image_url":"","fifu_image_alt":"","footnotes":""},"categories":[63],"tags":[],"class_list":["post-537","post","type-post","status-publish","format-standard","has-post-thumbnail","hentry","category-actualidad"],"_links":{"self":[{"href":"https:\/\/elmundodelapolitica.com\/v1\/wp-json\/wp\/v2\/posts\/537","targetHints":{"allow":["GET"]}}],"collection":[{"href":"https:\/\/elmundodelapolitica.com\/v1\/wp-json\/wp\/v2\/posts"}],"about":[{"href":"https:\/\/elmundodelapolitica.com\/v1\/wp-json\/wp\/v2\/types\/post"}],"author":[{"embeddable":true,"href":"https:\/\/elmundodelapolitica.com\/v1\/wp-json\/wp\/v2\/users\/2"}],"replies":[{"embeddable":true,"href":"https:\/\/elmundodelapolitica.com\/v1\/wp-json\/wp\/v2\/comments?post=537"}],"version-history":[{"count":0,"href":"https:\/\/elmundodelapolitica.com\/v1\/wp-json\/wp\/v2\/posts\/537\/revisions"}],"wp:featuredmedia":[{"embeddable":true,"href":"https:\/\/elmundodelapolitica.com\/v1\/wp-json\/wp\/v2\/media\/538"}],"wp:attachment":[{"href":"https:\/\/elmundodelapolitica.com\/v1\/wp-json\/wp\/v2\/media?parent=537"}],"wp:term":[{"taxonomy":"category","embeddable":true,"href":"https:\/\/elmundodelapolitica.com\/v1\/wp-json\/wp\/v2\/categories?post=537"},{"taxonomy":"post_tag","embeddable":true,"href":"https:\/\/elmundodelapolitica.com\/v1\/wp-json\/wp\/v2\/tags?post=537"}],"curies":[{"name":"wp","href":"https:\/\/api.w.org\/{rel}","templated":true}]}}