{"id":5369,"date":"2023-10-15T13:19:40","date_gmt":"2023-10-15T17:19:40","guid":{"rendered":"https:\/\/elmundodelapolitica.com\/v1\/?p=5369"},"modified":"2023-10-15T13:19:40","modified_gmt":"2023-10-15T17:19:40","slug":"izis-lanza-su-nuevo-tema-el-hombre-que-me-ame","status":"publish","type":"post","link":"https:\/\/elmundodelapolitica.com\/v1\/izis-lanza-su-nuevo-tema-el-hombre-que-me-ame\/","title":{"rendered":"Izis lanza su nuevo tema \u00abEl Hombre Que Me Ame\u00bb"},"content":{"rendered":"<div>\n<p>La cantante puertorrique\u00f1a\u00a0<strong>Izis \u00abLa Enfermera de la Salsa\u00bb<\/strong>\u00a0presenta su nuevo sencillo\u00a0<strong>\u00abEl Hombre Que Me Ame\u00bb<\/strong>, una canci\u00f3n escrita por el destacado compositor Pedro Jes\u00fas.<\/p>\n<div class=\"wp-block-image\">\n<figure class=\"aligncenter size-large\"><img data-attachment-id=\"33201\" data-permalink=\"https:\/\/elmundodelosnegocios.com.do\/v1\/index.php\/2023\/10\/15\/izis-lanza-su-nuevo-tema-el-hombre-que-me-ame\/izis_la_enfermera_de_la_salsa\/\" data-orig-file=\"https:\/\/i0.wp.com\/elmundodelosnegocios.com.do\/v1\/wp-content\/uploads\/2023\/10\/Izis_La_Enfermera_de_la_Salsa.jpeg?fit=1180%2C715&amp;ssl=1\" data-orig-size=\"1180,715\" data-comments-opened=\"0\" data-image-meta='{\"aperture\":\"0\",\"credit\":\"\",\"camera\":\"\",\"caption\":\"\",\"created_timestamp\":\"0\",\"copyright\":\"\",\"focal_length\":\"0\",\"iso\":\"0\",\"shutter_speed\":\"0\",\"title\":\"\",\"orientation\":\"0\"}' data-image-title=\"Izis_La_Enfermera_de_la_Salsa\" data-image-description=\"\" data-image-caption=\"\" data-medium-file=\"https:\/\/i0.wp.com\/elmundodelosnegocios.com.do\/v1\/wp-content\/uploads\/2023\/10\/Izis_La_Enfermera_de_la_Salsa.jpeg?fit=300%2C182&amp;ssl=1\" data-large-file=\"https:\/\/i0.wp.com\/elmundodelosnegocios.com.do\/v1\/wp-content\/uploads\/2023\/10\/Izis_La_Enfermera_de_la_Salsa.jpeg?fit=1024%2C620&amp;ssl=1\" decoding=\"async\" loading=\"lazy\" width=\"1024\" height=\"620\" src=\"https:\/\/i0.wp.com\/elmundodelosnegocios.com.do\/v1\/wp-content\/uploads\/2023\/10\/Izis_La_Enfermera_de_la_Salsa-1024x620.jpeg?resize=1024,620&amp;ssl=1\" alt=\"\" class=\"wp-image-33201\" srcset=\"https:\/\/i0.wp.com\/elmundodelosnegocios.com.do\/v1\/wp-content\/uploads\/2023\/10\/Izis_La_Enfermera_de_la_Salsa.jpeg?resize=1024%2C620&amp;ssl=1 1024w, https:\/\/i0.wp.com\/elmundodelosnegocios.com.do\/v1\/wp-content\/uploads\/2023\/10\/Izis_La_Enfermera_de_la_Salsa.jpeg?resize=300%2C182&amp;ssl=1 300w, https:\/\/i0.wp.com\/elmundodelosnegocios.com.do\/v1\/wp-content\/uploads\/2023\/10\/Izis_La_Enfermera_de_la_Salsa.jpeg?resize=768%2C465&amp;ssl=1 768w, https:\/\/i0.wp.com\/elmundodelosnegocios.com.do\/v1\/wp-content\/uploads\/2023\/10\/Izis_La_Enfermera_de_la_Salsa.jpeg?w=1180&amp;ssl=1 1180w\" sizes=\"auto, (max-width: 1024px) 100vw, 1024px\" data-recalc-dims=\"1\"><\/figure>\n<\/div>\n<p><strong>\u00abEl Hombre Que Me Ame\u00bb<\/strong>\u00a0es una salsa rom\u00e1ntica que expresa el deseo de encontrar a ese hombre ideal que la ame, la respete y la valore. Izis interpreta con su potente voz y su estilo \u00fanico este tema que promete ser un \u00e9xito en las emisoras y las pistas de baile.<\/p>\n<p>Adem\u00e1s, expresa que se siente identificada con la letra, ya que muchas veces ha cantado al desamor, pero esta vez quiere transmitir un mensaje positivo a las mujeres.\u00a0<em>\u00abEsta canci\u00f3n habla de lo que yo creo que es importante: tener un hombre que me deje so\u00f1ar, que me trate bien, que me apoye y me ayude a alcanzar mis sue\u00f1os. Gracias a Dios eso es lo que yo tengo, mi esposo y m\u00e1nager\u00bb<\/em>, dice la artista.<\/p>\n<p>Por consiguiente, este nuevo tema se lanzar\u00e1 antes de que termine el mes de la hispanidad, como una forma de expresar su orgullo de ser latina y de representar a las mujeres latinas.\u00a0<em>\u00abEs mi manera de celebrar nuestra cultura, nuestra m\u00fasica y nuestra fuerza. Espero que las j\u00f3venes escuchen esta canci\u00f3n y la usen como gu\u00eda de lo que merecen\u00bb,<\/em>\u00a0afirma.<\/p>\n<figure class=\"wp-block-embed is-type-video is-provider-youtube wp-block-embed-youtube wp-embed-aspect-16-9 wp-has-aspect-ratio\">\n<div class=\"wp-block-embed__wrapper\">\n<iframe loading=\"lazy\" title=\"Izis La Enfermera de la Salsa  - La Enfermera Lleg\u00f3 (Live) at Tri-City Latino Festival 2023\" width=\"1110\" height=\"624\" src=\"https:\/\/www.youtube.com\/embed\/H5M0M8E0vQU?feature=oembed\" frameborder=\"0\" allow=\"accelerometer; autoplay; clipboard-write; encrypted-media; gyroscope; picture-in-picture; web-share\" allowfullscreen><\/iframe>\n<\/div>\n<\/figure>\n<p><strong>Izis \u00abLa Enfermera de la Salsa\u00bb<\/strong>\u00a0invita a sus seguidores a escuchar su nuevo tema \u00abEl Hombre Que Me Ame\u00bb en las principales plataformas digitales y a seguir sus redes sociales para estar al tanto de sus pr\u00f3ximos proyectos:\u00a0<a href=\"https:\/\/email.cloud2.secureclick.net\/c\/2102?id=269760.2293.1.20ba3d3be3137f5c6ff63a5808997fa8\" target=\"_blank\" rel=\"noreferrer noopener\">https:\/\/bit.ly\/463PMVb<\/a><\/p>\n<\/div>\n","protected":false},"excerpt":{"rendered":"<p>La cantante puertorrique\u00f1a\u00a0Izis \u00abLa Enfermera de la Salsa\u00bb\u00a0presenta su nuevo sencillo\u00a0\u00abEl Hombre Que Me Ame\u00bb, una canci\u00f3n escrita por el destacado compositor Pedro Jes\u00fas. \u00abEl Hombre Que Me Ame\u00bb\u00a0es una&hellip; <\/p>\n","protected":false},"author":2,"featured_media":5370,"comment_status":"closed","ping_status":"closed","sticky":false,"template":"","format":"standard","meta":{"fifu_image_url":"https:\/\/i0.wp.com\/elmundodelosnegocios.com.do\/v1\/wp-content\/uploads\/2023\/10\/Izis_La_Enfermera_de_la_Salsa-1024x620.jpeg?resize=1024,620&ssl=1","fifu_image_alt":"Izis lanza su nuevo tema \u00abEl Hombre Que Me Ame\u00bb","footnotes":""},"categories":[63],"tags":[],"class_list":["post-5369","post","type-post","status-publish","format-standard","has-post-thumbnail","hentry","category-actualidad"],"_links":{"self":[{"href":"https:\/\/elmundodelapolitica.com\/v1\/wp-json\/wp\/v2\/posts\/5369","targetHints":{"allow":["GET"]}}],"collection":[{"href":"https:\/\/elmundodelapolitica.com\/v1\/wp-json\/wp\/v2\/posts"}],"about":[{"href":"https:\/\/elmundodelapolitica.com\/v1\/wp-json\/wp\/v2\/types\/post"}],"author":[{"embeddable":true,"href":"https:\/\/elmundodelapolitica.com\/v1\/wp-json\/wp\/v2\/users\/2"}],"replies":[{"embeddable":true,"href":"https:\/\/elmundodelapolitica.com\/v1\/wp-json\/wp\/v2\/comments?post=5369"}],"version-history":[{"count":0,"href":"https:\/\/elmundodelapolitica.com\/v1\/wp-json\/wp\/v2\/posts\/5369\/revisions"}],"wp:featuredmedia":[{"embeddable":true,"href":"https:\/\/elmundodelapolitica.com\/v1\/wp-json\/wp\/v2\/media\/5370"}],"wp:attachment":[{"href":"https:\/\/elmundodelapolitica.com\/v1\/wp-json\/wp\/v2\/media?parent=5369"}],"wp:term":[{"taxonomy":"category","embeddable":true,"href":"https:\/\/elmundodelapolitica.com\/v1\/wp-json\/wp\/v2\/categories?post=5369"},{"taxonomy":"post_tag","embeddable":true,"href":"https:\/\/elmundodelapolitica.com\/v1\/wp-json\/wp\/v2\/tags?post=5369"}],"curies":[{"name":"wp","href":"https:\/\/api.w.org\/{rel}","templated":true}]}}