{"id":535,"date":"2021-01-20T01:54:56","date_gmt":"2021-01-20T05:54:56","guid":{"rendered":"http:\/\/www.elmundodelapolitica.com\/v2\/?p=22969"},"modified":"2021-01-20T01:54:56","modified_gmt":"2021-01-20T05:54:56","slug":"fuerza-del-pueblo-dispuesto-a-contribuir-en-reapertura-gradual-de-la-economia","status":"publish","type":"post","link":"https:\/\/elmundodelapolitica.com\/v1\/fuerza-del-pueblo-dispuesto-a-contribuir-en-reapertura-gradual-de-la-economia\/","title":{"rendered":"Fuerza del Pueblo dispuesto a contribuir en reapertura gradual de la econom\u00eda"},"content":{"rendered":"\n<p>El expresidente Leonel Fern\u00e1ndez manifest\u00f3 que el partido Fuerzo del Pueblo est\u00e1 dispuesto a contribuir con todo lo que signifique la reactivaci\u00f3n econ\u00f3mica del pa\u00eds, luego de que el presidente Luis Abinader propusiera anoche un pacto con los diferentes sectores de la sociedad para conseguir una reapertura gradual de las actividades econ\u00f3micas.<\/p>\n\n\n\n<p>\u201cTodo lo que implique contribuir a la reactivaci\u00f3n econ\u00f3mica del pa\u00eds, a su recuperaci\u00f3n plena acord\u00f3 con la ruta del crecimiento contar\u00e1 siempre con el apoyo de la Fuerza del Pueblo\u201d, expres\u00f3 Fern\u00e1ndez.<\/p>\n\n\n\n<p>Manifest\u00f3 que la naci\u00f3n y el mundo est\u00e1 viviendo una situaci\u00f3n de crisis sin precedente.<\/p>\n\n\n\n<p>\u201cEs una crisis sanitaria, es una crisis econ\u00f3mica, es una crisis social, y para revolver esa crisis, tenemos que contar con la unidad del pueblo dominicano\u201d, precis\u00f3 el exmandatario.<\/p>\n\n\n\n<p>Fern\u00e1ndez emiti\u00f3 estas declaraciones luego de juramentar al exsenador de La Vega, Euclides S\u00e1nchez, y otros dirigentes de esa demarcaci\u00f3n que abandonaron el Partido de la Liberaci\u00f3n Dominicana (PLD) para pasar a las filas de la organizaci\u00f3n que preside.<\/p>\n","protected":false},"excerpt":{"rendered":"<p>El expresidente Leonel Fern\u00e1ndez manifest\u00f3 que el partido Fuerzo del Pueblo est\u00e1 dispuesto a contribuir con todo lo que signifique la reactivaci\u00f3n econ\u00f3mica del pa\u00eds, luego de que el presidente&hellip; <\/p>\n","protected":false},"author":2,"featured_media":536,"comment_status":"closed","ping_status":"open","sticky":false,"template":"","format":"standard","meta":{"fifu_image_url":"","fifu_image_alt":"","footnotes":""},"categories":[63,8],"tags":[],"class_list":["post-535","post","type-post","status-publish","format-standard","has-post-thumbnail","hentry","category-actualidad","category-politica-economica"],"_links":{"self":[{"href":"https:\/\/elmundodelapolitica.com\/v1\/wp-json\/wp\/v2\/posts\/535","targetHints":{"allow":["GET"]}}],"collection":[{"href":"https:\/\/elmundodelapolitica.com\/v1\/wp-json\/wp\/v2\/posts"}],"about":[{"href":"https:\/\/elmundodelapolitica.com\/v1\/wp-json\/wp\/v2\/types\/post"}],"author":[{"embeddable":true,"href":"https:\/\/elmundodelapolitica.com\/v1\/wp-json\/wp\/v2\/users\/2"}],"replies":[{"embeddable":true,"href":"https:\/\/elmundodelapolitica.com\/v1\/wp-json\/wp\/v2\/comments?post=535"}],"version-history":[{"count":0,"href":"https:\/\/elmundodelapolitica.com\/v1\/wp-json\/wp\/v2\/posts\/535\/revisions"}],"wp:featuredmedia":[{"embeddable":true,"href":"https:\/\/elmundodelapolitica.com\/v1\/wp-json\/wp\/v2\/media\/536"}],"wp:attachment":[{"href":"https:\/\/elmundodelapolitica.com\/v1\/wp-json\/wp\/v2\/media?parent=535"}],"wp:term":[{"taxonomy":"category","embeddable":true,"href":"https:\/\/elmundodelapolitica.com\/v1\/wp-json\/wp\/v2\/categories?post=535"},{"taxonomy":"post_tag","embeddable":true,"href":"https:\/\/elmundodelapolitica.com\/v1\/wp-json\/wp\/v2\/tags?post=535"}],"curies":[{"name":"wp","href":"https:\/\/api.w.org\/{rel}","templated":true}]}}