{"id":5349,"date":"2023-10-12T21:47:49","date_gmt":"2023-10-13T01:47:49","guid":{"rendered":"https:\/\/elmundodelapolitica.com\/v1\/?p=5349"},"modified":"2023-10-12T21:47:49","modified_gmt":"2023-10-13T01:47:49","slug":"republica-dominicana-recibio-7625986-visitantes-en-el-periodo-enero-septiembre-2023","status":"publish","type":"post","link":"https:\/\/elmundodelapolitica.com\/v1\/republica-dominicana-recibio-7625986-visitantes-en-el-periodo-enero-septiembre-2023\/","title":{"rendered":"Rep\u00fablica Dominicana recibi\u00f3 7,625,986 visitantes en el per\u00edodo enero-septiembre 2023"},"content":{"rendered":"<div>\n<p>Santo Domingo.-\u00a0<strong>El ministro David Collado<\/strong>\u00a0afirm\u00f3 este jueves que el turismo mantiene un\u00a0<strong>crecimiento indetenible,<\/strong>\u00a0al registrar este mes la llegada de\u00a0<strong>545,990 visitantes,<\/strong>\u00a0de modo que alcanza la\u00a0<strong>hist\u00f3rica cifra de 7,625,986 en el per\u00edodo enero-septiembre<\/strong>.<\/p>\n<p><em>\u00abEsos son n\u00fameros hist\u00f3ricos, que se sienten en la econom\u00eda y lo mejor de todo es que ese crecimiento es indetenible\u00bb,\u00a0<\/em>dijo el ministro Collado, al presentar\u00a0<strong>las estad\u00edsticas del mes de septiembre<\/strong>\u00a0durante un acto realizado en el hotel El Embajador.<\/p>\n<figure class=\"wp-block-image\"><img decoding=\"async\" src=\"https:\/\/i0.wp.com\/presidencia.gob.do\/sites\/default\/files\/inline-images\/_DSC1186.jpg?w=1110&amp;ssl=1\" alt=\"\" data-recalc-dims=\"1\"><\/figure>\n<p>Inform\u00f3 que, en septiembre, solo por la\u00a0<strong>v\u00eda a\u00e9rea<\/strong>, al pa\u00eds ingresaron\u00a0<strong>478,794 turistas,<\/strong>\u00a0lo que representa un\u00a0<strong>48 %<\/strong>\u00a0m\u00e1s que el mismo mes del 2019,\u00a0<strong>31 %<\/strong>\u00a0m\u00e1s que el 2021 y un\u00a0<strong>11 %<\/strong>\u00a0m\u00e1s que en el 2022.<\/p>\n<div class=\"wp-block-image\">\n<figure class=\"aligncenter size-large\"><img data-attachment-id=\"33169\" data-permalink=\"https:\/\/elmundodelosnegocios.com.do\/v1\/index.php\/2023\/10\/12\/republica-dominicana-recibio-7625986-visitantes-en-el-periodo-enero-septiembre-2023\/1-6-4-2\/\" data-orig-file=\"https:\/\/i0.wp.com\/elmundodelosnegocios.com.do\/v1\/wp-content\/uploads\/2023\/10\/1-6-4.jpg?fit=1300%2C731&amp;ssl=1\" data-orig-size=\"1300,731\" data-comments-opened=\"0\" data-image-meta='{\"aperture\":\"0\",\"credit\":\"\",\"camera\":\"\",\"caption\":\"\",\"created_timestamp\":\"0\",\"copyright\":\"\",\"focal_length\":\"0\",\"iso\":\"0\",\"shutter_speed\":\"0\",\"title\":\"\",\"orientation\":\"0\"}' data-image-title=\"1-6-4\" data-image-description=\"\" data-image-caption=\"\" data-medium-file=\"https:\/\/i0.wp.com\/elmundodelosnegocios.com.do\/v1\/wp-content\/uploads\/2023\/10\/1-6-4.jpg?fit=300%2C169&amp;ssl=1\" data-large-file=\"https:\/\/i0.wp.com\/elmundodelosnegocios.com.do\/v1\/wp-content\/uploads\/2023\/10\/1-6-4.jpg?fit=1024%2C576&amp;ssl=1\" decoding=\"async\" loading=\"lazy\" width=\"1024\" height=\"576\" src=\"https:\/\/i0.wp.com\/elmundodelosnegocios.com.do\/v1\/wp-content\/uploads\/2023\/10\/1-6-4-1024x576.jpg?resize=1024,576&amp;ssl=1\" alt=\"\" class=\"wp-image-33169\" srcset=\"https:\/\/i0.wp.com\/elmundodelosnegocios.com.do\/v1\/wp-content\/uploads\/2023\/10\/1-6-4.jpg?resize=1024%2C576&amp;ssl=1 1024w, https:\/\/i0.wp.com\/elmundodelosnegocios.com.do\/v1\/wp-content\/uploads\/2023\/10\/1-6-4.jpg?resize=300%2C169&amp;ssl=1 300w, https:\/\/i0.wp.com\/elmundodelosnegocios.com.do\/v1\/wp-content\/uploads\/2023\/10\/1-6-4.jpg?resize=768%2C432&amp;ssl=1 768w, https:\/\/i0.wp.com\/elmundodelosnegocios.com.do\/v1\/wp-content\/uploads\/2023\/10\/1-6-4.jpg?w=1300&amp;ssl=1 1300w\" sizes=\"auto, (max-width: 1024px) 100vw, 1024px\" data-recalc-dims=\"1\"><\/figure>\n<\/div>\n<p>Expres\u00f3 que ese crecimiento sostenible tambi\u00e9n se refleja en la\u00a0<strong>industria de cruceros<\/strong>, visto que en septiembre el pa\u00eds recibi\u00f3 la llegada de\u00a0<strong>67,196 cruceristas<\/strong>, para sumar un<strong>\u00a01,602,411 en el per\u00edodo enero-septiembre.<\/strong><\/p>\n<p>\u00ab<em>Si vemos esas cifras, estamos hablando de que Rep\u00fablica Dominicana recibi\u00f3 en el per\u00edodo enero-septiembre nada m\u00e1s y nada menos que 7,625,986, un verdadero r\u00e9cord\u00bb,<\/em>\u00a0indic\u00f3 Collado.<\/p>\n<p>Puntualiz\u00f3 que\u00a0<strong>las proyecciones de llegada de turistas a final de a\u00f1o superar\u00e1n los 7.9 millones<\/strong>, lo que ser\u00eda un nuevo r\u00e9cord.<\/p>\n<p>Reiter\u00f3 que al cierre del 2023 Rep\u00fablica Dominicana superar\u00e1 la meta de los 10 millones de turistas.<\/p>\n<\/div>\n","protected":false},"excerpt":{"rendered":"<p>Santo Domingo.-\u00a0El ministro David Collado\u00a0afirm\u00f3 este jueves que el turismo mantiene un\u00a0crecimiento indetenible,\u00a0al registrar este mes la llegada de\u00a0545,990 visitantes,\u00a0de modo que alcanza la\u00a0hist\u00f3rica cifra de 7,625,986 en el per\u00edodo&hellip; <\/p>\n","protected":false},"author":2,"featured_media":5350,"comment_status":"closed","ping_status":"closed","sticky":false,"template":"","format":"standard","meta":{"fifu_image_url":"https:\/\/i0.wp.com\/presidencia.gob.do\/sites\/default\/files\/inline-images\/_DSC1186.jpg?w=1110&ssl=1","fifu_image_alt":"Rep\u00fablica Dominicana recibi\u00f3 7,625,986 visitantes en el per\u00edodo enero-septiembre 2023","footnotes":""},"categories":[63],"tags":[],"class_list":["post-5349","post","type-post","status-publish","format-standard","has-post-thumbnail","hentry","category-actualidad"],"_links":{"self":[{"href":"https:\/\/elmundodelapolitica.com\/v1\/wp-json\/wp\/v2\/posts\/5349","targetHints":{"allow":["GET"]}}],"collection":[{"href":"https:\/\/elmundodelapolitica.com\/v1\/wp-json\/wp\/v2\/posts"}],"about":[{"href":"https:\/\/elmundodelapolitica.com\/v1\/wp-json\/wp\/v2\/types\/post"}],"author":[{"embeddable":true,"href":"https:\/\/elmundodelapolitica.com\/v1\/wp-json\/wp\/v2\/users\/2"}],"replies":[{"embeddable":true,"href":"https:\/\/elmundodelapolitica.com\/v1\/wp-json\/wp\/v2\/comments?post=5349"}],"version-history":[{"count":0,"href":"https:\/\/elmundodelapolitica.com\/v1\/wp-json\/wp\/v2\/posts\/5349\/revisions"}],"wp:featuredmedia":[{"embeddable":true,"href":"https:\/\/elmundodelapolitica.com\/v1\/wp-json\/wp\/v2\/media\/5350"}],"wp:attachment":[{"href":"https:\/\/elmundodelapolitica.com\/v1\/wp-json\/wp\/v2\/media?parent=5349"}],"wp:term":[{"taxonomy":"category","embeddable":true,"href":"https:\/\/elmundodelapolitica.com\/v1\/wp-json\/wp\/v2\/categories?post=5349"},{"taxonomy":"post_tag","embeddable":true,"href":"https:\/\/elmundodelapolitica.com\/v1\/wp-json\/wp\/v2\/tags?post=5349"}],"curies":[{"name":"wp","href":"https:\/\/api.w.org\/{rel}","templated":true}]}}