{"id":5315,"date":"2023-10-11T11:13:54","date_gmt":"2023-10-11T15:13:54","guid":{"rendered":"https:\/\/elmundodelapolitica.com\/v1\/?p=5315"},"modified":"2023-10-11T11:13:54","modified_gmt":"2023-10-11T15:13:54","slug":"its-t-i-m-e-2023-un-impulso-a-la-transformacion-de-la-industria-publicitaria","status":"publish","type":"post","link":"https:\/\/elmundodelapolitica.com\/v1\/its-t-i-m-e-2023-un-impulso-a-la-transformacion-de-la-industria-publicitaria\/","title":{"rendered":"\u00abIT\u2019S T.I.M.E. 2023\u00bb un impulso a la transformaci\u00f3n de la industria publicitaria"},"content":{"rendered":"<div>\n<p><em>Minderlust re\u00fane unas siete agencias publicitarias y se celebr\u00f3 Punta Cana durante con la iniciativa de potencial a colaboradores<\/em><\/p>\n<p>El grupo Minderlust realiz\u00f3 con impresionante \u00e9xito su primer congreso educativo y transformador titulado \u00abIT\u2019S T.I.M.E. 2023\u00bb, el cual se centr\u00f3 en el objetivo de inspirar e impulsar el potencial de cada uno de sus colaboradores, para alcanzar la grandeza.<\/p>\n<div class=\"wp-block-image\">\n<figure class=\"aligncenter size-large\"><img data-attachment-id=\"33091\" data-permalink=\"https:\/\/elmundodelosnegocios.com.do\/v1\/index.php\/2023\/10\/11\/its-t-i-m-e-2023-un-impulso-a-la-transformacion-de-la-industria-publicitaria\/1-3-11-2\/\" data-orig-file=\"https:\/\/i0.wp.com\/elmundodelosnegocios.com.do\/v1\/wp-content\/uploads\/2023\/10\/1-3-11.jpg?fit=1160%2C774&amp;ssl=1\" data-orig-size=\"1160,774\" data-comments-opened=\"0\" data-image-meta='{\"aperture\":\"0\",\"credit\":\"\",\"camera\":\"\",\"caption\":\"\",\"created_timestamp\":\"0\",\"copyright\":\"\",\"focal_length\":\"0\",\"iso\":\"0\",\"shutter_speed\":\"0\",\"title\":\"\",\"orientation\":\"0\"}' data-image-title=\"1-3-11\" data-image-description=\"\" data-image-caption=\"\" data-medium-file=\"https:\/\/i0.wp.com\/elmundodelosnegocios.com.do\/v1\/wp-content\/uploads\/2023\/10\/1-3-11.jpg?fit=300%2C200&amp;ssl=1\" data-large-file=\"https:\/\/i0.wp.com\/elmundodelosnegocios.com.do\/v1\/wp-content\/uploads\/2023\/10\/1-3-11.jpg?fit=1024%2C683&amp;ssl=1\" decoding=\"async\" loading=\"lazy\" width=\"1024\" height=\"683\" src=\"https:\/\/i0.wp.com\/elmundodelosnegocios.com.do\/v1\/wp-content\/uploads\/2023\/10\/1-3-11-1024x683.jpg?resize=1024,683&amp;ssl=1\" alt=\"\" class=\"wp-image-33091\" srcset=\"https:\/\/i0.wp.com\/elmundodelosnegocios.com.do\/v1\/wp-content\/uploads\/2023\/10\/1-3-11.jpg?resize=1024%2C683&amp;ssl=1 1024w, https:\/\/i0.wp.com\/elmundodelosnegocios.com.do\/v1\/wp-content\/uploads\/2023\/10\/1-3-11.jpg?resize=300%2C200&amp;ssl=1 300w, https:\/\/i0.wp.com\/elmundodelosnegocios.com.do\/v1\/wp-content\/uploads\/2023\/10\/1-3-11.jpg?resize=768%2C512&amp;ssl=1 768w, https:\/\/i0.wp.com\/elmundodelosnegocios.com.do\/v1\/wp-content\/uploads\/2023\/10\/1-3-11.jpg?w=1160&amp;ssl=1 1160w\" sizes=\"auto, (max-width: 1024px) 100vw, 1024px\" data-recalc-dims=\"1\"><\/figure>\n<\/div>\n<p>Unas siete agencias publicitarias agrupadas en Minderlust celebraron este evento llevado a cabo en las instalaciones del Hotel Margarita Village de Punta Cana y su log\u00edstica se bas\u00f3 en ofrecer charlas bajo cuatro pilares fundamentales: \u2018THINK\u2019 (Pensar) \u2013 \u2018INVESTIGATE\u2019 (Investigar) \u2013 \u2018MOVE\u2019 (Moverse) \u2013 \u2018ENGAGE\u2019 (Participar).\u00a0<\/p>\n<p>Estos cuatro pilares ofrecieron a los participantes las herramientas necesarias para transformar su d\u00eda a d\u00eda profesional y descubrir c\u00f3mo maximizar su talento.\u00a0 Para alcanzar el \u00e9xito de la actividad, se logr\u00f3 reunir a profesionales de la industria publicitaria y de comunicaci\u00f3n en un ambiente enriquecedor lleno de aprendizaje, inspiraci\u00f3n y conexiones valiosas.\u00a0<\/p>\n<p>En esta primera edici\u00f3n, \u00abIT\u2019S T.I.M.E.\u00bb cont\u00f3 con el apoyo de destacados oradores locales e internacionales; as\u00ed como profesionales de alto impacto que compartieron sus conocimientos y experiencias. Algunos de los ponentes incluyeron a Paula Cabalen, Franz Garc\u00eda, Dafne de Fr\u00edas, Rodolfo Borrel, Kenneth Bracho, Patty Yunen, Jos\u00e9 Guillermo D\u00edaz, Eduardo Valc\u00e1rcel, Gerardo Ayala \u00abYayo\u00bb, Freddy Montero, Joan Bueno y muchos otros.<\/p>\n<p>\u00abIT\u2019S T.I.M.E. 2023 ha establecido un nuevo est\u00e1ndar en la industria y estamos encantados de haber brindado esta experiencia inolvidable a nuestros colaboradores; por lo que esperamos continuar inspirando y transformando vidas en futuras ediciones\u00bb, dijo Juan Rafael Fabi\u00e1n Cisneros, CEO y fundador de Minderlust.<\/p>\n<p>La iniciativa, creada desde la industria y para la industria, fue dirigida por el Grupo Minderlust que engloba las agencias l\u00edderes como Liquid Digital, Mccann Santo Domingo, OR Advertising, Ninja, Mom, Splash Media Adsemble.\u00a0<\/p>\n<\/div>\n","protected":false},"excerpt":{"rendered":"<p>Minderlust re\u00fane unas siete agencias publicitarias y se celebr\u00f3 Punta Cana durante con la iniciativa de potencial a colaboradores El grupo Minderlust realiz\u00f3 con impresionante \u00e9xito su primer congreso educativo&hellip; <\/p>\n","protected":false},"author":2,"featured_media":5316,"comment_status":"closed","ping_status":"closed","sticky":false,"template":"","format":"standard","meta":{"fifu_image_url":"https:\/\/i0.wp.com\/elmundodelosnegocios.com.do\/v1\/wp-content\/uploads\/2023\/10\/1-3-11-1024x683.jpg?resize=1024,683&ssl=1","fifu_image_alt":"\u00abIT\u2019S T.I.M.E. 2023\u00bb un impulso a la transformaci\u00f3n de la industria publicitaria","footnotes":""},"categories":[63],"tags":[],"class_list":["post-5315","post","type-post","status-publish","format-standard","has-post-thumbnail","hentry","category-actualidad"],"_links":{"self":[{"href":"https:\/\/elmundodelapolitica.com\/v1\/wp-json\/wp\/v2\/posts\/5315","targetHints":{"allow":["GET"]}}],"collection":[{"href":"https:\/\/elmundodelapolitica.com\/v1\/wp-json\/wp\/v2\/posts"}],"about":[{"href":"https:\/\/elmundodelapolitica.com\/v1\/wp-json\/wp\/v2\/types\/post"}],"author":[{"embeddable":true,"href":"https:\/\/elmundodelapolitica.com\/v1\/wp-json\/wp\/v2\/users\/2"}],"replies":[{"embeddable":true,"href":"https:\/\/elmundodelapolitica.com\/v1\/wp-json\/wp\/v2\/comments?post=5315"}],"version-history":[{"count":0,"href":"https:\/\/elmundodelapolitica.com\/v1\/wp-json\/wp\/v2\/posts\/5315\/revisions"}],"wp:featuredmedia":[{"embeddable":true,"href":"https:\/\/elmundodelapolitica.com\/v1\/wp-json\/wp\/v2\/media\/5316"}],"wp:attachment":[{"href":"https:\/\/elmundodelapolitica.com\/v1\/wp-json\/wp\/v2\/media?parent=5315"}],"wp:term":[{"taxonomy":"category","embeddable":true,"href":"https:\/\/elmundodelapolitica.com\/v1\/wp-json\/wp\/v2\/categories?post=5315"},{"taxonomy":"post_tag","embeddable":true,"href":"https:\/\/elmundodelapolitica.com\/v1\/wp-json\/wp\/v2\/tags?post=5315"}],"curies":[{"name":"wp","href":"https:\/\/api.w.org\/{rel}","templated":true}]}}