{"id":531,"date":"2020-10-26T18:16:55","date_gmt":"2020-10-26T22:16:55","guid":{"rendered":"http:\/\/www.elmundodelapolitica.com\/v2\/?p=22544"},"modified":"2020-10-26T18:16:55","modified_gmt":"2020-10-26T22:16:55","slug":"viva-nace-un-nuevo-partido-politico-estatal","status":"publish","type":"post","link":"https:\/\/elmundodelapolitica.com\/v1\/viva-nace-un-nuevo-partido-politico-estatal\/","title":{"rendered":"\u201cVIVA!\u201d: Nace un nuevo partido pol\u00edtico estatal"},"content":{"rendered":"\n<p>Ha surgido un nuevo partido pol\u00edtico a nivel nacional que podr\u00e1 participar en todos los comicios del pa\u00eds. Sus fundadores, del municipio de Sant Feliu de Llobregat (Barcelona) y disconformes con la pol\u00edtica actual, quieren realizar una pol\u00edtica inclusiva, global, igualitaria, libre, veraz, diversa y justa.<\/p>\n\n\n\n<p><br>En la actualidad preside el partido Miguel \u00c1ngel Goicoechea, abogado y psic\u00f3logo, quien asegura que: \u201c<em>la pol\u00edtica est\u00e1 corrupta y gracias a la existencia de la extrema derecha radical se est\u00e1 poniendo en juego la seguridad democr\u00e1tica del Estado, la paz social, los derechos humanos y la convivencia pac\u00edfica\u201d.<\/em><\/p>\n\n\n\n<p>Sus <em>hashtags<\/em> #vuelveaconfiar y #todonovale, son una clara referencia a la desconfianza pol\u00edtica que actualmente siente la ciudadan\u00eda, efecto de la corrupci\u00f3n pol\u00edtica y recientemente mon\u00e1rquica, y de la ligereza con la que se abordan asuntos tan graves como este.<\/p>\n\n\n\n<p>El programa VIVA! incluye medidas como la reducci\u00f3n del n\u00famero de pol\u00edticos y cargos de confianza, lucha activa contra la corrupci\u00f3n, refer\u00e9ndum mon\u00e1rquico, incrementar efectivos y presupuesto en educaci\u00f3n y sanidad, reducci\u00f3n de la jornada laboral y d\u00edas laborales, abolici\u00f3n de la tauromaquia, trabajo \u00fatil para las personas presas, ampliaci\u00f3n de penas y plazos de prescripci\u00f3n en delitos graves y muy graves, reducir la pobreza y exclusi\u00f3n, tribunales y medios de comunicaci\u00f3n sin influencia pol\u00edtica, alquileres sociales y l\u00edmite en el precio de alquiler o cuotas de aut\u00f3nomos seg\u00fan ingresos y aut\u00f3nomo a tiempo parcial. Puedes encontrar su programa completo en su p\u00e1gina web <a href=\"http:\/\/www.partidoviva.info\">www.partidoviva.info<\/a>.<\/p>\n\n\n\n<p>Los fundadores del partido se posicionan como defensores de una vivienda digna y asequible, de las pensiones, de una educaci\u00f3n y sanidad p\u00fablica y de calidad, de unas retribuciones justas, de la creaci\u00f3n de empleo, de los animales, del medio ambiente y del derecho a decidir.<\/p>\n\n\n\n<p>VIVA! cree en los derechos y libertades fundamentales de la persona y quiere que la ciudadan\u00eda tenga esperanza, sue\u00f1os e ilusiones, y as\u00ed lo manifiestan en la canci\u00f3n que han grabado para darse a conocer.<\/p>\n","protected":false},"excerpt":{"rendered":"<p>Ha surgido un nuevo partido pol\u00edtico a nivel nacional que podr\u00e1 participar en todos los comicios del pa\u00eds. Sus fundadores, del municipio de Sant Feliu de Llobregat (Barcelona) y disconformes&hellip; <\/p>\n","protected":false},"author":2,"featured_media":532,"comment_status":"closed","ping_status":"open","sticky":false,"template":"","format":"standard","meta":{"fifu_image_url":"","fifu_image_alt":"","footnotes":""},"categories":[10],"tags":[],"class_list":["post-531","post","type-post","status-publish","format-standard","has-post-thumbnail","hentry","category-marketing-politico"],"_links":{"self":[{"href":"https:\/\/elmundodelapolitica.com\/v1\/wp-json\/wp\/v2\/posts\/531","targetHints":{"allow":["GET"]}}],"collection":[{"href":"https:\/\/elmundodelapolitica.com\/v1\/wp-json\/wp\/v2\/posts"}],"about":[{"href":"https:\/\/elmundodelapolitica.com\/v1\/wp-json\/wp\/v2\/types\/post"}],"author":[{"embeddable":true,"href":"https:\/\/elmundodelapolitica.com\/v1\/wp-json\/wp\/v2\/users\/2"}],"replies":[{"embeddable":true,"href":"https:\/\/elmundodelapolitica.com\/v1\/wp-json\/wp\/v2\/comments?post=531"}],"version-history":[{"count":0,"href":"https:\/\/elmundodelapolitica.com\/v1\/wp-json\/wp\/v2\/posts\/531\/revisions"}],"wp:featuredmedia":[{"embeddable":true,"href":"https:\/\/elmundodelapolitica.com\/v1\/wp-json\/wp\/v2\/media\/532"}],"wp:attachment":[{"href":"https:\/\/elmundodelapolitica.com\/v1\/wp-json\/wp\/v2\/media?parent=531"}],"wp:term":[{"taxonomy":"category","embeddable":true,"href":"https:\/\/elmundodelapolitica.com\/v1\/wp-json\/wp\/v2\/categories?post=531"},{"taxonomy":"post_tag","embeddable":true,"href":"https:\/\/elmundodelapolitica.com\/v1\/wp-json\/wp\/v2\/tags?post=531"}],"curies":[{"name":"wp","href":"https:\/\/api.w.org\/{rel}","templated":true}]}}