{"id":53,"date":"2022-09-15T22:30:36","date_gmt":"2022-09-16T02:30:36","guid":{"rendered":"https:\/\/elmundodelapolitica.com\/v1\/?p=25745"},"modified":"2022-09-26T10:36:19","modified_gmt":"2022-09-26T14:36:19","slug":"leonel-fernandez-gobierno-del-prm-ha-fracasado-con-la-apertura-de-ano-escolar","status":"publish","type":"post","link":"https:\/\/elmundodelapolitica.com\/v1\/leonel-fernandez-gobierno-del-prm-ha-fracasado-con-la-apertura-de-ano-escolar\/","title":{"rendered":"Leonel Fern\u00e1ndez: Gobierno del PRM \u00abha fracasado con la apertura de a\u00f1o escolar\u00bb"},"content":{"rendered":"\n<p><strong>Santo Domingo.-<\/strong>&nbsp;El presidente del partido Fuerza del Pueblo, Leonel Fern\u00e1ndez, dijo este mi\u00e9rcoles que la entrega de los bonos escolares por parte del Ministerio de Educaci\u00f3n constituye el reconocimiento del fracaso que ha tenido el gobierno para iniciar el a\u00f1o escolar.<\/p>\n\n\n\n<p>\u00abLo primero que dir\u00eda es, que el gobierno ha fracasado con la apertura de este a\u00f1o escolar, en tener todas las condiciones requeridas para que nuestros ni\u00f1os y nuestros adolescentes puedan acudir al sistema de educaci\u00f3n p\u00fablica\u201d, dijo el l\u00edder de la oposici\u00f3n.<\/p>\n\n\n\n<p>Fern\u00e1ndez explic\u00f3 adem\u00e1s, que no se debi\u00f3 llegar a estos t\u00e9rminos, que esto sucede por la falta de planificaci\u00f3n del PRM, al no poder gastar el dinero asignado al Ministerio de Educaci\u00f3n, que como soluci\u00f3n han decidido entregar bonos escolares. \u201cEl reconocimiento del fracaso que ha tenido el gobierno en presentar las condiciones adecuadas para el inicio del a\u00f1o escolar\u201d, precis\u00f3 el presidente de FP.<\/p>\n\n\n\n<p>Deplor\u00f3 las pretensiones que se ten\u00edan de reducir el presupuesto del Ministerio de Educaci\u00f3n para ser asignados a la promoci\u00f3n gubernamental. \u201cYo nunca he visto eso en ning\u00fan lugar del mundo, que la publicidad gubernamental del presidente que se quiere reelegir, est\u00e9 por encima del derecho a la educaci\u00f3n que tiene un pueblo\u201d, manifest\u00f3 el expresidente de la Rep\u00fablica.<\/p>\n\n\n\n<p>Estas declaraciones del presidente de la Fuerza del Pueblo se produjeron mientras respond\u00eda preguntas a los asistentes al almuerzo de la Direcci\u00f3n Ejecutiva de la Asociaci\u00f3n Nacional de Detallistas de Gasolina, (ANADEGAS), al cual fue invitado, para conocer sobre la situaci\u00f3n actual del sector distribuidor de combustibles, sus problemas y necesidades.<\/p>\n","protected":false},"excerpt":{"rendered":"<p>Santo Domingo.-&nbsp;El presidente del partido Fuerza del Pueblo, Leonel Fern\u00e1ndez, dijo este mi\u00e9rcoles que la entrega de los bonos escolares por parte del Ministerio de Educaci\u00f3n constituye el reconocimiento del&hellip; <\/p>\n","protected":false},"author":2,"featured_media":54,"comment_status":"closed","ping_status":"open","sticky":false,"template":"","format":"standard","meta":{"fifu_image_url":"","fifu_image_alt":"","footnotes":""},"categories":[17],"tags":[],"class_list":["post-53","post","type-post","status-publish","format-standard","has-post-thumbnail","hentry","category-politica"],"_links":{"self":[{"href":"https:\/\/elmundodelapolitica.com\/v1\/wp-json\/wp\/v2\/posts\/53","targetHints":{"allow":["GET"]}}],"collection":[{"href":"https:\/\/elmundodelapolitica.com\/v1\/wp-json\/wp\/v2\/posts"}],"about":[{"href":"https:\/\/elmundodelapolitica.com\/v1\/wp-json\/wp\/v2\/types\/post"}],"author":[{"embeddable":true,"href":"https:\/\/elmundodelapolitica.com\/v1\/wp-json\/wp\/v2\/users\/2"}],"replies":[{"embeddable":true,"href":"https:\/\/elmundodelapolitica.com\/v1\/wp-json\/wp\/v2\/comments?post=53"}],"version-history":[{"count":1,"href":"https:\/\/elmundodelapolitica.com\/v1\/wp-json\/wp\/v2\/posts\/53\/revisions"}],"predecessor-version":[{"id":453,"href":"https:\/\/elmundodelapolitica.com\/v1\/wp-json\/wp\/v2\/posts\/53\/revisions\/453"}],"wp:featuredmedia":[{"embeddable":true,"href":"https:\/\/elmundodelapolitica.com\/v1\/wp-json\/wp\/v2\/media\/54"}],"wp:attachment":[{"href":"https:\/\/elmundodelapolitica.com\/v1\/wp-json\/wp\/v2\/media?parent=53"}],"wp:term":[{"taxonomy":"category","embeddable":true,"href":"https:\/\/elmundodelapolitica.com\/v1\/wp-json\/wp\/v2\/categories?post=53"},{"taxonomy":"post_tag","embeddable":true,"href":"https:\/\/elmundodelapolitica.com\/v1\/wp-json\/wp\/v2\/tags?post=53"}],"curies":[{"name":"wp","href":"https:\/\/api.w.org\/{rel}","templated":true}]}}