{"id":5298,"date":"2023-10-10T11:28:21","date_gmt":"2023-10-10T15:28:21","guid":{"rendered":"https:\/\/elmundodelapolitica.com\/v1\/?p=5298"},"modified":"2023-10-10T11:28:21","modified_gmt":"2023-10-10T15:28:21","slug":"banco-central-informa-variacion-ipc-en-septiembre-fue-0-43","status":"publish","type":"post","link":"https:\/\/elmundodelapolitica.com\/v1\/banco-central-informa-variacion-ipc-en-septiembre-fue-0-43\/","title":{"rendered":"Banco Central informa variaci\u00f3n IPC en septiembre fue 0.43 %"},"content":{"rendered":"<div>\n<p><strong>Santo Domingo,<\/strong>\u00a0Rep\u00fablica Dominicana. Octubre, 2023.-\u00a0El Banco Central de la Rep\u00fablica Dominicana (BCRD) informa que el \u00edndice de precios al consumidor (IPC) experiment\u00f3 una variaci\u00f3n mensual de 0.43\u00a0% en el mes de septiembre de 2023. Con este resultado, la inflaci\u00f3n interanual medida desde septiembre de 2022 hasta septiembre de 2023 se ubic\u00f3 en 4.41\u00a0%, manteni\u00e9ndose dentro del rango meta de 4.0\u00a0% \u00b1 1.0\u00a0%.<\/p>\n<div class=\"wp-block-image\">\n<figure class=\"aligncenter size-large\"><img data-attachment-id=\"23611\" data-permalink=\"https:\/\/elmundodelosnegocios.com.do\/v1\/index.php\/2022\/11\/03\/bcrd-informa-inflacion-mantiene-tendencia-descendente-por-tercer-mes-consecutivo-ubicandose-0-28-en-octubre-respecto-a-septiembre\/bcrd-5\/\" data-orig-file=\"https:\/\/i0.wp.com\/elmundodelosnegocios.com.do\/v1\/wp-content\/uploads\/2022\/11\/BCRD-scaled.jpg?fit=2560%2C1707&amp;ssl=1\" data-orig-size=\"2560,1707\" data-comments-opened=\"0\" data-image-meta='{\"aperture\":\"6.3\",\"credit\":\"\",\"camera\":\"NIKON D810\",\"caption\":\"\",\"created_timestamp\":\"1527089559\",\"copyright\":\"\",\"focal_length\":\"14\",\"iso\":\"100\",\"shutter_speed\":\"0.00125\",\"title\":\"\",\"orientation\":\"1\"}' data-image-title=\"BCRD\" data-image-description=\"\" data-image-caption=\"\" data-medium-file=\"https:\/\/i0.wp.com\/elmundodelosnegocios.com.do\/v1\/wp-content\/uploads\/2022\/11\/BCRD-scaled.jpg?fit=300%2C200&amp;ssl=1\" data-large-file=\"https:\/\/i0.wp.com\/elmundodelosnegocios.com.do\/v1\/wp-content\/uploads\/2022\/11\/BCRD-scaled.jpg?fit=1024%2C683&amp;ssl=1\" decoding=\"async\" loading=\"lazy\" width=\"1024\" height=\"683\" src=\"https:\/\/i0.wp.com\/elmundodelosnegocios.com.do\/v1\/wp-content\/uploads\/2022\/11\/BCRD.jpg?resize=1024,683\" alt=\"\" class=\"wp-image-23611\" srcset=\"https:\/\/i0.wp.com\/elmundodelosnegocios.com.do\/v1\/wp-content\/uploads\/2022\/11\/BCRD-scaled.jpg?resize=1024%2C683&amp;ssl=1 1024w, https:\/\/i0.wp.com\/elmundodelosnegocios.com.do\/v1\/wp-content\/uploads\/2022\/11\/BCRD-scaled.jpg?resize=300%2C200&amp;ssl=1 300w, https:\/\/i0.wp.com\/elmundodelosnegocios.com.do\/v1\/wp-content\/uploads\/2022\/11\/BCRD-scaled.jpg?resize=768%2C512&amp;ssl=1 768w, https:\/\/i0.wp.com\/elmundodelosnegocios.com.do\/v1\/wp-content\/uploads\/2022\/11\/BCRD-scaled.jpg?resize=1536%2C1024&amp;ssl=1 1536w, https:\/\/i0.wp.com\/elmundodelosnegocios.com.do\/v1\/wp-content\/uploads\/2022\/11\/BCRD-scaled.jpg?resize=2048%2C1365&amp;ssl=1 2048w, https:\/\/i0.wp.com\/elmundodelosnegocios.com.do\/v1\/wp-content\/uploads\/2022\/11\/BCRD-scaled.jpg?w=2220 2220w\" sizes=\"auto, (max-width: 1024px) 100vw, 1024px\" data-recalc-dims=\"1\"><\/figure>\n<\/div>\n<p>El reporte del BCRD indica que la inflaci\u00f3n subyacente registr\u00f3 una variaci\u00f3n mensual de 0.37 % en el mes de septiembre. En t\u00e9rminos interanuales, tambi\u00e9n se ubic\u00f3 dentro del objetivo establecido en el programa monetario al registrar 4.68 % en el referido mes, resultando menor al 4.82 % verificado al cierre del mes de agosto, sosteniendo su tendencia a la baja. La inflaci\u00f3n subyacente es un\u00a0indicador que permite extraer se\u00f1ales m\u00e1s claras para la conducci\u00f3n de la pol\u00edtica monetaria, debido a que excluye a los alimentos con gran variabilidad en sus precios, los combustibles y servicios con precios regulados como la tarifa el\u00e9ctrica, el transporte, adem\u00e1s de las bebidas alcoh\u00f3licas y el tabaco, los cuales normalmente no responden a las condiciones monetarias o de liquidez en la econom\u00eda. \u00a0<\/p>\n<p>El informe mensual del \u00f3rgano rector de la pol\u00edtica monetaria resalta que sus\u00a0modelos del sistema de pron\u00f3sticos macroecon\u00f3micos indican que tanto la inflaci\u00f3n general como la inflaci\u00f3n subyacente permanecer\u00edan dentro del rango meta de 4.0 % \u00b11.0 % en lo que resta de 2023 y hacia 2024, es decir, en el horizonte de pol\u00edtica monetaria\u2026<\/p>\n<\/div>\n","protected":false},"excerpt":{"rendered":"<p>Santo Domingo,\u00a0Rep\u00fablica Dominicana. Octubre, 2023.-\u00a0El Banco Central de la Rep\u00fablica Dominicana (BCRD) informa que el \u00edndice de precios al consumidor (IPC) experiment\u00f3 una variaci\u00f3n mensual de 0.43\u00a0% en el mes&hellip; <\/p>\n","protected":false},"author":2,"featured_media":5299,"comment_status":"closed","ping_status":"closed","sticky":false,"template":"","format":"standard","meta":{"fifu_image_url":"https:\/\/i0.wp.com\/elmundodelosnegocios.com.do\/v1\/wp-content\/uploads\/2022\/11\/BCRD.jpg?resize=1024,683","fifu_image_alt":"Banco Central informa variaci\u00f3n IPC en septiembre fue 0.43 %","footnotes":""},"categories":[63],"tags":[],"class_list":["post-5298","post","type-post","status-publish","format-standard","has-post-thumbnail","hentry","category-actualidad"],"_links":{"self":[{"href":"https:\/\/elmundodelapolitica.com\/v1\/wp-json\/wp\/v2\/posts\/5298","targetHints":{"allow":["GET"]}}],"collection":[{"href":"https:\/\/elmundodelapolitica.com\/v1\/wp-json\/wp\/v2\/posts"}],"about":[{"href":"https:\/\/elmundodelapolitica.com\/v1\/wp-json\/wp\/v2\/types\/post"}],"author":[{"embeddable":true,"href":"https:\/\/elmundodelapolitica.com\/v1\/wp-json\/wp\/v2\/users\/2"}],"replies":[{"embeddable":true,"href":"https:\/\/elmundodelapolitica.com\/v1\/wp-json\/wp\/v2\/comments?post=5298"}],"version-history":[{"count":0,"href":"https:\/\/elmundodelapolitica.com\/v1\/wp-json\/wp\/v2\/posts\/5298\/revisions"}],"wp:featuredmedia":[{"embeddable":true,"href":"https:\/\/elmundodelapolitica.com\/v1\/wp-json\/wp\/v2\/media\/5299"}],"wp:attachment":[{"href":"https:\/\/elmundodelapolitica.com\/v1\/wp-json\/wp\/v2\/media?parent=5298"}],"wp:term":[{"taxonomy":"category","embeddable":true,"href":"https:\/\/elmundodelapolitica.com\/v1\/wp-json\/wp\/v2\/categories?post=5298"},{"taxonomy":"post_tag","embeddable":true,"href":"https:\/\/elmundodelapolitica.com\/v1\/wp-json\/wp\/v2\/tags?post=5298"}],"curies":[{"name":"wp","href":"https:\/\/api.w.org\/{rel}","templated":true}]}}