{"id":5290,"date":"2023-10-10T09:29:04","date_gmt":"2023-10-10T13:29:04","guid":{"rendered":"https:\/\/elmundodelapolitica.com\/v1\/?p=5290"},"modified":"2023-10-10T09:29:04","modified_gmt":"2023-10-10T13:29:04","slug":"inversion-extranjera-directa-en-rd-aumento-a-mas-de-25-en-2022-y-podria-superar-este-ano-los-usd-4000-millones","status":"publish","type":"post","link":"https:\/\/elmundodelapolitica.com\/v1\/inversion-extranjera-directa-en-rd-aumento-a-mas-de-25-en-2022-y-podria-superar-este-ano-los-usd-4000-millones\/","title":{"rendered":"Inversi\u00f3n extranjera directa en RD aument\u00f3 a m\u00e1s de 25 % en 2022 y podr\u00eda superar este a\u00f1o los USD 4,000 millones"},"content":{"rendered":"<div>\n<p>Santo Domingo.- La directora ejecutiva del Centro de Exportaci\u00f3n e Inversi\u00f3n de la Rep\u00fablica Dominicana<strong>\u00a0(ProDominicana), Biviana Riveiro Disla,<\/strong>\u00a0destac\u00f3 que, pese a la desaceleraci\u00f3n econ\u00f3mica a nivel mundial,\u00a0<strong>el pa\u00eds podr\u00eda superar este a\u00f1o los 4,000 millones de d\u00f3lares en inversi\u00f3n extranjera directa (IED).<\/strong><\/p>\n<p><em>\u201cEn el a\u00f1o 2022 rompimos un r\u00e9cord hist\u00f3rico que implic\u00f3 un crecimiento econ\u00f3mico de m\u00e1s de un 25 %, y en el primer semestre de este 2023, la inversi\u00f3n extranjera en nuestro pa\u00eds alcanz\u00f3 los 2,150 millones de d\u00f3lares, lo que podr\u00eda superar la cifra de los 4,000 millones de d\u00f3lares\u201d,<\/em>\u00a0revel\u00f3 Riveiro.<\/p>\n<div class=\"wp-block-image\">\n<figure class=\"aligncenter size-large\"><img data-attachment-id=\"33051\" data-permalink=\"https:\/\/elmundodelosnegocios.com.do\/v1\/index.php\/2023\/10\/10\/inversion-extranjera-directa-en-rd-aumento-a-mas-de-25-en-2022-y-podria-superar-este-ano-los-usd-4000-millones\/1-3-15\/\" data-orig-file=\"https:\/\/i0.wp.com\/elmundodelosnegocios.com.do\/v1\/wp-content\/uploads\/2023\/10\/1-3-9.jpg?fit=1300%2C731&amp;ssl=1\" data-orig-size=\"1300,731\" data-comments-opened=\"0\" data-image-meta='{\"aperture\":\"0\",\"credit\":\"\",\"camera\":\"\",\"caption\":\"\",\"created_timestamp\":\"0\",\"copyright\":\"\",\"focal_length\":\"0\",\"iso\":\"0\",\"shutter_speed\":\"0\",\"title\":\"\",\"orientation\":\"0\"}' data-image-title=\"1 (3)\" data-image-description=\"\" data-image-caption=\"\" data-medium-file=\"https:\/\/i0.wp.com\/elmundodelosnegocios.com.do\/v1\/wp-content\/uploads\/2023\/10\/1-3-9.jpg?fit=300%2C169&amp;ssl=1\" data-large-file=\"https:\/\/i0.wp.com\/elmundodelosnegocios.com.do\/v1\/wp-content\/uploads\/2023\/10\/1-3-9.jpg?fit=1024%2C576&amp;ssl=1\" decoding=\"async\" loading=\"lazy\" width=\"1024\" height=\"576\" src=\"https:\/\/i0.wp.com\/elmundodelosnegocios.com.do\/v1\/wp-content\/uploads\/2023\/10\/1-3-9.jpg?resize=1024,576\" alt=\"\" class=\"wp-image-33051\" srcset=\"https:\/\/i0.wp.com\/elmundodelosnegocios.com.do\/v1\/wp-content\/uploads\/2023\/10\/1-3-9.jpg?resize=1024,576&amp;ssl=1 1024w, https:\/\/i0.wp.com\/elmundodelosnegocios.com.do\/v1\/wp-content\/uploads\/2023\/10\/1-3-9.jpg?resize=300%2C169&amp;ssl=1 300w, https:\/\/i0.wp.com\/elmundodelosnegocios.com.do\/v1\/wp-content\/uploads\/2023\/10\/1-3-9.jpg?resize=768%2C432&amp;ssl=1 768w, https:\/\/i0.wp.com\/elmundodelosnegocios.com.do\/v1\/wp-content\/uploads\/2023\/10\/1-3-9.jpg?w=1300&amp;ssl=1 1300w\" sizes=\"auto, (max-width: 1024px) 100vw, 1024px\" data-recalc-dims=\"1\"><\/figure>\n<\/div>\n<p>Se\u00f1al\u00f3 que la Rep\u00fablica Dominicana se ha convertido en el\u00a0<strong>principal receptor de inversiones extranjeras de Centroam\u00e9rica y el Caribe<\/strong>, superando a Panam\u00e1, Costa Rica, Nicaragua y otros pa\u00edses de la regi\u00f3n, adem\u00e1s de que se ha posicionado como<strong>\u00a0hub log\u00edstico por su alta conectividad.<\/strong><\/p>\n<div class=\"wp-block-image\">\n<figure class=\"aligncenter\"><img decoding=\"async\" src=\"https:\/\/i0.wp.com\/presidencia.gob.do\/sites\/default\/files\/inline-images\/DSC_2116 (1)_0.jpg?w=1110&amp;ssl=1\" alt=\"\" data-recalc-dims=\"1\"><\/figure>\n<\/div>\n<p>Al ser entrevistada en un programa televisivo la funcionaria manifest\u00f3 que las inversiones provienen de\u00a0<strong>Espa\u00f1a, Estados Unidos, Canad\u00e1, M\u00e9xico, Brasil y otros pa\u00edses del mundo.<\/strong><\/p>\n<p><em>\u201cEsta inversi\u00f3n se distribuye en diferentes sectores de la econom\u00eda nacional, tales como: turismo, energ\u00eda renovable, inmobiliario, zonas francas, transporte, telecomunicaciones y el cinematogr\u00e1fico\u201d,<\/em>\u00a0sostuvo Riveiro al tiempo de agregar que\u00a0<strong>las<\/strong>\u00a0<strong>empresas multinacionales que se instalan en el pa\u00eds generan empleos y desarrollo, adem\u00e1s de que transmiten conocimientos tecnol\u00f3gicos<\/strong>, lo que permite que surjan ecosistemas de\u00a0<strong>emprendedores<\/strong>.<\/p>\n<p><strong>Productos dominicanos exportados al exterior\u00a0\u00a0<\/strong><\/p>\n<p>Riveiro manifest\u00f3 que entre los productos dominicanos m\u00e1s exportados se encuentran el\u00a0<strong>oro, tabaco, dispositivos m\u00e9dicos, servicios, cacao, guineo, mango,<\/strong>\u00a0entre otros. Los principales mercados donde ingresan son:\u00a0<strong>Estados Unidos, China, India, Hait\u00ed, Puerto Rico, Espa\u00f1a y Costa Rica.<\/strong><\/p>\n<p><em>\u201cLa Rep\u00fablica Dominicana tiene acceso directo a 28 de 33 islas del Caribe y estamos exportando, a nivel de servicios, nuestros ingenieros que trabajan en el sector construcci\u00f3n, los cuales son los principales constructores de hoteles en Jamaica y Anguilla\u201d,\u00a0<\/em>subray\u00f3.\u00a0\u00a0<\/p>\n<p><strong>Formalizaci\u00f3n<\/strong>\u00a0\u00a0<\/p>\n<div class=\"wp-block-image\">\n<figure class=\"aligncenter\"><img decoding=\"async\" src=\"https:\/\/i0.wp.com\/presidencia.gob.do\/sites\/default\/files\/inline-images\/DSC_2163 (1)_1.jpg?w=1110&amp;ssl=1\" alt=\"\" data-recalc-dims=\"1\"><\/figure>\n<\/div>\n<p>Riveiro indic\u00f3 que ProDominicana acompa\u00f1a en\u00a0<strong>asesor\u00eda gratuita a los inversionistas extranjeros para su formalizaci\u00f3n<\/strong>\u00a0y que uno de los principales requisitos es inscribir las empresas multinacionales en la\u00a0<strong>Direcci\u00f3n General de Impuestos Internos<\/strong>.\u00a0<em>\u201cEsto permite un mejor cumplimiento tributario\u201d.<\/em><\/p>\n<p><em>\u201cSomos una parte importante de la contribuci\u00f3n econ\u00f3mica del pa\u00eds. Trabajamos con las empresas ya establecidas, al igual que con los peque\u00f1os emprendedores para lograr su proceso de formalizaci\u00f3n\u201d,\u00a0<\/em>subray\u00f3.<\/p>\n<p><strong>Proyecto mujeres en exportaci\u00f3n<\/strong><\/p>\n<p>En relaci\u00f3n con el proyecto para incentivar la participaci\u00f3n de mujeres en empresas de exportaci\u00f3n\u00a0<strong>\u201cSHE TRADES RD\u201d<\/strong>, la directora de ProDominicana dijo que este tiene como finalidad la\u00a0<strong>internacionalizaci\u00f3n de los productos y servicios de origen dominicano.<\/strong>\u00a0Apunt\u00f3 que a trav\u00e9s de la ejecuci\u00f3n de\u00a0<strong>proyectos de empoderamiento femenino<\/strong>\u00a0se busca desarrollar procesos en la exportaci\u00f3n de las\u00a0<strong>micro, peque\u00f1as y medianas empresas lideradas por mujeres.<\/strong><\/p>\n<p><em>\u201cHemos logrado la participaci\u00f3n de las mujeres dominicanas en los productos cosm\u00e9ticos a nivel internacional\u201d,<\/em>\u00a0manifest\u00f3 Riveiro durante la entrevista, donde adem\u00e1s, anunci\u00f3 la firma de un acuerdo con el\u00a0<strong>Centro de Comercio Internacional de las Naciones Unidas (ITC) para dar visibilidad a los trabajos que realiza la mujer dominicana.<\/strong><\/p>\n<\/div>\n","protected":false},"excerpt":{"rendered":"<p>Santo Domingo.- La directora ejecutiva del Centro de Exportaci\u00f3n e Inversi\u00f3n de la Rep\u00fablica Dominicana\u00a0(ProDominicana), Biviana Riveiro Disla,\u00a0destac\u00f3 que, pese a la desaceleraci\u00f3n econ\u00f3mica a nivel mundial,\u00a0el pa\u00eds podr\u00eda superar&hellip; <\/p>\n","protected":false},"author":2,"featured_media":5291,"comment_status":"closed","ping_status":"closed","sticky":false,"template":"","format":"standard","meta":{"fifu_image_url":"https:\/\/i0.wp.com\/elmundodelosnegocios.com.do\/v1\/wp-content\/uploads\/2023\/10\/1-3-9.jpg?resize=1024,576","fifu_image_alt":"Inversi\u00f3n extranjera directa en RD aument\u00f3 a m\u00e1s de 25 % en 2022 y podr\u00eda superar este a\u00f1o los USD 4,000 millones","footnotes":""},"categories":[63],"tags":[],"class_list":["post-5290","post","type-post","status-publish","format-standard","has-post-thumbnail","hentry","category-actualidad"],"_links":{"self":[{"href":"https:\/\/elmundodelapolitica.com\/v1\/wp-json\/wp\/v2\/posts\/5290","targetHints":{"allow":["GET"]}}],"collection":[{"href":"https:\/\/elmundodelapolitica.com\/v1\/wp-json\/wp\/v2\/posts"}],"about":[{"href":"https:\/\/elmundodelapolitica.com\/v1\/wp-json\/wp\/v2\/types\/post"}],"author":[{"embeddable":true,"href":"https:\/\/elmundodelapolitica.com\/v1\/wp-json\/wp\/v2\/users\/2"}],"replies":[{"embeddable":true,"href":"https:\/\/elmundodelapolitica.com\/v1\/wp-json\/wp\/v2\/comments?post=5290"}],"version-history":[{"count":0,"href":"https:\/\/elmundodelapolitica.com\/v1\/wp-json\/wp\/v2\/posts\/5290\/revisions"}],"wp:featuredmedia":[{"embeddable":true,"href":"https:\/\/elmundodelapolitica.com\/v1\/wp-json\/wp\/v2\/media\/5291"}],"wp:attachment":[{"href":"https:\/\/elmundodelapolitica.com\/v1\/wp-json\/wp\/v2\/media?parent=5290"}],"wp:term":[{"taxonomy":"category","embeddable":true,"href":"https:\/\/elmundodelapolitica.com\/v1\/wp-json\/wp\/v2\/categories?post=5290"},{"taxonomy":"post_tag","embeddable":true,"href":"https:\/\/elmundodelapolitica.com\/v1\/wp-json\/wp\/v2\/tags?post=5290"}],"curies":[{"name":"wp","href":"https:\/\/api.w.org\/{rel}","templated":true}]}}