{"id":529,"date":"2020-10-26T18:18:21","date_gmt":"2020-10-26T22:18:21","guid":{"rendered":"http:\/\/www.elmundodelapolitica.com\/v2\/?p=22547"},"modified":"2020-10-26T18:18:21","modified_gmt":"2020-10-26T22:18:21","slug":"unidema-pone-en-marcha-unidema-reserch-un-centro-de-estudios-y-analisis-economicos","status":"publish","type":"post","link":"https:\/\/elmundodelapolitica.com\/v1\/unidema-pone-en-marcha-unidema-reserch-un-centro-de-estudios-y-analisis-economicos\/","title":{"rendered":"Unidema pone en marcha Unidema Reserch, un centro de estudios y an\u00e1lisis econ\u00f3micos"},"content":{"rendered":"\n<p><a href=\"https:\/\/unidema.com\">UNIDEMA<\/a> Instituci\u00f3n de formaci\u00f3n privada, desea terminar el a\u00f1o incorporando a su portfolio de entidades <strong>UNIDEMA RESEARCH<\/strong>, un centro de estudios y an\u00e1lisis econ\u00f3micos que se pondr\u00e1 \u201cal servicio de la sociedad en su conjunto\u201d. Con una periodicidad trimestral, se publicar\u00e1n los Estudios de Evoluci\u00f3n Econ\u00f3mica, centrado en los indicadores nacionales, europeos y de las principales potencias econ\u00f3micas. La herramienta estar\u00e1 disponible para la comunidad de estudiantes, <em>partners<\/em>, miembros del Claustro de Profesores y medios colaboradores de UNIDEMA en primera instancia y para el conjunto de la sociedad en abierto transcurrido el plazo de publicaci\u00f3n. Los primeros estudios empezar\u00e1n a publicarse el primer trimestre de 2021.<\/p>\n\n\n\n<p><br>Se espera desde la entidad que esta iniciativa ayude a comprender mejor los fen\u00f3menos econ\u00f3micos que suceden en nuestro entorno, as\u00ed como contribuir con sus conclusiones de tal modo que puedan aportar un alto valor a\u00f1adido, tanto en el plano empresarial como personal, anticipando futuros acontecimientos y mejorando los mecanismos de toma de decisiones.<\/p>\n\n\n\n<p>Para esta labor, cuentan con Eduardo Blasco. Proveniente de la LSE (London School of Economics). Eduardo Blasco es licenciado en Derecho y licenciado en Ciencias Pol\u00edticas por la Universidad de Valencia y Master of Science \u2013 MS Social Research Methods por la propia LSE.<br><br>As\u00ed mismo, Eduardo Blasco se encargar\u00e1 de la evoluci\u00f3n y coordinaci\u00f3n junto con el resto de miembros del Claustro de Profesores y Colaboradores, del futuro M\u00e1ster Propio en Econom\u00eda y Pensamiento Econ\u00f3mico que se espera que est\u00e9 en funcionamiento a partir de 2021.<br><br>UNIDEMA cierra el tercer trimestre con m\u00e1s de un millar de estudiantes entre sus titulaciones propias, destacando el <a href=\"https:\/\/etsine.unidema.com\/mba-emprendedores\">MBA para emprendedores<\/a>, el <a href=\"https:\/\/etsine.unidema.com\/formacion\/master-marketing-digital-venta-monetizacion\">M\u00e1ster en Marketing, Monetizaci\u00f3n y Venta Digital<\/a> o el <a href=\"https:\/\/etsine.unidema.com\/formacion\/master-comunicacion-oratoria\">M\u00e1ster en Comunicaci\u00f3n y Oratoria<\/a>.<\/p>\n","protected":false},"excerpt":{"rendered":"<p>UNIDEMA Instituci\u00f3n de formaci\u00f3n privada, desea terminar el a\u00f1o incorporando a su portfolio de entidades UNIDEMA RESEARCH, un centro de estudios y an\u00e1lisis econ\u00f3micos que se pondr\u00e1 \u201cal servicio de&hellip; <\/p>\n","protected":false},"author":2,"featured_media":530,"comment_status":"closed","ping_status":"open","sticky":false,"template":"","format":"standard","meta":{"fifu_image_url":"","fifu_image_alt":"","footnotes":""},"categories":[10],"tags":[],"class_list":["post-529","post","type-post","status-publish","format-standard","has-post-thumbnail","hentry","category-marketing-politico"],"_links":{"self":[{"href":"https:\/\/elmundodelapolitica.com\/v1\/wp-json\/wp\/v2\/posts\/529","targetHints":{"allow":["GET"]}}],"collection":[{"href":"https:\/\/elmundodelapolitica.com\/v1\/wp-json\/wp\/v2\/posts"}],"about":[{"href":"https:\/\/elmundodelapolitica.com\/v1\/wp-json\/wp\/v2\/types\/post"}],"author":[{"embeddable":true,"href":"https:\/\/elmundodelapolitica.com\/v1\/wp-json\/wp\/v2\/users\/2"}],"replies":[{"embeddable":true,"href":"https:\/\/elmundodelapolitica.com\/v1\/wp-json\/wp\/v2\/comments?post=529"}],"version-history":[{"count":0,"href":"https:\/\/elmundodelapolitica.com\/v1\/wp-json\/wp\/v2\/posts\/529\/revisions"}],"wp:featuredmedia":[{"embeddable":true,"href":"https:\/\/elmundodelapolitica.com\/v1\/wp-json\/wp\/v2\/media\/530"}],"wp:attachment":[{"href":"https:\/\/elmundodelapolitica.com\/v1\/wp-json\/wp\/v2\/media?parent=529"}],"wp:term":[{"taxonomy":"category","embeddable":true,"href":"https:\/\/elmundodelapolitica.com\/v1\/wp-json\/wp\/v2\/categories?post=529"},{"taxonomy":"post_tag","embeddable":true,"href":"https:\/\/elmundodelapolitica.com\/v1\/wp-json\/wp\/v2\/tags?post=529"}],"curies":[{"name":"wp","href":"https:\/\/api.w.org\/{rel}","templated":true}]}}