{"id":5255,"date":"2023-10-08T21:23:40","date_gmt":"2023-10-09T01:23:40","guid":{"rendered":"https:\/\/elmundodelapolitica.com\/v1\/?p=5255"},"modified":"2023-10-08T21:23:40","modified_gmt":"2023-10-09T01:23:40","slug":"destacan-cartera-activa-banreservas-sector-turismo-supera-rd40000-mm","status":"publish","type":"post","link":"https:\/\/elmundodelapolitica.com\/v1\/destacan-cartera-activa-banreservas-sector-turismo-supera-rd40000-mm\/","title":{"rendered":"Destacan cartera activa Banreservas sector turismo supera RD$40,000 MM"},"content":{"rendered":"<div>\n<p><em>La entidad informa en Top Resa, Francia, que proyecta financiamientos que superan los US$700 MM<\/em><\/p>\n<p><strong>Par\u00eds.-<\/strong>\u00a0El Banco de Reservas anunci\u00f3 en la\u00a0 International French Travel Market (IFTM) -Top Resa 2023-, que su cartera\u00a0 activa para el sector turismo super\u00f3 los RD$40,000 millones<\/p>\n<div class=\"wp-block-image\">\n<figure class=\"aligncenter size-large\"><img data-attachment-id=\"32869\" data-permalink=\"https:\/\/elmundodelosnegocios.com.do\/v1\/index.php\/2023\/10\/08\/destacan-cartera-activa-banreservas-sector-turismo-supera-rd40000-mm\/top-resa\/\" data-orig-file=\"https:\/\/i0.wp.com\/elmundodelosnegocios.com.do\/v1\/wp-content\/uploads\/2023\/10\/TOP-RESA.jpg?fit=1384%2C924&amp;ssl=1\" data-orig-size=\"1384,924\" data-comments-opened=\"0\" data-image-meta='{\"aperture\":\"4\",\"credit\":\"Luis Labrado\",\"camera\":\"NIKON D750\",\"caption\":\"\",\"created_timestamp\":\"1696338858\",\"copyright\":\"Luis Labrado\",\"focal_length\":\"56\",\"iso\":\"800\",\"shutter_speed\":\"0.004\",\"title\":\"\",\"orientation\":\"1\"}' data-image-title=\"TOP-RESA\" data-image-description=\"\" data-image-caption=\"\" data-medium-file=\"https:\/\/i0.wp.com\/elmundodelosnegocios.com.do\/v1\/wp-content\/uploads\/2023\/10\/TOP-RESA.jpg?fit=300%2C200&amp;ssl=1\" data-large-file=\"https:\/\/i0.wp.com\/elmundodelosnegocios.com.do\/v1\/wp-content\/uploads\/2023\/10\/TOP-RESA.jpg?fit=1024%2C684&amp;ssl=1\" decoding=\"async\" loading=\"lazy\" width=\"1024\" height=\"684\" src=\"https:\/\/i0.wp.com\/elmundodelosnegocios.com.do\/v1\/wp-content\/uploads\/2023\/10\/TOP-RESA-1024x684.jpg?resize=1024,684&amp;ssl=1\" alt=\"\" class=\"wp-image-32869\" srcset=\"https:\/\/i0.wp.com\/elmundodelosnegocios.com.do\/v1\/wp-content\/uploads\/2023\/10\/TOP-RESA.jpg?resize=1024%2C684&amp;ssl=1 1024w, https:\/\/i0.wp.com\/elmundodelosnegocios.com.do\/v1\/wp-content\/uploads\/2023\/10\/TOP-RESA.jpg?resize=300%2C200&amp;ssl=1 300w, https:\/\/i0.wp.com\/elmundodelosnegocios.com.do\/v1\/wp-content\/uploads\/2023\/10\/TOP-RESA.jpg?resize=768%2C513&amp;ssl=1 768w, https:\/\/i0.wp.com\/elmundodelosnegocios.com.do\/v1\/wp-content\/uploads\/2023\/10\/TOP-RESA.jpg?w=1384&amp;ssl=1 1384w\" sizes=\"auto, (max-width: 1024px) 100vw, 1024px\" data-recalc-dims=\"1\"><\/figure>\n<\/div>\n<p>Ysidro Garc\u00eda, subadministrador de Negocios de Banreservas, expres\u00f3 en esta ciudad que la banca dominicana ha contribuido de manera firme y sostenida al avance del turismo y en la promoci\u00f3n de Rep\u00fablica Dominicana como destino tur\u00edstico y de inversi\u00f3n.<\/p>\n<p>Resalt\u00f3 que el Banco de Reservas en esta feria tiene el prop\u00f3sito de evaluar y establecer alianzas con empresarios del sector, para invertir recursos destinados a las diferentes zonas del pa\u00eds.<\/p>\n<p>\u201cComo una prueba de la positiva incidencia de nuestro Banco en el respaldo a esta \u00e1rea de la econom\u00eda, debo indicarles que al cierre de agosto 2023 nuestra cartera activa para el sector se elev\u00f3 a m\u00e1s de RD$40,000 millones\u201d, dijo.<\/p>\n<p>Garc\u00eda a\u00f1adi\u00f3 que, adem\u00e1s, este a\u00f1o Banreservas est\u00e1 respaldando otros proyectos por un monto de USD$255.2 millones, que estar\u00e1n generando m\u00e1s de 4,000 empleos directos y 6,000 indirectos, y proyecta financiamientos tur\u00edsticos por un monto que supera los USD$700 millones, que equivalen a una inversi\u00f3n de USD$1,428.76 millones, en m\u00e1s de 11 hoteles, dos actividades tem\u00e1ticas, dos puertos de cruceros y en capital de trabajo.<\/p>\n<p>Ejecutivos de la entidad financiera se reunieron con propietarios de empresas hoteleras, ejecutivos e inversionistas del sector, que acudieron a esta feria, considerada una de las m\u00e1s importantes del \u00e1rea tur\u00edstica.\u00a0<\/p>\n<p>Representantes de la Direcci\u00f3n de Desarrollo Tur\u00edstico de Banreservas presentaron en este espacio el portafolio de servicios financieros que ofrece el Banco para captar inversi\u00f3n extranjera.\u00a0<\/p>\n<\/div>\n","protected":false},"excerpt":{"rendered":"<p>La entidad informa en Top Resa, Francia, que proyecta financiamientos que superan los US$700 MM Par\u00eds.-\u00a0El Banco de Reservas anunci\u00f3 en la\u00a0 International French Travel Market (IFTM) -Top Resa 2023-,&hellip; <\/p>\n","protected":false},"author":2,"featured_media":5256,"comment_status":"closed","ping_status":"closed","sticky":false,"template":"","format":"standard","meta":{"fifu_image_url":"https:\/\/i0.wp.com\/elmundodelosnegocios.com.do\/v1\/wp-content\/uploads\/2023\/10\/TOP-RESA-1024x684.jpg?resize=1024,684&ssl=1","fifu_image_alt":"Destacan cartera activa Banreservas sector turismo supera RD$40,000 MM","footnotes":""},"categories":[63],"tags":[],"class_list":["post-5255","post","type-post","status-publish","format-standard","has-post-thumbnail","hentry","category-actualidad"],"_links":{"self":[{"href":"https:\/\/elmundodelapolitica.com\/v1\/wp-json\/wp\/v2\/posts\/5255","targetHints":{"allow":["GET"]}}],"collection":[{"href":"https:\/\/elmundodelapolitica.com\/v1\/wp-json\/wp\/v2\/posts"}],"about":[{"href":"https:\/\/elmundodelapolitica.com\/v1\/wp-json\/wp\/v2\/types\/post"}],"author":[{"embeddable":true,"href":"https:\/\/elmundodelapolitica.com\/v1\/wp-json\/wp\/v2\/users\/2"}],"replies":[{"embeddable":true,"href":"https:\/\/elmundodelapolitica.com\/v1\/wp-json\/wp\/v2\/comments?post=5255"}],"version-history":[{"count":0,"href":"https:\/\/elmundodelapolitica.com\/v1\/wp-json\/wp\/v2\/posts\/5255\/revisions"}],"wp:featuredmedia":[{"embeddable":true,"href":"https:\/\/elmundodelapolitica.com\/v1\/wp-json\/wp\/v2\/media\/5256"}],"wp:attachment":[{"href":"https:\/\/elmundodelapolitica.com\/v1\/wp-json\/wp\/v2\/media?parent=5255"}],"wp:term":[{"taxonomy":"category","embeddable":true,"href":"https:\/\/elmundodelapolitica.com\/v1\/wp-json\/wp\/v2\/categories?post=5255"},{"taxonomy":"post_tag","embeddable":true,"href":"https:\/\/elmundodelapolitica.com\/v1\/wp-json\/wp\/v2\/tags?post=5255"}],"curies":[{"name":"wp","href":"https:\/\/api.w.org\/{rel}","templated":true}]}}