{"id":525,"date":"2020-10-29T00:30:20","date_gmt":"2020-10-29T04:30:20","guid":{"rendered":"http:\/\/www.elmundodelapolitica.com\/v2\/?p=22564"},"modified":"2020-10-29T00:30:20","modified_gmt":"2020-10-29T04:30:20","slug":"presentan-plan-relanzamiento-zonas-francas-convertir-rd-en-hub-industrial-caribe","status":"publish","type":"post","link":"https:\/\/elmundodelapolitica.com\/v1\/presentan-plan-relanzamiento-zonas-francas-convertir-rd-en-hub-industrial-caribe\/","title":{"rendered":"Presentan plan relanzamiento zonas francas convertir RD en Hub Industrial Caribe"},"content":{"rendered":"\n<p><strong>Santo Domingo<\/strong>, R.D., Octubre 28, 2020.- Con el prop\u00f3sito de fomentar la reactivaci\u00f3n econ\u00f3mica y la generaci\u00f3n de empleos, el gobierno dominicano relanzar\u00e1 el sector de zonas francas para lograr que m\u00e1s empresas vean en el pa\u00eds el destino id\u00f3neo para ubicarse, aprovechando nuestra capacidad instalada y la ubicaci\u00f3n estrat\u00e9gica.<\/p>\n\n\n\n<p>As\u00ed lo anunci\u00f3 el ministro de Industria, Comercio y Mipymes (MICM), ingeniero Victor Bison\u00f3 Haza, en el marco del encuentro&nbsp;anual de la Asociaci\u00f3n Dominicana de Zonas Francas (ADOZONA) donde present\u00f3 el plan que busca dinamizar el sector de zonas francas para convertir a Rep\u00fablica Dominicana en HUB Industrial en el Caribe.<\/p>\n\n\n\n<p>Bison\u00f3 expres\u00f3 que \u201ceste plan que se apoya en cinco pilares, ha tomado en&nbsp;cuenta las necesidades particulares de cada sub-sector, siendo este un reflejo del compromiso asumido con cada uno y con todos.\u201d<\/p>\n\n\n\n<p>Asimismo, asegur\u00f3 que \u201c en el sector zonas francas se est\u00e1 evidenciando un proceso de confianza en nuestro clima de inversiones, pues m\u00e1s de 10 empresas multinacionales que operan en nuestro pa\u00eds bajo este r\u00e9gimen, han tomado la decisi\u00f3n de ampliar sus procesos de manufactura y operaciones log\u00edsticas.\u201d<\/p>\n\n\n\n<p>De su lado el presidente de la ADOZONA, Federico Dom\u00ednguez Aristy, destac\u00f3 que a pesar del duro golpe que ha representado la pandemia para todos los sectores productivo, Las Zonas Francas cerrar\u00e1n el 2020 con un vol\u00famen de exportaciones similares al de 2019.<\/p>\n\n\n\n<p>\u201cEsto una excelente noticia y una fuerte y muy positiva&nbsp; se\u00f1al, de lo que es capaz de hacer nuestro din\u00e1mico sector\u201d dijo Dom\u00ednguez Aristy quien agreg\u00f3 que \u201cAdozona se une al compromiso del nuevo gobierno, de generar 100,000 nuevos puestos de labores en las zonas francas, incrementar las exportaciones anuales a dos d\u00edgitos y generar mas divisas en el periodo 2020 \u2013 2024\u201d.<\/p>\n\n\n\n<p><strong>Pilares del plan<\/strong><\/p>\n\n\n\n<p>El plan&nbsp;se fundamenta en los pilares de promoci\u00f3n de inversiones, burocracia cero y facilitaci\u00f3n del Comercio,&nbsp;fomento&nbsp;de&nbsp;los&nbsp;encadenamientos&nbsp;productivos,&nbsp;educaci\u00f3n,&nbsp;fortalecimiento de la Infraestructura y&nbsp;datos abiertos.<\/p>\n\n\n\n<p>Para promover las inversiones extranjeras en el pa\u00eds, detall\u00f3 que se persigue hacer contacto directo con empresas de prestigio mundial y con gran capacidad de manufactura, para que genere un efecto multiplicador y atraiga a otras empresas de la misma industria.<\/p>\n\n\n\n<p><strong>Innovaci\u00f3n para potenciar el sector<\/strong><\/p>\n\n\n\n<p>Apostar a la innovaci\u00f3n con miras a atraer m\u00e1s industrias es otra de las metas, tomando en cuenta que las Zonas Francas son una de las mayores fuentes de empleos formales, aportando un 39% de empleos industriales,&nbsp; y&nbsp; contribuyendo a que la vida de miles de dominicanos cambie.<\/p>\n\n\n\n<p>Con este relanzamiento del sector, se busca superar&nbsp; el crecimiento de los \u00faltimos 10 a\u00f1os. De ah\u00ed que los principales actores conf\u00edan en que con el apoyo y las gestiones correctas del gobierno, podr\u00e1n recuperar la normalidad en corto plazo, o incluso, llegar a una nueva etapa para las zonas francas. En 2019 represent\u00f3&nbsp;&nbsp;el 57% de las exportaciones totales de bienes del pa\u00eds, seg\u00fan datos de Adozona.<\/p>\n\n\n\n<p>Apostando al uso de datos abiertos y a mejorar la toma de decisi\u00f3n y elaboraci\u00f3n de pol\u00edticas del sector, el ministro mostr\u00f3 la plataforma digital que desde ahora se utilizar\u00e1. Este sistema integra las estad\u00edsticas de Aduanas, de la Oficina Nacional de Estad\u00edsticas (ONE) y el Consejo Nacional de Zonas Francas de Exportaci\u00f3n (CNZFE) permitiendo la visualizaci\u00f3n de los principales indicadores de desempe\u00f1o en un solo \u201cDashboard\u201d.<\/p>\n\n\n\n<p><strong>Sobre el evento<\/strong><\/p>\n\n\n\n<p>La presentaci\u00f3n del Plan de Relanzamiento de las Zonas Francas se realiz\u00f3 en el sal\u00f3n Anacaona del Hotel Jaragua,&nbsp;tomando en cuenta&nbsp;los protocolos sanitarios de prevenci\u00f3n&nbsp;de&nbsp;COVID-19.<\/p>\n\n\n\n<p>Participaron en el relanzamiento de manera virtual, el doctor Mohammed Al Zarooni, Presidente de la World Free Zones Organizaci\u00f3n y el se\u00f1or Gustavo Gonz\u00e1lez de Vega, presidente de la Asociaci\u00f3n de Zonas Francas de las Am\u00e9ricas.<\/p>\n\n\n\n<p>A la actividad asisti\u00f3 la vicepresidenta de la Rep\u00fablica, Raquel Pe\u00f1a, y la acompa\u00f1aron Federico Dom\u00ednguez, presidente de Adozona; Daniel Liranzo, director ejecutivo del CNZFE; Luis Miguel Decamps, titular del Ministerio de Trabajo; Pedro Brache, presidente del Consejo Nacional de la Empresa Privada (Conep); y Jos\u00e9 Manuel Torres, vicepresidente ejecutivo de Adozona; el director de Infotep, Rafael Santos; el director de PROINDUSTRIA, Ulises Rodriguez; y la directora de ProDominicana, Biviana Riveiro.<\/p>\n\n\n\n<p>El ministro Bison\u00f3 hizo \u00e9nfasis en que&nbsp; el compromiso es conquistar nuevos espacios en el mercado internacional, para aprovechar los cambios que ofrece y posicionarnos como el Hub industrial, log\u00edstico, y exportador l\u00edder, no solo en el Caribe, sino en toda Am\u00e9rica Latina.<\/p>\n","protected":false},"excerpt":{"rendered":"<p>Santo Domingo, R.D., Octubre 28, 2020.- Con el prop\u00f3sito de fomentar la reactivaci\u00f3n econ\u00f3mica y la generaci\u00f3n de empleos, el gobierno dominicano relanzar\u00e1 el sector de zonas francas para lograr&hellip; <\/p>\n","protected":false},"author":2,"featured_media":526,"comment_status":"closed","ping_status":"open","sticky":false,"template":"","format":"standard","meta":{"fifu_image_url":"","fifu_image_alt":"","footnotes":""},"categories":[10],"tags":[],"class_list":["post-525","post","type-post","status-publish","format-standard","has-post-thumbnail","hentry","category-marketing-politico"],"_links":{"self":[{"href":"https:\/\/elmundodelapolitica.com\/v1\/wp-json\/wp\/v2\/posts\/525","targetHints":{"allow":["GET"]}}],"collection":[{"href":"https:\/\/elmundodelapolitica.com\/v1\/wp-json\/wp\/v2\/posts"}],"about":[{"href":"https:\/\/elmundodelapolitica.com\/v1\/wp-json\/wp\/v2\/types\/post"}],"author":[{"embeddable":true,"href":"https:\/\/elmundodelapolitica.com\/v1\/wp-json\/wp\/v2\/users\/2"}],"replies":[{"embeddable":true,"href":"https:\/\/elmundodelapolitica.com\/v1\/wp-json\/wp\/v2\/comments?post=525"}],"version-history":[{"count":0,"href":"https:\/\/elmundodelapolitica.com\/v1\/wp-json\/wp\/v2\/posts\/525\/revisions"}],"wp:featuredmedia":[{"embeddable":true,"href":"https:\/\/elmundodelapolitica.com\/v1\/wp-json\/wp\/v2\/media\/526"}],"wp:attachment":[{"href":"https:\/\/elmundodelapolitica.com\/v1\/wp-json\/wp\/v2\/media?parent=525"}],"wp:term":[{"taxonomy":"category","embeddable":true,"href":"https:\/\/elmundodelapolitica.com\/v1\/wp-json\/wp\/v2\/categories?post=525"},{"taxonomy":"post_tag","embeddable":true,"href":"https:\/\/elmundodelapolitica.com\/v1\/wp-json\/wp\/v2\/tags?post=525"}],"curies":[{"name":"wp","href":"https:\/\/api.w.org\/{rel}","templated":true}]}}