{"id":5245,"date":"2023-10-08T20:48:46","date_gmt":"2023-10-09T00:48:46","guid":{"rendered":"https:\/\/elmundodelapolitica.com\/v1\/?p=5245"},"modified":"2023-10-08T20:48:48","modified_gmt":"2023-10-09T00:48:48","slug":"pastora-sira-vicioso-da-a-conocer-aspiraciones-por-el-partido-primero-la-gente-en-san-juan","status":"publish","type":"post","link":"https:\/\/elmundodelapolitica.com\/v1\/pastora-sira-vicioso-da-a-conocer-aspiraciones-por-el-partido-primero-la-gente-en-san-juan\/","title":{"rendered":"Pastora Sira Vicioso da a conocer aspiraciones por el Partido Primero la Gente en San Juan"},"content":{"rendered":"\n<p>Pastora Sira Vicioso da a conocer aspiraciones por el Partido Primero la Gente en San Juan<\/p>\n\n\n\n<p>San Juan: &nbsp;La pastora Sira Vicioso, &nbsp;dio a conocer sus aspiraciones a la diputaci\u00f3n por esta provincia en representaci\u00f3n del Partido Primero la Gente (PPG).<\/p>\n\n\n\n<p>La religiosa al dirigirse a sus seguidores, expres\u00f3, que no es un lanzamiento lo que estaba haciendo, sino, dando a conocer su candidatura, ya que eso lo har\u00e1 m\u00e1s adelante en un acto masivo.<\/p>\n\n\n\n<p>Vicioso, oriunda de Las Matas de Farf\u00e1n, dijo contar con el respaldo suficiente tanto de su partido y del pueblo para convertirse en la pr\u00f3xima diputada de la provincia.<\/p>\n\n\n\n<p>La pastora precis\u00f3 que no le gusta que le llamen pol\u00edtica, porque muchos con ese nombre han defraudado al pa\u00eds y a la gente que los apoya.<\/p>\n\n\n\n<p>Prometi\u00f3 ser una diputada diferente que va a luchar por los distintos sectores sociales y que incluso en el Partido Primero la Gente, ya ha comenzado a organizar.<\/p>\n\n\n\n<p>Enfatiz\u00f3 que trabajar\u00e1 duro junto a la gente que quiere una representaci\u00f3n congresual m\u00e1s digna y que se preocupe por los problemas de la gente.<\/p>\n\n\n\n<p>La dirigente pol\u00edtico agradeci\u00f3 al empresario del transporte y senador Antonio Marte, por haberle asignado la candidatura.<\/p>\n\n\n\n<p>En el acto donde seg\u00fan dijo, s\u00f3lo estaban los representantes de los equipos municipales, present\u00f3 al reconocido dirigente pol\u00edtico y ex dirigente reformista El\u00edseo Montero Vicioso, como su coordinador de campa\u00f1a y al dirigente choferil Antonio Ram\u00edrez, como coordinador en San Juan de la Maguana.&nbsp;<\/p>\n","protected":false},"excerpt":{"rendered":"<p>Pastora Sira Vicioso da a conocer aspiraciones por el Partido Primero la Gente en San Juan San Juan: &nbsp;La pastora Sira Vicioso, &nbsp;dio a conocer sus aspiraciones a la diputaci\u00f3n&hellip; <\/p>\n","protected":false},"author":2,"featured_media":5247,"comment_status":"open","ping_status":"open","sticky":false,"template":"","format":"standard","meta":{"fifu_image_url":"https:\/\/i.ytimg.com\/vi\/fLlkHSrWXMg\/maxresdefault.jpg","fifu_image_alt":"Pastora Sira Vicioso da a conocer aspiraciones por el Partido Primero la Gente en San Juan","footnotes":""},"categories":[12],"tags":[],"class_list":["post-5245","post","type-post","status-publish","format-standard","has-post-thumbnail","hentry","category-agenda-politica"],"_links":{"self":[{"href":"https:\/\/elmundodelapolitica.com\/v1\/wp-json\/wp\/v2\/posts\/5245","targetHints":{"allow":["GET"]}}],"collection":[{"href":"https:\/\/elmundodelapolitica.com\/v1\/wp-json\/wp\/v2\/posts"}],"about":[{"href":"https:\/\/elmundodelapolitica.com\/v1\/wp-json\/wp\/v2\/types\/post"}],"author":[{"embeddable":true,"href":"https:\/\/elmundodelapolitica.com\/v1\/wp-json\/wp\/v2\/users\/2"}],"replies":[{"embeddable":true,"href":"https:\/\/elmundodelapolitica.com\/v1\/wp-json\/wp\/v2\/comments?post=5245"}],"version-history":[{"count":1,"href":"https:\/\/elmundodelapolitica.com\/v1\/wp-json\/wp\/v2\/posts\/5245\/revisions"}],"predecessor-version":[{"id":5246,"href":"https:\/\/elmundodelapolitica.com\/v1\/wp-json\/wp\/v2\/posts\/5245\/revisions\/5246"}],"wp:featuredmedia":[{"embeddable":true,"href":"https:\/\/elmundodelapolitica.com\/v1\/wp-json\/wp\/v2\/media\/5247"}],"wp:attachment":[{"href":"https:\/\/elmundodelapolitica.com\/v1\/wp-json\/wp\/v2\/media?parent=5245"}],"wp:term":[{"taxonomy":"category","embeddable":true,"href":"https:\/\/elmundodelapolitica.com\/v1\/wp-json\/wp\/v2\/categories?post=5245"},{"taxonomy":"post_tag","embeddable":true,"href":"https:\/\/elmundodelapolitica.com\/v1\/wp-json\/wp\/v2\/tags?post=5245"}],"curies":[{"name":"wp","href":"https:\/\/api.w.org\/{rel}","templated":true}]}}