{"id":5232,"date":"2023-10-06T13:40:18","date_gmt":"2023-10-06T17:40:18","guid":{"rendered":"https:\/\/elmundodelapolitica.com\/v1\/?p=5232"},"modified":"2023-10-06T13:40:18","modified_gmt":"2023-10-06T17:40:18","slug":"empresarios-de-republica-dominicana-y-surinam-exploraron-nuevas-oportunidades-de-colaboracion-en-materia-comercial","status":"publish","type":"post","link":"https:\/\/elmundodelapolitica.com\/v1\/empresarios-de-republica-dominicana-y-surinam-exploraron-nuevas-oportunidades-de-colaboracion-en-materia-comercial\/","title":{"rendered":"Empresarios de Rep\u00fablica Dominicana y Surinam exploraron nuevas oportunidades de colaboraci\u00f3n en materia comercial"},"content":{"rendered":"<div>\n<p>Santo Domingo.- El\u00a0<strong>Ministerio de Relaciones Exteriores<\/strong>\u00a0(MIREX) fue sede este jueves, de un encuentro empresarial entre la delegaci\u00f3n oficial de la\u00a0<strong>Rep\u00fablica de Surinam<\/strong>\u00a0que acompa\u00f1a al presidente\u00a0<strong>Chandrikapersad Santokhi<\/strong>\u00a0en su visita oficial al pa\u00eds, y\u00a0<strong>empresarios dominicanos<\/strong>, en el que se\u00a0<strong>exploraron nuevas oportunidades de colaboraci\u00f3n en materia comercial<\/strong>\u00a0y se intercambiaron ideas sobre futuros\u00a0<strong>proyectos de inversi\u00f3n<\/strong>\u00a0que impulsen el desarrollo econ\u00f3mico de ambas naciones.<\/p>\n<div class=\"wp-block-image\">\n<figure class=\"aligncenter size-large\"><img decoding=\"async\" src=\"https:\/\/i0.wp.com\/presidencia.gob.do\/sites\/default\/files\/styles\/large\/public\/news\/2023-10\/Encuentro entre empresarios RD y Surinam.jpeg?w=1110&amp;ssl=1\" alt=\"\" data-recalc-dims=\"1\"><\/figure>\n<\/div>\n<p>Durante el encuentro, en representaci\u00f3n del\u00a0<strong>canciller Roberto \u00c1lvarez<\/strong>, el viceministro para Asuntos Econ\u00f3micos y Cooperaci\u00f3n Internacional,\u00a0<strong>Hugo Fco. Rivera<\/strong>, afirm\u00f3 que\u00a0<em>\u201cexisten diversas oportunidades en el mercado dominicano para Surinam, como el sector industrial, zonas francas y el sector agr\u00edcola. Al igual que en t\u00e9rminos de Inversi\u00f3n Extranjera Directa, como los proyectos de Alianzas P\u00fablico Privada (APP), potenciales planes e iniciativas de inversi\u00f3n, parques industriales y el turismo inmobiliario\u201d.<\/em><\/p>\n<p>El viceministro destac\u00f3, adem\u00e1s, que\u00a0<strong>entre 2018-2022<\/strong>\u00a0las exportaciones de bienes fueron el\u00a0<strong>96 %<\/strong>\u00a0del intercambio comercial de Rep\u00fablica Dominicana con Surinam y las importaciones alcanzaron el\u00a0<strong>4 %<\/strong>\u00a0del intercambio,\u00a0<em>\u201clo que llev\u00f3 a ese pa\u00eds a convertirse en el sexto socio comercial m\u00e1s importante de nuestra naci\u00f3n, dentro de los pa\u00edses del CARICOM\u201d,<\/em>\u00a0explic\u00f3.<\/p>\n<figure class=\"wp-block-image\"><img decoding=\"async\" src=\"https:\/\/i0.wp.com\/presidencia.gob.do\/sites\/default\/files\/inline-images\/viceministro para Asuntos Econ\u00f3micos y Cooperaci\u00f3n Internacional, Hugo Fco. Rivera.jpeg?w=1110&amp;ssl=1\" alt=\"\" data-recalc-dims=\"1\"><\/figure>\n<p>En el encuentro, la directora del\u00a0<strong>Centro de Exportaci\u00f3n e Inversi\u00f3n de Rep\u00fablica Dominicana\u00a0<\/strong>(ProDominicana),\u00a0<strong>Biviana Riveiro<\/strong>, present\u00f3 a los empresarios surinam\u00e9s las\u00a0<strong>oportunidades y proyectos<\/strong>\u00a0de inversi\u00f3n que existen en el pa\u00eds. Ejercicio similar realiz\u00f3 la directora de Inversiones de la Agencia de Inversiones y Comercio de Surinam,\u00a0<strong>Bidia Bissumbhar<\/strong>, y de manera particular, el Consejo de Zonas Francas de Exportaci\u00f3n\u00a0<strong>(CNZFE),<\/strong>\u00a0la Asociaci\u00f3n Dominicana de Exportadores\u00a0<strong>(ADOEXPO)<\/strong>\u00a0y la Asociaci\u00f3n de Industrias de la Rep\u00fablica Dominicana\u00a0<strong>(AIRD).<\/strong><\/p>\n<p>Al finalizar las referidas presentaciones, los empresarios de ambos pa\u00edses sostuvieron\u00a0<strong>reuniones bilaterales<\/strong>\u00a0por \u00e1rea en la que ambos pudieron establecer relaciones primarias, con miras a la colaboraci\u00f3n en diversos sectores econ\u00f3micos y la\u00a0<strong>formalizaci\u00f3n de acuerdos.\u00a0<\/strong><\/p>\n<p>Este tipo de actividades se enmarca dentro las acciones que realiza el Ministerio de Relaciones Exteriores para ejecutar el segundo eje de la pol\u00edtica exterior dominicana, que contempla\u00a0<strong>la promoci\u00f3n de las exportaciones y la inversi\u00f3n extranjera directa<\/strong>\u00a0para generar m\u00e1s empleos.\u00a0<\/p>\n<figure class=\"wp-block-image\"><img decoding=\"async\" src=\"https:\/\/i0.wp.com\/presidencia.gob.do\/sites\/default\/files\/inline-images\/Presentes.jpeg?w=1110&amp;ssl=1\" alt=\"\" data-recalc-dims=\"1\"><\/figure>\n<p>En el evento estuvieron presentes, el viceministro de Pol\u00edtica Exterior Multilateral,\u00a0<strong>Rub\u00e9n Sili\u00e9;<\/strong>\u00a0el viceministro para las Comunidades Dominicanas en el Exterior,\u00a0<strong>Carlos de la Mota<\/strong>; el rector del Instituto de Educaci\u00f3n Superior en Formaci\u00f3n Diplom\u00e1tica y Consular (INESDYC),\u00a0<strong>Jos\u00e9 Rafael Espaillat<\/strong>; la directora de Promoci\u00f3n Comercial,\u00a0<strong>Belkis Yermenos;<\/strong>\u00a0el director de la Polic\u00eda Tur\u00edstica,\u00a0<strong>Minoru Matsunaga<\/strong>; el gerente general del BANDEX,\u00a0<strong>Juan Mustaf\u00e1,<\/strong>\u00a0y el presidente ejecutivo de la Junta Agroempresarial Dominicana (JAD),\u00a0<strong>Osmar Ben\u00edtez.<\/strong><\/p>\n<\/div>\n","protected":false},"excerpt":{"rendered":"<p>Santo Domingo.- El\u00a0Ministerio de Relaciones Exteriores\u00a0(MIREX) fue sede este jueves, de un encuentro empresarial entre la delegaci\u00f3n oficial de la\u00a0Rep\u00fablica de Surinam\u00a0que acompa\u00f1a al presidente\u00a0Chandrikapersad Santokhi\u00a0en su visita oficial al&hellip; <\/p>\n","protected":false},"author":2,"featured_media":5233,"comment_status":"closed","ping_status":"closed","sticky":false,"template":"","format":"standard","meta":{"fifu_image_url":"https:\/\/i0.wp.com\/presidencia.gob.do\/sites\/default\/files\/styles\/large\/public\/news\/2023-10\/Encuentro%20entre%20empresarios%20RD%20y%20Surinam.jpeg?w=1110&ssl=1","fifu_image_alt":"Empresarios de Rep\u00fablica Dominicana y Surinam exploraron nuevas oportunidades de colaboraci\u00f3n en materia comercial","footnotes":""},"categories":[63],"tags":[],"class_list":["post-5232","post","type-post","status-publish","format-standard","has-post-thumbnail","hentry","category-actualidad"],"_links":{"self":[{"href":"https:\/\/elmundodelapolitica.com\/v1\/wp-json\/wp\/v2\/posts\/5232","targetHints":{"allow":["GET"]}}],"collection":[{"href":"https:\/\/elmundodelapolitica.com\/v1\/wp-json\/wp\/v2\/posts"}],"about":[{"href":"https:\/\/elmundodelapolitica.com\/v1\/wp-json\/wp\/v2\/types\/post"}],"author":[{"embeddable":true,"href":"https:\/\/elmundodelapolitica.com\/v1\/wp-json\/wp\/v2\/users\/2"}],"replies":[{"embeddable":true,"href":"https:\/\/elmundodelapolitica.com\/v1\/wp-json\/wp\/v2\/comments?post=5232"}],"version-history":[{"count":0,"href":"https:\/\/elmundodelapolitica.com\/v1\/wp-json\/wp\/v2\/posts\/5232\/revisions"}],"wp:featuredmedia":[{"embeddable":true,"href":"https:\/\/elmundodelapolitica.com\/v1\/wp-json\/wp\/v2\/media\/5233"}],"wp:attachment":[{"href":"https:\/\/elmundodelapolitica.com\/v1\/wp-json\/wp\/v2\/media?parent=5232"}],"wp:term":[{"taxonomy":"category","embeddable":true,"href":"https:\/\/elmundodelapolitica.com\/v1\/wp-json\/wp\/v2\/categories?post=5232"},{"taxonomy":"post_tag","embeddable":true,"href":"https:\/\/elmundodelapolitica.com\/v1\/wp-json\/wp\/v2\/tags?post=5232"}],"curies":[{"name":"wp","href":"https:\/\/api.w.org\/{rel}","templated":true}]}}