{"id":5230,"date":"2023-10-06T13:38:49","date_gmt":"2023-10-06T17:38:49","guid":{"rendered":"https:\/\/elmundodelapolitica.com\/v1\/?p=5230"},"modified":"2023-10-06T13:38:49","modified_gmt":"2023-10-06T17:38:49","slug":"encuentro-entre-el-vicepresidente-de-la-republica-de-la-india-y-la-vicepresidenta-de-la-republica-dominicana","status":"publish","type":"post","link":"https:\/\/elmundodelapolitica.com\/v1\/encuentro-entre-el-vicepresidente-de-la-republica-de-la-india-y-la-vicepresidenta-de-la-republica-dominicana\/","title":{"rendered":"Encuentro entre el vicepresidente de la Rep\u00fablica de la India y la vicepresidenta de la Rep\u00fablica Dominicana"},"content":{"rendered":"<div>\n<p>Nueva Delhi, India.- El vicepresidente de la Rep\u00fablica de India, S.E.\u00a0<strong>Shri Jagdeep Dhankhar,<\/strong>\u00a0y la vicepresidenta de la Rep\u00fablica Dominicana, S.E.\u00a0<strong>Raquel Pe\u00f1a Rodr\u00edguez<\/strong>, se reunieron en Nueva Delhi, India, el 4 de octubre de 2023, para un\u00a0<strong>di\u00e1logo pol\u00edtico de alto nivel<\/strong>\u00a0entre los dos pa\u00edses, en el que mantuvieron discusiones productivas sobre\u00a0<strong>asuntos bilaterales, regionales y multilaterales de inter\u00e9s mutuo<\/strong>.\u00a0<\/p>\n<div class=\"wp-block-image\">\n<figure class=\"aligncenter size-large\"><img decoding=\"async\" src=\"https:\/\/i0.wp.com\/presidencia.gob.do\/sites\/default\/files\/styles\/large\/public\/news\/2023-10\/WhatsApp Image 2023-10-06 at 8.55.33 AM.jpeg?w=1110&amp;ssl=1\" alt=\"\" data-recalc-dims=\"1\"><\/figure>\n<\/div>\n<p>Esta visita es muy significativa, ya que tiene lugar al tiempo en que la relaci\u00f3n cumple\u00a0<strong>25 a\u00f1os\u00a0<\/strong>desde el establecimiento de relaciones diplom\u00e1ticas el 4 de mayo de 1999.<\/p>\n<p>En este sentido, los vicepresidentes destacaron los\u00a0<strong>s\u00f3lidos lazos de amistad<\/strong>\u00a0que unen a la Rep\u00fablica de India y la Rep\u00fablica Dominicana, los cuales se han fortalecido con\u00a0<strong>frecuentes intercambios de alto nivel\u00a0<\/strong>entre ambos pa\u00edses y acordaron mantener el mismo impulso en los pr\u00f3ximos a\u00f1os.<\/p>\n<p>Valoraron la\u00a0<strong>estrecha cooperaci\u00f3n entre los dos pa\u00edses durante la pandemia de COVID-19.<\/strong>\u00a0La vicepresidenta de la Rep\u00fablica Dominicana expres\u00f3 su agradecimiento al pueblo de la India por su solidaridad en la\u00a0<strong>provisi\u00f3n de vacunas contra el COVID-19,<\/strong>\u00a0especialmente a trav\u00e9s de su iniciativa\u00a0<strong>\u00abVaccine Maitri\u00bb,<\/strong>\u00a0que permiti\u00f3 la vacunaci\u00f3n de los trabajadores de primera l\u00ednea en la Rep\u00fablica Dominicana.<\/p>\n<figure class=\"wp-block-image\"><img decoding=\"async\" src=\"https:\/\/i0.wp.com\/presidencia.gob.do\/sites\/default\/files\/inline-images\/WhatsApp Image 2023-10-06 at 8.55.33 AM (1)_0.jpeg?w=1110&amp;ssl=1\" alt=\"\" data-recalc-dims=\"1\"><\/figure>\n<p>Reafirmaron su inter\u00e9s en fortalecer el di\u00e1logo pol\u00edtico entre los dos pa\u00edses, promoviendo\u00a0<strong>valores democr\u00e1ticos compartidos, la paz y la seguridad.<\/strong><\/p>\n<p>Reconocieron la importante visita a la Rep\u00fablica Dominicana en abril de 2023 del ministro de Asuntos Exteriores de India,<strong>\u00a0Dr. S. Jaishankar<\/strong>, acompa\u00f1ado por una delegaci\u00f3n empresarial, y la\u00a0<strong>inauguraci\u00f3n en su presencia de la Embajada de India<\/strong>\u00a0en la Rep\u00fablica Dominicana. Tambi\u00e9n elogiaron la\u00a0<strong>declaraci\u00f3n conjunta<\/strong>\u00a0emitida por los ministros de Asuntos Exteriores de la Rep\u00fablica Dominicana e India\u00a0<strong>con motivo de esa visita.<\/strong><\/p>\n<p>Expresaron satisfacci\u00f3n por el\u00a0<strong>crecimiento del comercio bilateral<\/strong>\u00a0y acordaron la necesidad de esfuerzos conjuntos para aumentar el comercio y promover la\u00a0<strong>inversi\u00f3n en sectores de inter\u00e9s mutuo,<\/strong>\u00a0incluyendo intercambios empresariales. En este contexto, apreciaron\u00a0<strong>la participaci\u00f3n de la Rep\u00fablica Dominicana en la 9.\u00aa Conferencia CII-India LAC,<\/strong>\u00a0celebrada en Nueva Delhi en agosto de 2023, y la firma de un\u00a0<strong>Acuerdo de Cooperaci\u00f3n entre Invest India y ProDominicana<\/strong>\u00a0para promover flujos de inversi\u00f3n.<\/p>\n<p>Reconocieron que la inclusi\u00f3n de la Rep\u00fablica Dominicana en el\u00a0<strong>programa<\/strong>\u00a0<strong>ITEC-Defensa<\/strong>\u00a0ha fortalecido los lazos bilaterales en defensa. Coincidieron en el potencial de ampliar la relaci\u00f3n bilateral en materia de defensa y en explorar v\u00edas de cooperaci\u00f3n, incluso a trav\u00e9s de mecanismos institucionales.<\/p>\n<p>Destacaron la necesidad de ampliar los\u00a0<strong>intercambios y buenas pr\u00e1cticas en \u00e1reas como tecnolog\u00edas de la informaci\u00f3n y comunicaci\u00f3n, biotecnolog\u00eda, exploraci\u00f3n espacial y gesti\u00f3n de datos satelitales<\/strong>, entre otros. En este contexto, la parte india ofreci\u00f3 compartir su Infraestructura Digital P\u00fablica\u00a0<strong>(IndiaStack)<\/strong>\u00a0con la Rep\u00fablica Dominicana.<\/p>\n<p>Expresaron su firme intenci\u00f3n de fortalecer la cooperaci\u00f3n en el campo de\u00a0<strong>la salud y la farmac\u00e9utica<\/strong>. La parte india se\u00f1al\u00f3 las oportunidades de colaboraci\u00f3n en el sector de la salud, incluyendo el\u00a0<strong>suministro de medicamentos gen\u00e9ricos.<\/strong>\u00a0La parte dominicana expres\u00f3 su disposici\u00f3n a apoyar a las\u00a0<strong>empresas farmac\u00e9uticas indias interesadas en expandir su presencia en la regi\u00f3n.<\/strong><\/p>\n<p>Apreciaron la cooperaci\u00f3n en curso para capacitaci\u00f3n y desarrollo de capacidades, y acordaron desarrollar cursos bajo el\u00a0<strong>programa ITEC para profesionales dominicanos en ciberseguridad, gesti\u00f3n de Big Data y tecnolog\u00eda de la informaci\u00f3n.<\/strong><\/p>\n<p>Celebraron la\u00a0<strong>capacitaci\u00f3n de un segundo grupo de veinti\u00fan diplom\u00e1ticos<\/strong>\u00a0de la Rep\u00fablica Dominicana en el\u00a0<strong>Instituto de Servicio Exterior Sushma Swaraj<\/strong>\u00a0en septiembre de 2023. A la luz de las relaciones fruct\u00edferas existentes entre dicho Instituto y el Ministerio de Asuntos Exteriores de la Rep\u00fablica Dominicana,\u00a0<strong>acordaron continuar con iniciativas de desarrollo de capacidades.<\/strong><\/p>\n<p>Igualmente, acordaron promover\u00a0<strong>sinergias en el sector audiovisual,<\/strong>\u00a0considerando las vibrantes industrias cinematogr\u00e1ficas en ambos pa\u00edses y las oportunidades no aprovechadas en los mercados mutuos.<\/p>\n<figure class=\"wp-block-image\"><img decoding=\"async\" src=\"https:\/\/i0.wp.com\/presidencia.gob.do\/sites\/default\/files\/inline-images\/WhatsApp Image 2023-10-06 at 8.55.34 AM_0.jpeg?w=1110&amp;ssl=1\" alt=\"\" data-recalc-dims=\"1\"><\/figure>\n<p>Reiteraron la importancia del multilateralismo para abordar cooperativamente los\u00a0<strong>principales desaf\u00edos globales y garantizar niveles m\u00e1s altos de equidad.<\/strong>\u00a0En este sentido, enfatizaron la necesidad de\u00a0<strong>reformas urgentes y exhaustivas del Consejo de Seguridad de las Naciones Unidas\u00a0<\/strong>para reflejar realidades contempor\u00e1neas mediante una ampliaci\u00f3n de sus dos categor\u00edas de membres\u00eda. En tal sentido, instaron a acelerar un proceso basado en texto en las negociaciones intergubernamentales con el objetivo de lograr resultados concretos en un plazo fijo y en\u00a0<strong>consulta con todos los Estados miembros de manera transparente e inclusiva, y de acuerdo con las disposiciones relevantes de la Carta de las Naciones Unidas.<\/strong><\/p>\n<p>Enfatizaron la necesidad de una estrecha coordinaci\u00f3n continua entre los dos pa\u00edses en organizaciones multilaterales en cuanto a\u00a0<strong>candidaturas nacionales respectivas y cuestiones globales de inter\u00e9s mutuo.<\/strong><\/p>\n<p><strong>Evocaron la reciente Cumbre del G20<\/strong>\u00a0celebrada en Nueva Delhi en septiembre de 2023.\u00a0<strong>La vicepresidenta de la Rep\u00fablica Dominicana felicit\u00f3 a la India<\/strong>\u00a0por la exitosa organizaci\u00f3n de la Cumbre bajo el tema<strong>\u00a0\u00abUna Tierra, Una Familia, Un Futuro\u00bb\u00a0<\/strong>y agradeci\u00f3 a India\u00a0<strong>por amplificar la voz y las preocupaciones del Sur Global y los pa\u00edses en desarrollo durante su presidencia del G20.<\/strong><\/p>\n<p><strong>Condenaron en\u00e9rgicamente el terrorismo en todas sus formas y manifestaciones.<\/strong>\u00a0Enfatizaron la necesidad de una acci\u00f3n concertada y coordinada por parte de la comunidad internacional para combatir el terrorismo, adoptando un enfoque de\u00a0<strong>tolerancia cero<\/strong>. Tambi\u00e9n instaron a la finalizaci\u00f3n y adopci\u00f3n expedita del\u00a0<strong>Convenci\u00f3n Integral sobre el Terrorismo Internacional dentro del marco de las Naciones Unidas.<\/strong><\/p>\n<p><strong>Reconocieron la importancia cr\u00edtica de mantener la estabilidad y la paz regional<\/strong>. En este sentido, recordaron la participaci\u00f3n de la India en Hait\u00ed como parte de la MINUSTAH de las Naciones Unidas (Misi\u00f3n de Estabilizaci\u00f3n de las Naciones Unidas en Hait\u00ed) y destacaron la importancia del\u00a0<strong>apoyo internacional para la capacitaci\u00f3n de la Polic\u00eda y las fuerzas de seguridad de Hait\u00ed.<\/strong><\/p>\n<p>Reiteraron la\u00a0<strong>alta prioridad<\/strong>\u00a0otorgada a las\u00a0<strong>cuestiones de cambio clim\u00e1tico, medio ambiente y desarrollo sostenible<\/strong>, y reafirmaron su disposici\u00f3n a trabajar juntos en la construcci\u00f3n de resiliencia frente a los impactos negativos del cambio clim\u00e1tico. El vicepresidente de la India tom\u00f3 nota de que\u00a0<strong>la Rep\u00fablica Dominicana, como un Peque\u00f1o Estado Insular en Desarrollo<\/strong>,\u00a0<strong>aspira a la adopci\u00f3n del \u00cdndice de Vulnerabilidad Multidimensional.<\/strong><\/p>\n<p>Mencionaron la firma de un memorando de entendimiento de\u00a0<strong>cooperaci\u00f3n bilateral en ciencias oce\u00e1nicas<\/strong>\u00a0y acordaron trabajar juntos en la b\u00fasqueda de\u00a0<strong>soluciones para el problema de la proliferaci\u00f3n masiva de sargazo<\/strong>\u00a0que afecta a las playas del Caribe, perjudicando los medios de sustento de las poblaciones costeras y la industria tur\u00edstica.<\/p>\n<p>Subrayaron las oportunidades de\u00a0<strong>colaboraci\u00f3n en el campo de la energ\u00eda renovable,<\/strong>\u00a0incluyendo la\u00a0<strong>Alianza Solar Internacional (ISA)<\/strong>. La parte de la Rep\u00fablica Dominicana manifest\u00f3 que se est\u00e1n realizando esfuerzos para la pronta\u00a0<strong>ratificaci\u00f3n del Acuerdo Marco de la ISA<\/strong>\u00a0que la Rep\u00fablica Dominicana ya ha firmado.<\/p>\n<p>Esperan profundizar su compromiso dentro de la\u00a0<strong>Coalici\u00f3n para las Infraestructuras Resilientes ante Desastres (CDRI),<\/strong>\u00a0con India como copresidente y la Rep\u00fablica Dominicana como representante de los Peque\u00f1os Estados Insulares en Desarrollo en el Comit\u00e9 Ejecutivo, para el per\u00edodo 2022-2024.<\/p>\n<p>Tomaron nota de la firma de los siguientes Memorandos de Entendimiento durante la visita de la Vicepresidenta de la Rep\u00fablica Dominicana:<\/p>\n<p>*Memorando de Entendimiento (MoU) entre la Organizaci\u00f3n Central de Control de Drogas de India\u00a0<strong>(CDSCO)<\/strong>\u00a0y la Direcci\u00f3n General de Medicamentos, Alimentos y Productos Sanitarios de la Rep\u00fablica Dominicana\u00a0<strong>(Digemaps),<\/strong>\u00a0y<\/p>\n<p>*MoU entre el Consejo de Investigaci\u00f3n Cient\u00edfica e Industrial, Instituto Nacional de Oceanograf\u00eda de India\u00a0<strong>(CSIR-NIO)<\/strong>\u00a0y la Autoridad Nacional de Asuntos Mar\u00edtimos de la Rep\u00fablica Dominicana\u00a0<strong>(Anamar)<\/strong>.<\/p>\n<p>Esperan concluir pronto los siguientes MoU:<\/p>\n<p>*<strong>El Protocolo de Cooperaci\u00f3n Econ\u00f3mica y Comercial Conjunta<\/strong>\u00a0<strong>(Jetco)<\/strong>\u00a0entre el Departamento de Comercio, Ministerio de Comercio e Industria de la Rep\u00fablica de India y el Ministerio de Relaciones Exteriores de la Rep\u00fablica Dominicana.<\/p>\n<p>*MoU entre el Departamento Meteorol\u00f3gico de India\u00a0<strong>(IMD)<\/strong>\u00a0y la Oficina Meteorol\u00f3gica Nacional de la Rep\u00fablica Dominicana\u00a0<strong>(Onamet)<\/strong>;<\/p>\n<p>*MoU entre el\u00a0<strong>Ministerio de Educaci\u00f3n Superior, Ciencia y Tecnolog\u00eda<\/strong>\u00a0de la Rep\u00fablica Dominicana y el Ministerio de Educaci\u00f3n de India.<\/p>\n<p>*MoU entre el\u00a0<strong>Ministerio de Cultura<\/strong>\u00a0de la Rep\u00fablica Dominicana y el\u00a0<strong>Fondo Nacional del Libro<\/strong>\u00a0de India.<\/p>\n<p>Reconocieron los\u00a0<strong>esfuerzos para fortalecer la cooperaci\u00f3n en educaci\u00f3n entre la Rep\u00fablica Dominicana e India<\/strong>, y la firma de un MoU entre el Ministerio de Educaci\u00f3n Superior, Ciencia y Tecnolog\u00eda de la Rep\u00fablica Dominicana\u00a0<strong>(Mescyt)<\/strong>\u00a0y el\u00a0<strong>IIT-Delhi<\/strong>. La vicepresidenta de la Rep\u00fablica Dominicana tambi\u00e9n destac\u00f3 su\u00a0<strong>inter\u00e9s en el establecimiento de un Instituto Indio de Tecnolog\u00eda en la Rep\u00fablica Dominicana<\/strong><\/p>\n<p><strong>Acordaron que ambos pa\u00edses deben celebrar el 25\u00ba aniversario del establecimiento de relaciones diplom\u00e1ticas en 2024<\/strong>, de manera adecuada. Ambas partes se consultar\u00e1n mutuamente en el desarrollo de un calendario de eventos apropiado.<\/p>\n<\/div>\n","protected":false},"excerpt":{"rendered":"<p>Nueva Delhi, India.- El vicepresidente de la Rep\u00fablica de India, S.E.\u00a0Shri Jagdeep Dhankhar,\u00a0y la vicepresidenta de la Rep\u00fablica Dominicana, S.E.\u00a0Raquel Pe\u00f1a Rodr\u00edguez, se reunieron en Nueva Delhi, India, el 4&hellip; <\/p>\n","protected":false},"author":2,"featured_media":5231,"comment_status":"closed","ping_status":"closed","sticky":false,"template":"","format":"standard","meta":{"fifu_image_url":"https:\/\/i0.wp.com\/presidencia.gob.do\/sites\/default\/files\/styles\/large\/public\/news\/2023-10\/WhatsApp%20Image%202023-10-06%20at%208.55.33%20AM.jpeg?w=1110&ssl=1","fifu_image_alt":"Encuentro entre el vicepresidente de la Rep\u00fablica de la India y la vicepresidenta de la Rep\u00fablica Dominicana","footnotes":""},"categories":[63],"tags":[],"class_list":["post-5230","post","type-post","status-publish","format-standard","has-post-thumbnail","hentry","category-actualidad"],"_links":{"self":[{"href":"https:\/\/elmundodelapolitica.com\/v1\/wp-json\/wp\/v2\/posts\/5230","targetHints":{"allow":["GET"]}}],"collection":[{"href":"https:\/\/elmundodelapolitica.com\/v1\/wp-json\/wp\/v2\/posts"}],"about":[{"href":"https:\/\/elmundodelapolitica.com\/v1\/wp-json\/wp\/v2\/types\/post"}],"author":[{"embeddable":true,"href":"https:\/\/elmundodelapolitica.com\/v1\/wp-json\/wp\/v2\/users\/2"}],"replies":[{"embeddable":true,"href":"https:\/\/elmundodelapolitica.com\/v1\/wp-json\/wp\/v2\/comments?post=5230"}],"version-history":[{"count":0,"href":"https:\/\/elmundodelapolitica.com\/v1\/wp-json\/wp\/v2\/posts\/5230\/revisions"}],"wp:featuredmedia":[{"embeddable":true,"href":"https:\/\/elmundodelapolitica.com\/v1\/wp-json\/wp\/v2\/media\/5231"}],"wp:attachment":[{"href":"https:\/\/elmundodelapolitica.com\/v1\/wp-json\/wp\/v2\/media?parent=5230"}],"wp:term":[{"taxonomy":"category","embeddable":true,"href":"https:\/\/elmundodelapolitica.com\/v1\/wp-json\/wp\/v2\/categories?post=5230"},{"taxonomy":"post_tag","embeddable":true,"href":"https:\/\/elmundodelapolitica.com\/v1\/wp-json\/wp\/v2\/tags?post=5230"}],"curies":[{"name":"wp","href":"https:\/\/api.w.org\/{rel}","templated":true}]}}