{"id":523,"date":"2020-11-06T14:17:26","date_gmt":"2020-11-06T18:17:26","guid":{"rendered":"http:\/\/www.elmundodelapolitica.com\/v2\/?p=22573"},"modified":"2020-11-06T14:17:26","modified_gmt":"2020-11-06T18:17:26","slug":"marca-pais-comision-destaca-dominicanos-plasmaran-su-creatividad-en-logo","status":"publish","type":"post","link":"https:\/\/elmundodelapolitica.com\/v1\/marca-pais-comision-destaca-dominicanos-plasmaran-su-creatividad-en-logo\/","title":{"rendered":"Marca Pa\u00eds: Comisi\u00f3n destaca dominicanos plasmar\u00e1n su creatividad en logo"},"content":{"rendered":"\n<p><strong>Santo Domingo<\/strong>, D.N., Noviembre 5, 2020.-&nbsp;La Comisi\u00f3n Multisectorial Marca Pa\u00eds revel\u00f3 todos los detalles del concurso \u201cUna Rep\u00fablica llena de Talento\u201d con el que buscan seleccionar el nuevo logo de la Marca Pa\u00eds de la Rep\u00fablica Dominicana y cuyas inscripciones estar\u00e1n abiertas a partir del pr\u00f3ximo mi\u00e9rcoles 18 de noviembre.<\/p>\n\n\n\n<p>En un encuentro realizado en el Hotel El Embajador con los medios de comunicaci\u00f3n, se inform\u00f3 que la iniciativa tendr\u00e1 una duraci\u00f3n aproximada de dos meses en los que podr\u00e1n participar estudiantes de t\u00e9rmino de las carreras de Dise\u00f1o Gr\u00e1fico y Publicidad, as\u00ed como profesionales graduados con uno o dos a\u00f1os de experiencia.<\/p>\n\n\n\n<p>Gis\u00e9le Sangiovanni, directora del certamen, explic\u00f3 que \u201cLa Rep\u00fablica del Talento\u201d contar\u00e1 con cuatro etapas (preselecci\u00f3n, en base a criterios de dise\u00f1o y creatividad; notificaci\u00f3n de 25 seleccionados; presentaci\u00f3n de los cinco finalistas; y anuncio del ganador) e invit\u00f3 a los interesados en participar, obtener informaci\u00f3n o conocer sus bases a ingresar en la p\u00e1gina web&nbsp;<a href=\"http:\/\/www.marcapais.do\/\" target=\"_blank\" rel=\"noreferrer noopener\">www.marcapais.do<\/a>.<\/p>\n\n\n\n<p>La persona que resulte ganadora y quien ocupe el segundo lugar recibir\u00e1n la suma de RD$3,000,000 y RD$1,000,000, respectivamente para ser utilizado para emprender su negocio. Ambos, adem\u00e1s, ser\u00e1n beneficiados con un a\u00f1o de asesor\u00eda sobre emprendimiento y el orgullo de haber creado la Marca Pa\u00eds de la naci\u00f3n caribe\u00f1a.<\/p>\n\n\n\n<p>El jurado del concurso, en donde los dominicanos plasmar\u00e1n su creatividad en un logo, estar\u00e1 compuesto por miembros de la Comisi\u00f3n Multisectorial, as\u00ed como por Lara Guerrero, presidente de MG Public Relations; Felipe Pag\u00e9s, presidente de Pag\u00e9s BBDO;&nbsp; Eduardo Valc\u00e1rcel, socio-director de Newlink Dominicana; Lil Esteva, vicepresidente ejecutiva de Induveca; Francisco Ram\u00edrez, VP ejecutivo de Negocios Personales y Sucursales del Banco Popular Dominicano; y C\u00e1ndida Hern\u00e1ndez, directora de Marketing de Cervecer\u00eda Nacional Dominicana.<\/p>\n\n\n\n<p>De igual manera, los participantes seleccionados ser\u00e1n acompa\u00f1ados por los creativos y dise\u00f1adores: Silvia Molina, consultora y especialista en Dise\u00f1o de Identidad de Marca; Jorge Gonz\u00e1lez e Ian V\u00edctor, propietarios de Moda Foca; Keith Thomas, propietario de Grupo Dise\u00f1o Rep\u00fablica; Evaristo Angurria, propietario de @Angurria; y Freddy Jana, VP Creativo de la Agencia Ogilvy, quienes buscan asegurar, con su&nbsp;<em>expertise<\/em>, que la imagen gr\u00e1fica elegida represente al pa\u00eds, comunique su prop\u00f3sito y lo mejor de la Rep\u00fablica Dominicana.<\/p>\n\n\n\n<p>Pozo Perell\u00f3, presidente de Induban (Caf\u00e9 Santo Domingo) reiter\u00f3, \u201cEstamos realizando todos los esfuerzos y aportes necesarios para beneficio de nuestro pa\u00eds y porque no permitiremos que nadie intente detener el buen desarrollo de los sectores productivos de nuestro pa\u00eds con acciones destructivas. Nuestras intenciones son aut\u00e9nticas y desinteresadas y como sector privado cubriremos todo lo concerniente a este concurso al igual que lo hicimos para el lanzamiento.\u201d<\/p>\n\n\n\n<p>Asimismo, Perell\u00f3 indic\u00f3 que el PNUD acompa\u00f1a y saluda esta iniciativa de poner en manos de un panel de evaluadores y prestigiosos representantes del sector privado para dar transparencia al proceso, como parte del plan integral para la alianza program\u00e1tica con el pa\u00eds y MITUR.<\/p>\n\n\n\n<p>Estuvo presente junto al se\u00f1or Manuel Pozo Perell\u00f3, la se\u00f1ora Ligia Bonetti, presidente de Grupo&nbsp;SID&nbsp;y&nbsp;Coordinadora&nbsp;por&nbsp;el&nbsp;sector&nbsp;privado&nbsp;en&nbsp;la&nbsp;Comisi\u00f3n&nbsp;de&nbsp;Marca&nbsp;Pa\u00eds, Indira&nbsp;Lorenzo de Grupo&nbsp;Mart\u00ed,&nbsp; Xavier Hern\u00e1ndez, representante adjunto del PNUD y Nonora Elmudesi de Ogilvy Dominicana.<\/p>\n","protected":false},"excerpt":{"rendered":"<p>Santo Domingo, D.N., Noviembre 5, 2020.-&nbsp;La Comisi\u00f3n Multisectorial Marca Pa\u00eds revel\u00f3 todos los detalles del concurso \u201cUna Rep\u00fablica llena de Talento\u201d con el que buscan seleccionar el nuevo logo de&hellip; <\/p>\n","protected":false},"author":2,"featured_media":524,"comment_status":"closed","ping_status":"open","sticky":false,"template":"","format":"standard","meta":{"fifu_image_url":"","fifu_image_alt":"","footnotes":""},"categories":[10],"tags":[],"class_list":["post-523","post","type-post","status-publish","format-standard","has-post-thumbnail","hentry","category-marketing-politico"],"_links":{"self":[{"href":"https:\/\/elmundodelapolitica.com\/v1\/wp-json\/wp\/v2\/posts\/523","targetHints":{"allow":["GET"]}}],"collection":[{"href":"https:\/\/elmundodelapolitica.com\/v1\/wp-json\/wp\/v2\/posts"}],"about":[{"href":"https:\/\/elmundodelapolitica.com\/v1\/wp-json\/wp\/v2\/types\/post"}],"author":[{"embeddable":true,"href":"https:\/\/elmundodelapolitica.com\/v1\/wp-json\/wp\/v2\/users\/2"}],"replies":[{"embeddable":true,"href":"https:\/\/elmundodelapolitica.com\/v1\/wp-json\/wp\/v2\/comments?post=523"}],"version-history":[{"count":0,"href":"https:\/\/elmundodelapolitica.com\/v1\/wp-json\/wp\/v2\/posts\/523\/revisions"}],"wp:featuredmedia":[{"embeddable":true,"href":"https:\/\/elmundodelapolitica.com\/v1\/wp-json\/wp\/v2\/media\/524"}],"wp:attachment":[{"href":"https:\/\/elmundodelapolitica.com\/v1\/wp-json\/wp\/v2\/media?parent=523"}],"wp:term":[{"taxonomy":"category","embeddable":true,"href":"https:\/\/elmundodelapolitica.com\/v1\/wp-json\/wp\/v2\/categories?post=523"},{"taxonomy":"post_tag","embeddable":true,"href":"https:\/\/elmundodelapolitica.com\/v1\/wp-json\/wp\/v2\/tags?post=523"}],"curies":[{"name":"wp","href":"https:\/\/api.w.org\/{rel}","templated":true}]}}