{"id":521,"date":"2020-11-06T14:25:41","date_gmt":"2020-11-06T18:25:41","guid":{"rendered":"http:\/\/www.elmundodelapolitica.com\/v2\/?p=22576"},"modified":"2020-11-06T14:25:41","modified_gmt":"2020-11-06T18:25:41","slug":"presenta-la-optic-plan-estrategico-busca-ser-referente-tecnologico-region","status":"publish","type":"post","link":"https:\/\/elmundodelapolitica.com\/v1\/presenta-la-optic-plan-estrategico-busca-ser-referente-tecnologico-region\/","title":{"rendered":"Presenta la OPTIC plan estrat\u00e9gico busca ser referente tecnol\u00f3gico regi\u00f3n"},"content":{"rendered":"\n<p><strong>Santo Domingo<\/strong>, R.D., Noviembre  2020.- El director general de la Oficina Presidencial de Tecnolog\u00edas de la Informaci\u00f3n y Comunicaci\u00f3n (OPTIC), Pedro Quezada expres\u00f3 que el pa\u00eds tiene que ser un referente en la regi\u00f3n en materia tecnol\u00f3gica para el 2024, por lo que trabajar\u00e1 en estrategias que contribuyan a mejorar la calidad de las Tecnolog\u00edas de la Informaci\u00f3n y Comunicaci\u00f3n (TIC), en las instituciones p\u00fablicas, centralizadas, descentralizadas y aut\u00f3nomas, as\u00ed como los ciudadanos en general.\u00a0<\/p>\n\n\n\n<p>Al presentar el plan estrat\u00e9gico de la OPTIC 2020-2024, Quezada dijo que ejecutar\u00e1 un nuevo dise\u00f1o de servicios p\u00fablicos digitales, as\u00ed como la ampliaci\u00f3n de los Centros de Atenci\u00f3n al Ciudadano, y que, para el primer y tercer trimestre del 2021, estar\u00e1n dando apertura a los Punto Gob. Santiago y Santo Domingo Oeste.<\/p>\n\n\n\n<p>El funcionario indic\u00f3 que impulsar\u00e1 la innovaci\u00f3n de los datos abiertos e interoperabilidad del Estado. Adem\u00e1s, la creaci\u00f3n de un laboratorio que ayudar\u00e1 a simplificar los tr\u00e1mites burocr\u00e1ticos en las instituciones p\u00fablicas, a fin de que la ciudadan\u00eda reciba sus servicios sin las traum\u00e1ticas filas en las oficinas.<\/p>\n\n\n\n<p>Expuso que la meta de estos proyectos es expandir un conjunto \u00fanico de servicios tecnol\u00f3gicos, que contribuyan a mejorar la carga laboral de manera inteligente, reduciendo hasta en un 65.5% del gasto p\u00fablico en TIC y llevarlo a las necesidades prioritarias nacionales.<\/p>\n\n\n\n<p>&nbsp;\u201cNuestra visi\u00f3n es &nbsp; ser en el 2024, un pa\u00eds digital y referente en la regi\u00f3n, en el que la ciudadan\u00eda, las empresas, la sociedad civil y las instituciones del gobierno utilizan TIC para mejorar la calidad de vida, la productividad, la innovaci\u00f3n y la competitividad de manera sostenible, respald\u00e1ndonos en la Estrategia Nacional de Desarrollo 2030\u201d, manifest\u00f3 Quezada.&nbsp;&nbsp;<\/p>\n\n\n\n<p>Revel\u00f3 que se mejorar\u00e1 las capacidades digitales avanzadas mediante el programa de formaci\u00f3n t\u00e9cnicas para los servidores p\u00fablicos especializados en TIC, lo que contribuir\u00e1 a los Objetivos de Desarrollo Sostenible y el programa de gobierno del presidente Luis Abinader.&nbsp;<\/p>\n\n\n\n<p>Quezada habl\u00f3 de la necesidad de robustecer la infraestructura p\u00fablica digital por lo que se debe fortalecer el Datacenter del Estado Dominicano, el establecimiento del primer Datawarehouse Gubernamental, la implementaci\u00f3n de la Firma Digital a nivel pa\u00eds y la creaci\u00f3n del Software Factory.<\/p>\n\n\n\n<p>\u201cDesde ya, cabe destacar, que en estos primeros 100 d\u00edas de gesti\u00f3n, desde nuestra entrada a la OPTIC, hemos trabajado en incrementar el impacto de las TIC en el Estado Dominicano v\u00eda la implementaci\u00f3n del marco normativo en 17 nuevos organismos gubernamentales, actualizando las Normas NORTIC A2 y NORTIC E1, colaborando en la implantaci\u00f3n de las TIC en las instituciones gubernamentales centralizadas, descentralizadas y aut\u00f3nomas, resultando en el aumento del \u00cdndice de uso TIC e Implementaci\u00f3n de Gobierno Electr\u00f3nico (ITICGE). Tambi\u00e9n, tenemos el compromiso de contribuir, junto a INDOTEL y ETED, en la implementaci\u00f3n de la virtualidad que requiere el Minerd para ir incorporando a estudiantes y docentes a docencia interactiva \u201c, se\u00f1al\u00f3 Quezada.<\/p>\n\n\n\n<p><strong>NORTIC DE ORO&nbsp;<\/strong><\/p>\n\n\n\n<p>En el evento se entreg\u00f3 un certificado <strong>NORTIC DE ORO<\/strong> a las instituciones que han logrado alcanzar cinco o m\u00e1s certificaciones, a trav\u00e9s de la implementaci\u00f3n y cumplimiento del marco normativo de las Tecnolog\u00edas de la Informaci\u00f3n y Comunicaci\u00f3n y el Gobierno Digital en Rep\u00fablica Dominicana.<\/p>\n\n\n\n<p>Las instituciones galardonadas son: la Superintendencia de Pensiones; el Ministerio Administrativo de la Presidencia; el Ministerio de Hacienda; la Empresa Distribuidora de Electricidad del Este; el Gabinete de Coordinaci\u00f3n de Pol\u00edticas Sociales; el Hospital Pedi\u00e1trico Dr. Hugo Mendoza; el Instituto Dominicano de Aviaci\u00f3n Civil; el Ministerio de Defensa; el Servicio Nacional de Salud; el Sistema Nacional de Atenci\u00f3n a Emergencias y Seguridad y la Superintendencia de Valores de la Rep\u00fablica Dominicana.<\/p>\n","protected":false},"excerpt":{"rendered":"<p>Santo Domingo, R.D., Noviembre 2020.- El director general de la Oficina Presidencial de Tecnolog\u00edas de la Informaci\u00f3n y Comunicaci\u00f3n (OPTIC), Pedro Quezada expres\u00f3 que el pa\u00eds tiene que ser un&hellip; <\/p>\n","protected":false},"author":2,"featured_media":522,"comment_status":"closed","ping_status":"open","sticky":false,"template":"","format":"standard","meta":{"fifu_image_url":"","fifu_image_alt":"","footnotes":""},"categories":[10],"tags":[],"class_list":["post-521","post","type-post","status-publish","format-standard","has-post-thumbnail","hentry","category-marketing-politico"],"_links":{"self":[{"href":"https:\/\/elmundodelapolitica.com\/v1\/wp-json\/wp\/v2\/posts\/521","targetHints":{"allow":["GET"]}}],"collection":[{"href":"https:\/\/elmundodelapolitica.com\/v1\/wp-json\/wp\/v2\/posts"}],"about":[{"href":"https:\/\/elmundodelapolitica.com\/v1\/wp-json\/wp\/v2\/types\/post"}],"author":[{"embeddable":true,"href":"https:\/\/elmundodelapolitica.com\/v1\/wp-json\/wp\/v2\/users\/2"}],"replies":[{"embeddable":true,"href":"https:\/\/elmundodelapolitica.com\/v1\/wp-json\/wp\/v2\/comments?post=521"}],"version-history":[{"count":0,"href":"https:\/\/elmundodelapolitica.com\/v1\/wp-json\/wp\/v2\/posts\/521\/revisions"}],"wp:featuredmedia":[{"embeddable":true,"href":"https:\/\/elmundodelapolitica.com\/v1\/wp-json\/wp\/v2\/media\/522"}],"wp:attachment":[{"href":"https:\/\/elmundodelapolitica.com\/v1\/wp-json\/wp\/v2\/media?parent=521"}],"wp:term":[{"taxonomy":"category","embeddable":true,"href":"https:\/\/elmundodelapolitica.com\/v1\/wp-json\/wp\/v2\/categories?post=521"},{"taxonomy":"post_tag","embeddable":true,"href":"https:\/\/elmundodelapolitica.com\/v1\/wp-json\/wp\/v2\/tags?post=521"}],"curies":[{"name":"wp","href":"https:\/\/api.w.org\/{rel}","templated":true}]}}