{"id":5209,"date":"2023-10-05T17:56:38","date_gmt":"2023-10-05T21:56:38","guid":{"rendered":"https:\/\/elmundodelapolitica.com\/v1\/?p=5209"},"modified":"2023-10-05T17:56:40","modified_gmt":"2023-10-05T21:56:40","slug":"rd-y-cuba-uniran-capacidades-para-desarrollar-atlas-de-riesgo-climatico","status":"publish","type":"post","link":"https:\/\/elmundodelapolitica.com\/v1\/rd-y-cuba-uniran-capacidades-para-desarrollar-atlas-de-riesgo-climatico\/","title":{"rendered":"RD y Cuba unir\u00e1n capacidades para desarrollar Atlas de Riesgo Clim\u00e1tico"},"content":{"rendered":"\n<p>Santo Domingo.\u2013&nbsp;<strong>Rep\u00fablica Dominicana y Cuba<\/strong>&nbsp;exploran v\u00edas de intercambio y colaboraci\u00f3n para impulsar los&nbsp;<strong>Atlas de Riesgo Clim\u00e1tico<\/strong>&nbsp;de ambos pa\u00edses, bas\u00e1ndose en las&nbsp;<strong>capacidades y fortalezas<\/strong>&nbsp;que cada uno de ellos ha desarrollado en materia de observaci\u00f3n geoespacial; recolecci\u00f3n y sistematizaci\u00f3n de datos, y desarrollo de las plataformas tecnol\u00f3gicas.<\/p>\n\n\n\n<p>As\u00ed lo inform\u00f3 el vicepresidente ejecutivo del&nbsp;<strong>Consejo Nacional para el Cambio Clim\u00e1tico y Mecanismo de Desarrollo Limpio<\/strong>&nbsp;(CNCCMDL),&nbsp;<strong>Max Puig<\/strong>, a ra\u00edz de la visita a la Rep\u00fablica Dominicana de&nbsp;<strong>Maritza Garc\u00eda<\/strong>, presidenta de la Agencia de Medio Ambiente&nbsp;<strong>(AMA)<\/strong>, del Ministerio de Ciencia, Tecnolog\u00eda y Medio Ambiente&nbsp;<strong>(CITMA), de Cuba.<\/strong><\/p>\n\n\n\n<p><em>\u201cCuba ha desarrollado y actualiza cada a\u00f1o, desde hace varias d\u00e9cadas, su Atlas Nacional basado en los datos geogr\u00e1ficos, geol\u00f3gicos, topogr\u00e1ficos y de distinta \u00edndole, pero que no ha sido llevado a\u00fan a plataformas digitales, mientras que Rep\u00fablica Dominicana est\u00e1 desarrollando el Atlas de Riesgo Clim\u00e1tico 100 % digital, cuyo mayor desaf\u00edo es abarcar la cantidad y calidad de datos necesarios para su m\u00e1ximo aprovechamiento\u201d,&nbsp;<\/em>explic\u00f3.<\/p>\n\n\n\n<p>Puig insisti\u00f3 en que las fortalezas de ambos pa\u00edses son complementarias, por lo que pueden desarrollar en conjunto sus capacidades de&nbsp;<strong>prevenci\u00f3n y mitigaci\u00f3n de riesgo de desastres por eventos hidrometeorol\u00f3gicos<\/strong>, asociados al cambio clim\u00e1tico.<\/p>\n\n\n\n<p><em>\u201cCu\u00e1nto m\u00e1s sepamos acerca de c\u00f3mo se comportan los fen\u00f3menos naturales y, al mismo tiempo conozcamos las caracter\u00edsticas geogr\u00e1ficas y de infraestructura de nuestros territorios, mayor capacidad tendremos de prevenir riesgos y responder a los eventos naturales\u201d,<\/em>&nbsp;asever\u00f3.<\/p>\n\n\n\n<p>Adem\u00e1s de la presidenta de la Agencia de Medio Ambiente Cuba (AMA), Maritza Garc\u00eda, form\u00f3 parte de la delegaci\u00f3n cubana, el presidente de la Fundaci\u00f3n IRIS Unidos por el Clima,&nbsp;<strong>Rudy Montero Mata.<\/strong><\/p>\n","protected":false},"excerpt":{"rendered":"<p>Santo Domingo.\u2013&nbsp;Rep\u00fablica Dominicana y Cuba&nbsp;exploran v\u00edas de intercambio y colaboraci\u00f3n para impulsar los&nbsp;Atlas de Riesgo Clim\u00e1tico&nbsp;de ambos pa\u00edses, bas\u00e1ndose en las&nbsp;capacidades y fortalezas&nbsp;que cada uno de ellos ha desarrollado en&hellip; <\/p>\n","protected":false},"author":2,"featured_media":5211,"comment_status":"open","ping_status":"open","sticky":false,"template":"","format":"standard","meta":{"fifu_image_url":"https:\/\/presidencia.gob.do\/sites\/default\/files\/styles\/large\/public\/news\/2023-10\/RD%20y%20Cuba%20Cambio%20Clim%C3%A1tico.jpeg?itok=znocfemf","fifu_image_alt":"RD y Cuba unir\u00e1n capacidades para desarrollar Atlas de Riesgo Clim\u00e1tico","footnotes":""},"categories":[54],"tags":[],"class_list":["post-5209","post","type-post","status-publish","format-standard","has-post-thumbnail","hentry","category-politica_exterior"],"_links":{"self":[{"href":"https:\/\/elmundodelapolitica.com\/v1\/wp-json\/wp\/v2\/posts\/5209","targetHints":{"allow":["GET"]}}],"collection":[{"href":"https:\/\/elmundodelapolitica.com\/v1\/wp-json\/wp\/v2\/posts"}],"about":[{"href":"https:\/\/elmundodelapolitica.com\/v1\/wp-json\/wp\/v2\/types\/post"}],"author":[{"embeddable":true,"href":"https:\/\/elmundodelapolitica.com\/v1\/wp-json\/wp\/v2\/users\/2"}],"replies":[{"embeddable":true,"href":"https:\/\/elmundodelapolitica.com\/v1\/wp-json\/wp\/v2\/comments?post=5209"}],"version-history":[{"count":1,"href":"https:\/\/elmundodelapolitica.com\/v1\/wp-json\/wp\/v2\/posts\/5209\/revisions"}],"predecessor-version":[{"id":5210,"href":"https:\/\/elmundodelapolitica.com\/v1\/wp-json\/wp\/v2\/posts\/5209\/revisions\/5210"}],"wp:featuredmedia":[{"embeddable":true,"href":"https:\/\/elmundodelapolitica.com\/v1\/wp-json\/wp\/v2\/media\/5211"}],"wp:attachment":[{"href":"https:\/\/elmundodelapolitica.com\/v1\/wp-json\/wp\/v2\/media?parent=5209"}],"wp:term":[{"taxonomy":"category","embeddable":true,"href":"https:\/\/elmundodelapolitica.com\/v1\/wp-json\/wp\/v2\/categories?post=5209"},{"taxonomy":"post_tag","embeddable":true,"href":"https:\/\/elmundodelapolitica.com\/v1\/wp-json\/wp\/v2\/tags?post=5209"}],"curies":[{"name":"wp","href":"https:\/\/api.w.org\/{rel}","templated":true}]}}