{"id":5185,"date":"2023-10-04T09:45:30","date_gmt":"2023-10-04T13:45:30","guid":{"rendered":"https:\/\/elmundodelapolitica.com\/v1\/?p=5185"},"modified":"2023-10-04T09:45:30","modified_gmt":"2023-10-04T13:45:30","slug":"capacita-adocem-sobre-aplicacion-correcta-hormigon-en-obras","status":"publish","type":"post","link":"https:\/\/elmundodelapolitica.com\/v1\/capacita-adocem-sobre-aplicacion-correcta-hormigon-en-obras\/","title":{"rendered":"Capacita ADOCEM sobre aplicaci\u00f3n correcta hormig\u00f3n en obras"},"content":{"rendered":"<div>\n<p><strong>Santo Domingo<\/strong>, R.D. Octubre 2023.-\u00a0 Continuando con\u00a0el prop\u00f3sito de formar y mejorar los conocimientos de los expertos en el sector de la construcci\u00f3n, la Asociaci\u00f3n Dominicana de Productores de Cemento Portland (ADOCEM)\u00a0realiz\u00f3 el taller\u00a0Hormig\u00f3n Industrial: Control y Colocaci\u00f3n en Obra\u00a0impartido por el\u00a0Ing. Jos\u00e9\u00a0Toirac\u00a0Corral.<\/p>\n<div class=\"wp-block-image\">\n<figure class=\"aligncenter size-full\"><img loading=\"lazy\" data-attachment-id=\"32773\" data-permalink=\"https:\/\/elmundodelosnegocios.com.do\/v1\/index.php\/2023\/10\/04\/capacita-adocem-sobre-aplicacion-correcta-hormigon-en-obras\/alondra-de-la-cruz-ing-jose-toirac-corral-y-virginia-abreu\/\" data-orig-file=\"https:\/\/i0.wp.com\/elmundodelosnegocios.com.do\/v1\/wp-content\/uploads\/2023\/10\/Alondra-de-la-Cruz-Ing.-Jose-Toirac-Corral-y-Virginia-Abreu.jpg?fit=887%2C499&amp;ssl=1\" data-orig-size=\"887,499\" data-comments-opened=\"0\" data-image-meta='{\"aperture\":\"0\",\"credit\":\"\",\"camera\":\"\",\"caption\":\"\",\"created_timestamp\":\"0\",\"copyright\":\"\",\"focal_length\":\"0\",\"iso\":\"0\",\"shutter_speed\":\"0\",\"title\":\"\",\"orientation\":\"0\"}' data-image-title=\"Alondra-de-la-Cruz-Ing.-Jose-Toirac-Corral-y-Virginia-Abreu\" data-image-description=\"&lt;p&gt;Alondra de la Cruz, Ing. Jos\u00e9 Toirac Corral y Virginia Abreu&lt;\/p&gt;\n\" data-image-caption=\"&lt;p&gt;Alondra de la Cruz, Ing. Jos\u00e9 Toirac Corral y Virginia Abreu&lt;\/p&gt;\n\" data-medium-file=\"https:\/\/i0.wp.com\/elmundodelosnegocios.com.do\/v1\/wp-content\/uploads\/2023\/10\/Alondra-de-la-Cruz-Ing.-Jose-Toirac-Corral-y-Virginia-Abreu.jpg?fit=300%2C169&amp;ssl=1\" data-large-file=\"https:\/\/i0.wp.com\/elmundodelosnegocios.com.do\/v1\/wp-content\/uploads\/2023\/10\/Alondra-de-la-Cruz-Ing.-Jose-Toirac-Corral-y-Virginia-Abreu.jpg?fit=887%2C499&amp;ssl=1\" decoding=\"async\" width=\"887\" height=\"499\" src=\"https:\/\/i0.wp.com\/elmundodelosnegocios.com.do\/v1\/wp-content\/uploads\/2023\/10\/Alondra-de-la-Cruz-Ing.-Jose-Toirac-Corral-y-Virginia-Abreu.jpg?resize=887,499&amp;ssl=1\" alt=\"Alondra de la Cruz, Ing. Jos\u00e9 Toirac Corral y Virginia Abreu\" class=\"wp-image-32773\" srcset=\"https:\/\/i0.wp.com\/elmundodelosnegocios.com.do\/v1\/wp-content\/uploads\/2023\/10\/Alondra-de-la-Cruz-Ing.-Jose-Toirac-Corral-y-Virginia-Abreu.jpg?w=887&amp;ssl=1 887w, https:\/\/i0.wp.com\/elmundodelosnegocios.com.do\/v1\/wp-content\/uploads\/2023\/10\/Alondra-de-la-Cruz-Ing.-Jose-Toirac-Corral-y-Virginia-Abreu.jpg?resize=300%2C169&amp;ssl=1 300w, https:\/\/i0.wp.com\/elmundodelosnegocios.com.do\/v1\/wp-content\/uploads\/2023\/10\/Alondra-de-la-Cruz-Ing.-Jose-Toirac-Corral-y-Virginia-Abreu.jpg?resize=768%2C432&amp;ssl=1 768w\" sizes=\"auto, (max-width: 887px) 100vw, 887px\" data-recalc-dims=\"1\"><figcaption class=\"wp-element-caption\">Alondra de la Cruz, Ing. Jos\u00e9 Toirac Corral y Virginia Abreu<\/figcaption><\/figure>\n<\/div>\n<p>En el encuentro, se destacaron aspectos t\u00e9cnicos- pr\u00e1cticos de las actividades directas y complementarias para desarrollar una efectiva colocaci\u00f3n del hormig\u00f3n, que comprende despacho, transporte y los controles de calidad a realizar a su llegada a la obra. Tambi\u00e9n la preparaci\u00f3n previa, como son los encofrados, el refuerzo de acero y la cubicaci\u00f3n.<\/p>\n<div class=\"wp-block-image\">\n<figure class=\"aligncenter size-large\"><img data-attachment-id=\"32774\" data-permalink=\"https:\/\/elmundodelosnegocios.com.do\/v1\/index.php\/2023\/10\/04\/capacita-adocem-sobre-aplicacion-correcta-hormigon-en-obras\/ing-jose-toirac-corral\/\" data-orig-file=\"https:\/\/i0.wp.com\/elmundodelosnegocios.com.do\/v1\/wp-content\/uploads\/2023\/10\/Ing.-Jose-Toirac-Corral.jpg?fit=1431%2C1073&amp;ssl=1\" data-orig-size=\"1431,1073\" data-comments-opened=\"0\" data-image-meta='{\"aperture\":\"0\",\"credit\":\"\",\"camera\":\"\",\"caption\":\"\",\"created_timestamp\":\"0\",\"copyright\":\"\",\"focal_length\":\"0\",\"iso\":\"0\",\"shutter_speed\":\"0\",\"title\":\"\",\"orientation\":\"0\"}' data-image-title=\"Ing.-Jose-Toirac-Corral\" data-image-description=\"&lt;p&gt;Ing. Jos\u00e9 Toirac Corral&lt;\/p&gt;\n\" data-image-caption=\"&lt;p&gt;Ing. Jos\u00e9 Toirac Corral&lt;\/p&gt;\n\" data-medium-file=\"https:\/\/i0.wp.com\/elmundodelosnegocios.com.do\/v1\/wp-content\/uploads\/2023\/10\/Ing.-Jose-Toirac-Corral.jpg?fit=300%2C225&amp;ssl=1\" data-large-file=\"https:\/\/i0.wp.com\/elmundodelosnegocios.com.do\/v1\/wp-content\/uploads\/2023\/10\/Ing.-Jose-Toirac-Corral.jpg?fit=1024%2C768&amp;ssl=1\" decoding=\"async\" loading=\"lazy\" width=\"1024\" height=\"768\" src=\"https:\/\/i0.wp.com\/elmundodelosnegocios.com.do\/v1\/wp-content\/uploads\/2023\/10\/Ing.-Jose-Toirac-Corral-1024x768.jpg?resize=1024,768&amp;ssl=1\" alt=\"Ing. Jos\u00e9 Toirac Corral\" class=\"wp-image-32774\" srcset=\"https:\/\/i0.wp.com\/elmundodelosnegocios.com.do\/v1\/wp-content\/uploads\/2023\/10\/Ing.-Jose-Toirac-Corral.jpg?resize=1024%2C768&amp;ssl=1 1024w, https:\/\/i0.wp.com\/elmundodelosnegocios.com.do\/v1\/wp-content\/uploads\/2023\/10\/Ing.-Jose-Toirac-Corral.jpg?resize=300%2C225&amp;ssl=1 300w, https:\/\/i0.wp.com\/elmundodelosnegocios.com.do\/v1\/wp-content\/uploads\/2023\/10\/Ing.-Jose-Toirac-Corral.jpg?resize=768%2C576&amp;ssl=1 768w, https:\/\/i0.wp.com\/elmundodelosnegocios.com.do\/v1\/wp-content\/uploads\/2023\/10\/Ing.-Jose-Toirac-Corral.jpg?w=1431&amp;ssl=1 1431w\" sizes=\"auto, (max-width: 1024px) 100vw, 1024px\" data-recalc-dims=\"1\"><figcaption class=\"wp-element-caption\">Ing. Jos\u00e9 Toirac Corral<\/figcaption><\/figure>\n<\/div>\n<p>El Ing. Toirac\u00a0resalt\u00f3 la importancia del t\u00e9rmino de\u00a0fraguado inicial, \u201cjunta fr\u00eda\u201d y el manejo del flujo de camiones, todo matizado por ejemplos y vivencias pr\u00e1cticas del ingeniero presentador que despertaron el inter\u00e9s y la pol\u00e9mica de los participantes.<\/p>\n<p>Al entrenamiento participaron\u00a0m\u00e1s de 50 ingenieros del\u00a0sector de la\u00a0construcci\u00f3n agrupados principalmente en suplidores de concreto, supervisores y constructores.\u00a0El mismo se realiz\u00f3\u00a0a trav\u00e9s de Aula ADOCEM, el programa formativo que\u00a0busca agregar valor compartido en agendas de desarrollo comunes con los actores del sector, con variada tem\u00e1tica: nuevas tecnolog\u00edas y actualizaci\u00f3n de t\u00e9cnicas y conocimiento de los profesionales; sistemas de construcci\u00f3n con base en cemento y concreto, y el buen uso y aplicaciones de ambos productos; desarrollo sostenible de la industria, reutilizaci\u00f3n de materiales; productos y servicios, entre otros.<\/p>\n<div class=\"wp-block-image\">\n<figure class=\"aligncenter size-large\"><img data-attachment-id=\"32775\" data-permalink=\"https:\/\/elmundodelosnegocios.com.do\/v1\/index.php\/2023\/10\/04\/capacita-adocem-sobre-aplicacion-correcta-hormigon-en-obras\/participantes-taller-de-hormigon\/\" data-orig-file=\"https:\/\/i0.wp.com\/elmundodelosnegocios.com.do\/v1\/wp-content\/uploads\/2023\/10\/Participantes-taller-de-hormigon.jpg?fit=1607%2C1073&amp;ssl=1\" data-orig-size=\"1607,1073\" data-comments-opened=\"0\" data-image-meta='{\"aperture\":\"0\",\"credit\":\"SERRANOFOTOSTUDIO\",\"camera\":\"\",\"caption\":\"\",\"created_timestamp\":\"0\",\"copyright\":\"JOEL.RODRIGUEZ.SERRANO\",\"focal_length\":\"0\",\"iso\":\"0\",\"shutter_speed\":\"0\",\"title\":\"\",\"orientation\":\"0\"}' data-image-title=\"Participantes-taller-de-hormigon\" data-image-description=\"&lt;p&gt;Participantes taller de hormig\u00f3n&lt;\/p&gt;\n\" data-image-caption=\"&lt;p&gt;Participantes taller de hormig\u00f3n&lt;\/p&gt;\n\" data-medium-file=\"https:\/\/i0.wp.com\/elmundodelosnegocios.com.do\/v1\/wp-content\/uploads\/2023\/10\/Participantes-taller-de-hormigon.jpg?fit=300%2C200&amp;ssl=1\" data-large-file=\"https:\/\/i0.wp.com\/elmundodelosnegocios.com.do\/v1\/wp-content\/uploads\/2023\/10\/Participantes-taller-de-hormigon.jpg?fit=1024%2C684&amp;ssl=1\" decoding=\"async\" loading=\"lazy\" width=\"1024\" height=\"684\" src=\"https:\/\/i0.wp.com\/elmundodelosnegocios.com.do\/v1\/wp-content\/uploads\/2023\/10\/Participantes-taller-de-hormigon-1024x684.jpg?resize=1024,684&amp;ssl=1\" alt=\"Participantes taller de hormig\u00f3n\" class=\"wp-image-32775\" srcset=\"https:\/\/i0.wp.com\/elmundodelosnegocios.com.do\/v1\/wp-content\/uploads\/2023\/10\/Participantes-taller-de-hormigon.jpg?resize=1024%2C684&amp;ssl=1 1024w, https:\/\/i0.wp.com\/elmundodelosnegocios.com.do\/v1\/wp-content\/uploads\/2023\/10\/Participantes-taller-de-hormigon.jpg?resize=300%2C200&amp;ssl=1 300w, https:\/\/i0.wp.com\/elmundodelosnegocios.com.do\/v1\/wp-content\/uploads\/2023\/10\/Participantes-taller-de-hormigon.jpg?resize=768%2C513&amp;ssl=1 768w, https:\/\/i0.wp.com\/elmundodelosnegocios.com.do\/v1\/wp-content\/uploads\/2023\/10\/Participantes-taller-de-hormigon.jpg?resize=1536%2C1026&amp;ssl=1 1536w, https:\/\/i0.wp.com\/elmundodelosnegocios.com.do\/v1\/wp-content\/uploads\/2023\/10\/Participantes-taller-de-hormigon.jpg?w=1607&amp;ssl=1 1607w\" sizes=\"auto, (max-width: 1024px) 100vw, 1024px\" data-recalc-dims=\"1\"><figcaption class=\"wp-element-caption\">Participantes taller de hormig\u00f3n<\/figcaption><\/figure>\n<\/div>\n<p>\u201cCon esta\u00a0capacitaci\u00f3n\u00a0pretendemos continuar contribuyendo con el\u00a0crecimiento, actualizaci\u00f3n y formaci\u00f3n de los agentes que participan en el sector de la construcci\u00f3n. Compartir informaci\u00f3n relevante forma parte de nuestra filosof\u00eda y el engranaje del desarrollo, pues deja espacio para el intercambio y el crecimiento personal y profesional\u201d, explic\u00f3 Julissa B\u00e1ez, directora ejecutiva de ADOCEM.<\/p>\n<p>El ing.\u00a0Toirac\u00a0realiz\u00f3 sus estudios en la Universidad de Oriente, Santiago de Cuba. Cuenta con posgrados y maestr\u00edas en la Universidad de la Habana y Universidad Aut\u00f3noma de Santo Domingo. Posee una amplia experiencia profesional en la producci\u00f3n de hormigones industriales, agregados, cemento, prefabricados, patolog\u00eda estructural y colocaci\u00f3n de hormig\u00f3n en obras civiles, residenciales e industriales, destacando su participaci\u00f3n directa en la construcci\u00f3n del puente Juan Bosch y el Metro de Santo Domingo. Paralelamente, y desde el a\u00f1o 1993 a la fecha se desempe\u00f1a como catedr\u00e1tico universitario en INTEC con Categor\u00eda Acad\u00e9mica de Profesor Adjunto, realizando variadas investigaciones y\u00a0publicaciones en revistas t\u00e9cnicas, participando, adem\u00e1s, como expositor en numerosos eventos nacionales e internacionales.<\/p>\n<\/div>\n","protected":false},"excerpt":{"rendered":"<p>Santo Domingo, R.D. Octubre 2023.-\u00a0 Continuando con\u00a0el prop\u00f3sito de formar y mejorar los conocimientos de los expertos en el sector de la construcci\u00f3n, la Asociaci\u00f3n Dominicana de Productores de Cemento&hellip; <\/p>\n","protected":false},"author":2,"featured_media":5186,"comment_status":"closed","ping_status":"closed","sticky":false,"template":"","format":"standard","meta":{"fifu_image_url":"https:\/\/i0.wp.com\/elmundodelosnegocios.com.do\/v1\/wp-content\/uploads\/2023\/10\/Alondra-de-la-Cruz-Ing.-Jose-Toirac-Corral-y-Virginia-Abreu.jpg?resize=887,499&ssl=1","fifu_image_alt":"Capacita ADOCEM sobre aplicaci\u00f3n correcta hormig\u00f3n en obras","footnotes":""},"categories":[63],"tags":[],"class_list":["post-5185","post","type-post","status-publish","format-standard","has-post-thumbnail","hentry","category-actualidad"],"_links":{"self":[{"href":"https:\/\/elmundodelapolitica.com\/v1\/wp-json\/wp\/v2\/posts\/5185","targetHints":{"allow":["GET"]}}],"collection":[{"href":"https:\/\/elmundodelapolitica.com\/v1\/wp-json\/wp\/v2\/posts"}],"about":[{"href":"https:\/\/elmundodelapolitica.com\/v1\/wp-json\/wp\/v2\/types\/post"}],"author":[{"embeddable":true,"href":"https:\/\/elmundodelapolitica.com\/v1\/wp-json\/wp\/v2\/users\/2"}],"replies":[{"embeddable":true,"href":"https:\/\/elmundodelapolitica.com\/v1\/wp-json\/wp\/v2\/comments?post=5185"}],"version-history":[{"count":0,"href":"https:\/\/elmundodelapolitica.com\/v1\/wp-json\/wp\/v2\/posts\/5185\/revisions"}],"wp:featuredmedia":[{"embeddable":true,"href":"https:\/\/elmundodelapolitica.com\/v1\/wp-json\/wp\/v2\/media\/5186"}],"wp:attachment":[{"href":"https:\/\/elmundodelapolitica.com\/v1\/wp-json\/wp\/v2\/media?parent=5185"}],"wp:term":[{"taxonomy":"category","embeddable":true,"href":"https:\/\/elmundodelapolitica.com\/v1\/wp-json\/wp\/v2\/categories?post=5185"},{"taxonomy":"post_tag","embeddable":true,"href":"https:\/\/elmundodelapolitica.com\/v1\/wp-json\/wp\/v2\/tags?post=5185"}],"curies":[{"name":"wp","href":"https:\/\/api.w.org\/{rel}","templated":true}]}}