{"id":5181,"date":"2023-10-04T09:36:10","date_gmt":"2023-10-04T13:36:10","guid":{"rendered":"https:\/\/elmundodelapolitica.com\/v1\/?p=5181"},"modified":"2023-10-04T09:36:10","modified_gmt":"2023-10-04T13:36:10","slug":"expertos-internacionales-sesionan-en-santo-domingo-con-la-mision-de-reducir-impacto-del-co2-en-aviacion-civil","status":"publish","type":"post","link":"https:\/\/elmundodelapolitica.com\/v1\/expertos-internacionales-sesionan-en-santo-domingo-con-la-mision-de-reducir-impacto-del-co2-en-aviacion-civil\/","title":{"rendered":"Expertos internacionales sesionan en Santo Domingo con la misi\u00f3n de reducir impacto del CO2 en aviaci\u00f3n civil"},"content":{"rendered":"<div>\n<p>Santo Domingo.- El\u00a0<strong>Instituto Dominicano de Aviaci\u00f3n Civil<\/strong>\u00a0(IDAC) ofreci\u00f3 la bienvenida a los delegados internacionales que sesionar\u00e1n en el pa\u00eds, para acelerar la implementaci\u00f3n del principal\u00a0<strong>programa especializado la Agencia Europea de Seguridad A\u00e9rea<\/strong>\u00a0(EASA), con el objetivo de\u00a0<strong>reducir las emisiones de CO2<\/strong>\u00a0generadas por la actividad aeron\u00e1utica.<\/p>\n<figure class=\"wp-block-image size-large\"><img data-attachment-id=\"32767\" data-permalink=\"https:\/\/elmundodelosnegocios.com.do\/v1\/index.php\/2023\/10\/04\/expertos-internacionales-sesionan-en-santo-domingo-con-la-mision-de-reducir-impacto-del-co2-en-aviacion-civil\/2a-3-2\/\" data-orig-file=\"https:\/\/i0.wp.com\/elmundodelosnegocios.com.do\/v1\/wp-content\/uploads\/2023\/10\/2a-3.jpeg?fit=1300%2C731&amp;ssl=1\" data-orig-size=\"1300,731\" data-comments-opened=\"0\" data-image-meta='{\"aperture\":\"0\",\"credit\":\"\",\"camera\":\"\",\"caption\":\"\",\"created_timestamp\":\"0\",\"copyright\":\"\",\"focal_length\":\"0\",\"iso\":\"0\",\"shutter_speed\":\"0\",\"title\":\"\",\"orientation\":\"0\"}' data-image-title=\"2a-3\" data-image-description=\"\" data-image-caption=\"\" data-medium-file=\"https:\/\/i0.wp.com\/elmundodelosnegocios.com.do\/v1\/wp-content\/uploads\/2023\/10\/2a-3.jpeg?fit=300%2C169&amp;ssl=1\" data-large-file=\"https:\/\/i0.wp.com\/elmundodelosnegocios.com.do\/v1\/wp-content\/uploads\/2023\/10\/2a-3.jpeg?fit=1024%2C576&amp;ssl=1\" decoding=\"async\" loading=\"lazy\" width=\"1024\" height=\"576\" src=\"https:\/\/i0.wp.com\/elmundodelosnegocios.com.do\/v1\/wp-content\/uploads\/2023\/10\/2a-3-1024x576.jpeg?resize=1024,576&amp;ssl=1\" alt=\"\" class=\"wp-image-32767\" srcset=\"https:\/\/i0.wp.com\/elmundodelosnegocios.com.do\/v1\/wp-content\/uploads\/2023\/10\/2a-3.jpeg?resize=1024%2C576&amp;ssl=1 1024w, https:\/\/i0.wp.com\/elmundodelosnegocios.com.do\/v1\/wp-content\/uploads\/2023\/10\/2a-3.jpeg?resize=300%2C169&amp;ssl=1 300w, https:\/\/i0.wp.com\/elmundodelosnegocios.com.do\/v1\/wp-content\/uploads\/2023\/10\/2a-3.jpeg?resize=768%2C432&amp;ssl=1 768w, https:\/\/i0.wp.com\/elmundodelosnegocios.com.do\/v1\/wp-content\/uploads\/2023\/10\/2a-3.jpeg?w=1300&amp;ssl=1 1300w\" sizes=\"auto, (max-width: 1024px) 100vw, 1024px\" data-recalc-dims=\"1\"><\/figure>\n<p>El director general del IDAC,\u00a0<strong>H\u00e9ctor Porcella<\/strong>, declar\u00f3, en sus palabras de apertura, que la reuni\u00f3n de trabajo del Proyecto de Creaci\u00f3n de Capacidades para la Mitigaci\u00f3n de CO2 de la Aviaci\u00f3n internacional, \u00c1frica y el Caribe\u00a0<strong>(CORSIA),<\/strong>\u00a0financiado por la\u00a0<strong>Comisi\u00f3n Europea<\/strong>\u00a0y ejecutado por la\u00a0<strong>EASA<\/strong>, servir\u00e1 de gu\u00eda a los pa\u00edses participantes, para establecer metas logrables a corto, mediano y largo plazo, para afianzar la\u00a0<strong>protecci\u00f3n del medio ambiente<\/strong>\u00a0a nivel mundial.<\/p>\n<p>El evento, iniciado en el aula magna de la Academia Superior de Ciencias Aeron\u00e1uticas\u00a0<strong>(ASCA),\u00a0<\/strong>y bajo la coordinaci\u00f3n de la\u00a0<strong>Direcci\u00f3n de Desarrollo Sustentables<\/strong>\u00a0del IDAC, se abocar\u00e1 a evaluar los m\u00e1s recientes\u00a0<strong>cambios y avances establecidos en la normativa internacional<\/strong>, para adoptar medidas acordes a las realidades cada uno estados comprometidos.<\/p>\n<p><strong>Miguel A. Mej\u00eda, subdirector del IDAC<\/strong>\u00a0y encargado de la Direcci\u00f3n de Desarrollo Sustentable, resalt\u00f3 que<strong>\u00a0el<\/strong>\u00a0<strong>Estado Dominicano ha asumido retos<\/strong>\u00a0que, una vez alcanzados, servir\u00e1n de apoyo para impulsar nuevas estrategias logrables y avanzar hacia nuevas metas en la misi\u00f3n de afianzar un sistema de aviaci\u00f3n civil m\u00e1s amigable y respetuoso con el entorno ambiental.<\/p>\n<p>Agreg\u00f3 que, se ha dado seguimiento a los cambios propuestos en el anexo 16, volumen 4, de la OACI, y se han planificado las acciones necesarias para cubrir estos cambios propuestos en la regulaci\u00f3n nacional.<\/p>\n<p>El evento cuenta con la participaci\u00f3n presencial de\u00a0<strong>40 invitados internacionales<\/strong>\u00a0de las regiones del Caribe y \u00c1frica, junto a\u00a0<strong>20 representantes de la Rep\u00fablica Dominicana.<\/strong><\/p>\n<p>En la ceremonia de inicio del seminario internacional tambi\u00e9n hicieron uso de la palabra,\u00a0<strong>Max Puig,<\/strong>\u00a0vicepresidente ejecutivo del Consejo nacional para el Cambio clim\u00e1tico;\u00a0<strong>Melvin Asin<\/strong>, delegado de la Uni\u00f3n Europea;\u00a0<strong>Luis S\u00e1nchez<\/strong>, oficial de Medio Ambiente de la Oficina Regional para Norteam\u00e9rica, Centroam\u00e9rica y Caribe (NACC), de la Organizaci\u00f3n de Aviaci\u00f3n Civil Internacional (OACI);\u00a0<strong>Carla Iorio<\/strong>, representante de Cooperaci\u00f3n Internacional para Am\u00e9rica y \u00c1frica, de la EASA, y\u00a0<strong>Eleonora Italia,<\/strong>\u00a0directora del Proyecto (EASA).<\/p>\n<figure class=\"wp-block-image\"><img decoding=\"async\" src=\"https:\/\/i0.wp.com\/presidencia.gob.do\/sites\/default\/files\/inline-images\/H\u00e9ctor Porcella, junto a expertos internacionales en evento para mitigar Emisiones CO2 en la aviaci\u00f3n civil Internacional, desarrollado en la Academia Superior de Ciencias Aeron\u00e1utica.jpeg?w=1110&amp;ssl=1\" alt=\"\" data-recalc-dims=\"1\"><\/figure>\n<p>Los expositores coincidieron en resaltar la importancia de avanzar en las estrategias trazadas por el CORSIA, para mitigar las emisiones de gases de efecto invernadero en la aviaci\u00f3n civil y\u00a0<strong>fortalecer la cooperaci\u00f3n entre los pa\u00edses<\/strong>, para implementar las acciones programadas.\u00a0<\/p>\n<p>Max Puig destac\u00f3 el respaldo que viene ofreciendo el\u00a0<strong>Gobierno del presidente Abinader<\/strong>\u00a0a las acciones que desarrolla el IDAC, a trav\u00e9s de su Direcci\u00f3n de Desarrollo Sustentable, para alcanzar los objetivos trazados en el programa de trabajo para reducir las emisiones de carbono.\u00a0<em>\u201cRep\u00fablica Dominicana se ha adherido a esta meta, est\u00e1 cumpliendo con los grandes compromisos internacionales en materia de acuerdos medioambientales, con los plazos del establecimiento de Contribuci\u00f3n Nacional Determinada (NDC); ya posee su plan de acci\u00f3n, y esto aplica para el Gobierno y sociedad civil, empresarios y organizaciones de todo tipo\u201d,<\/em>\u00a0apunt\u00f3 Puig.<\/p>\n<p>Melvin Asin dijo que la Uni\u00f3n Europea est\u00e1 empe\u00f1ada en promover la creaci\u00f3n de m\u00e1s asociaciones con las regiones de \u00c1frica y el Caribe, para apoyar la transici\u00f3n verde y mitigar la contaminaci\u00f3n del clima a los niveles deseados para cada naci\u00f3n, para lo cual cada sector de la econom\u00eda, incluyendo la aviaci\u00f3n, debe jugar su papel en sus logros, aprobando incentivos econ\u00f3micos para\u00a0<strong>bajar la huella de carb\u00f3n y proteger a las comunidades de los efectos da\u00f1inos del cambio clim\u00e1tico.<\/strong><\/p>\n<p>Mientras que Luis S\u00e1nchez reconoci\u00f3 que Rep\u00fablica Dominicana tiene un abordaje muy interesante sobre el plan de acci\u00f3n estatal en materia ambiental, favorecido en gran medida por la voluntad de acoger la metodolog\u00eda CORSIA.<\/p>\n<p>Tras se\u00f1alar que la OACI continuar\u00e1 apoyando los esfuerzos del pa\u00eds, indic\u00f3 que\u00a0<em>\u201cluego de la pandemia tenemos la doble labor, no s\u00f3lo de recuperar las redes del transporte a\u00e9reo, sino tambi\u00e9n la sostenibilidad, a trav\u00e9s de todos estos actores relevantes tienen que apalancan las innovaciones para esta transici\u00f3n verde. OACI va a seguir con ustedes para poder lograr las metas de cero emisiones para el 2050\u201d.<\/em><\/p>\n<p>La se\u00f1ora Carla Iorio resalt\u00f3 la necesidad de consolidar una\u00a0<strong>colaboraci\u00f3n cercana en el sector aeron\u00e1utico,<\/strong>\u00a0trabajando mano a mano, con la clara visi\u00f3n de que todos pueden contribuir y trabajar mancomunadamente, para crecer y tener una cultura que se enfoque en la seguridad y la sostenibilidad de la aviaci\u00f3n.<\/p>\n<p>Eleonora Italia cit\u00f3 los esfuerzos desplegados por EASA para hacer posible la cita de Santo Domingo, indicando que el trabajo de coordinaci\u00f3n se inici\u00f3 en el mes de mayo, para asegurar un encuentro productivo, creando las condiciones para que los pa\u00edses puedan rastrear y reportar las emisiones en aviaci\u00f3n civil, pero sobre todo, aplicar la metodolog\u00eda CORSIA en el cumplimiento de este importante objetivo.<\/p>\n<p>La actividad que se llevara a cabo durante tres jornadas, bajo la responsabilidad de la Agencia de Seguridad A\u00e9rea de la Uni\u00f3n Europea y el Instituto Dominicano de Aviaci\u00f3n Civil; cumple un mandato de la 41\u00aa Asamblea General de la OACI.<\/p>\n<\/div>\n","protected":false},"excerpt":{"rendered":"<p>Santo Domingo.- El\u00a0Instituto Dominicano de Aviaci\u00f3n Civil\u00a0(IDAC) ofreci\u00f3 la bienvenida a los delegados internacionales que sesionar\u00e1n en el pa\u00eds, para acelerar la implementaci\u00f3n del principal\u00a0programa especializado la Agencia Europea de&hellip; <\/p>\n","protected":false},"author":2,"featured_media":5182,"comment_status":"closed","ping_status":"closed","sticky":false,"template":"","format":"standard","meta":{"fifu_image_url":"https:\/\/i0.wp.com\/elmundodelosnegocios.com.do\/v1\/wp-content\/uploads\/2023\/10\/2a-3-1024x576.jpeg?resize=1024,576&ssl=1","fifu_image_alt":"Expertos internacionales sesionan en Santo Domingo con la misi\u00f3n de reducir impacto del CO2 en aviaci\u00f3n civil","footnotes":""},"categories":[63],"tags":[],"class_list":["post-5181","post","type-post","status-publish","format-standard","has-post-thumbnail","hentry","category-actualidad"],"_links":{"self":[{"href":"https:\/\/elmundodelapolitica.com\/v1\/wp-json\/wp\/v2\/posts\/5181","targetHints":{"allow":["GET"]}}],"collection":[{"href":"https:\/\/elmundodelapolitica.com\/v1\/wp-json\/wp\/v2\/posts"}],"about":[{"href":"https:\/\/elmundodelapolitica.com\/v1\/wp-json\/wp\/v2\/types\/post"}],"author":[{"embeddable":true,"href":"https:\/\/elmundodelapolitica.com\/v1\/wp-json\/wp\/v2\/users\/2"}],"replies":[{"embeddable":true,"href":"https:\/\/elmundodelapolitica.com\/v1\/wp-json\/wp\/v2\/comments?post=5181"}],"version-history":[{"count":0,"href":"https:\/\/elmundodelapolitica.com\/v1\/wp-json\/wp\/v2\/posts\/5181\/revisions"}],"wp:featuredmedia":[{"embeddable":true,"href":"https:\/\/elmundodelapolitica.com\/v1\/wp-json\/wp\/v2\/media\/5182"}],"wp:attachment":[{"href":"https:\/\/elmundodelapolitica.com\/v1\/wp-json\/wp\/v2\/media?parent=5181"}],"wp:term":[{"taxonomy":"category","embeddable":true,"href":"https:\/\/elmundodelapolitica.com\/v1\/wp-json\/wp\/v2\/categories?post=5181"},{"taxonomy":"post_tag","embeddable":true,"href":"https:\/\/elmundodelapolitica.com\/v1\/wp-json\/wp\/v2\/tags?post=5181"}],"curies":[{"name":"wp","href":"https:\/\/api.w.org\/{rel}","templated":true}]}}