{"id":5157,"date":"2023-10-04T01:11:01","date_gmt":"2023-10-04T05:11:01","guid":{"rendered":"https:\/\/elmundodelapolitica.com\/v1\/?p=5157"},"modified":"2023-10-04T01:11:01","modified_gmt":"2023-10-04T05:11:01","slug":"resumen-el-fondo-saudita-para-el-desarrollo-inaugura-oficialmente-la-red-de-transmision-de-33-kv-del-proyecto-isla-mahe-del-sur-en-seychelles","status":"publish","type":"post","link":"https:\/\/elmundodelapolitica.com\/v1\/resumen-el-fondo-saudita-para-el-desarrollo-inaugura-oficialmente-la-red-de-transmision-de-33-kv-del-proyecto-isla-mahe-del-sur-en-seychelles\/","title":{"rendered":"Resumen: El Fondo Saudita para el Desarrollo inaugura oficialmente la red de transmisi\u00f3n de 33 KV del Proyecto Isla Mah\u00e9 del Sur en Seychelles"},"content":{"rendered":"<p>VICTORIA, Seychelles&#8211;(BUSINESS WIRE)&#8211;Con la presencia del presidente de la Rep\u00fablica de Seychelles, Su Excelencia Wavel Ramkalayan, el director ejecutivo del Fondo Saudita para el Desarrollo (FSD), Su Excelencia el Sult\u00e1n Al-Marshad, se inaugur\u00f3 oficialmente hoy en Seychelles la red de transmisi\u00f3n de 33 KV del Proyecto Isla Mah\u00e9 del Sur en Seychelles junto con el ministro de agricultura, cambio clim\u00e1tico y medioambiente de Seychelles, el honorable Flavien P Joubert. Otros asistentes a la inauguraci\u00f3n fueron el vicepresidente de la Rep\u00fablica de Seychelles, el se\u00f1or Ahmed Afif, y otros ministros, el representante designado de BADEA y funcionarios gubernamentales de ambos pa\u00edses.<br \/>\nEl comunicado en el idioma original es la versi\u00f3n oficial y autorizada del mismo. Esta traducci\u00f3n es solamente un medio de ayuda y deber\u00e1 ser comparada con el texto en idioma original, que es la \u00fanica versi\u00f3n del texto que tendr\u00e1 validez legal. Contacts<br \/>\nNawaf Alojrush<br \/>\nalojrush@sep.gov.sa<\/p>\n","protected":false},"excerpt":{"rendered":"<div>\n<p>VICTORIA, Seychelles&#8211;(BUSINESS WIRE)&#8211;Con la presencia del presidente de la Rep\u00fablica de Seychelles, Su Excelencia Wavel Ramkalayan, el director ejecutivo del Fondo Saudita para el Desarrollo (FSD), Su Excelencia el Sult\u00e1n Al-Marshad, se inaugur\u00f3 oficialmente hoy en Seychelles la red de transmisi\u00f3n de 33 KV del Proyecto Isla Mah\u00e9 del Sur en Seychelles junto con el ministro de agricultura, cambio clim\u00e1tico y medioambiente de Seychelles, el honorable Flavien P Joubert. Otros asistentes a la inauguraci\u00f3n fueron el vicepresidente de la Rep\u00fablica de Seychelles, el se\u00f1or Ahmed Afif, y otros ministros, el representante designado de BADEA y funcionarios gubernamentales de ambos pa\u00edses.<\/p>\n<p><a href=\"https:\/\/mms.businesswire.com\/media\/20231003431526\/es\/1905411\/5\/SFD_CEO_Sultan_Al-Marshad_and_Seychelles_government_officials_inaugurate.jpg\"><img decoding=\"async\" src=\"https:\/\/mms.businesswire.com\/media\/20231003468183\/en\/1905411\/21\/SFD_CEO_Sultan_Al-Marshad_and_Seychelles_government_officials_inaugurate.jpg\"><\/a><br \/><a href=\"https:\/\/mms.businesswire.com\/media\/20231003431526\/es\/1905411\/5\/SFD_CEO_Sultan_Al-Marshad_and_Seychelles_government_officials_inaugurate.jpg\"><img decoding=\"async\" src=\"https:\/\/mms.businesswire.com\/media\/20231003431526\/es\/1905411\/22\/SFD_CEO_Sultan_Al-Marshad_and_Seychelles_government_officials_inaugurate.jpg\"><\/a><br \/><a href=\"https:\/\/mms.businesswire.com\/media\/20231003431526\/es\/1905410\/5\/SFD_-_logo.jpg\"><img decoding=\"async\" src=\"https:\/\/mms.businesswire.com\/media\/20231003468183\/en\/1905410\/21\/SFD_-_logo.jpg\"><\/a><br \/><a href=\"https:\/\/mms.businesswire.com\/media\/20231003431526\/es\/1905410\/5\/SFD_-_logo.jpg\"><img decoding=\"async\" src=\"https:\/\/mms.businesswire.com\/media\/20231003431526\/es\/1905410\/22\/SFD_-_logo.jpg\"><\/a><\/p>\n<p>\nEl comunicado en el idioma original es la versi\u00f3n oficial y autorizada del mismo. Esta traducci\u00f3n es solamente un medio de ayuda y deber\u00e1 ser comparada con el texto en idioma original, que es la \u00fanica versi\u00f3n del texto que tendr\u00e1 validez legal.<\/p>\n<p> <b>Contacts<\/b> <\/p>\n<p>\nNawaf Alojrush<br \/>\n<br \/><a target=\"_blank\" href=\"mailto:alojrush@sep.gov.sa\" rel=\"nofollow noopener\">alojrush@sep.gov.sa<\/a><\/p>\n<\/div>\n","protected":false},"author":2,"featured_media":5158,"comment_status":"closed","ping_status":"closed","sticky":false,"template":"","format":"standard","meta":{"fifu_image_url":"https:\/\/mms.businesswire.com\/media\/20231003468183\/en\/1905411\/21\/SFD_CEO_Sultan_Al-Marshad_and_Seychelles_government_officials_inaugurate.jpg","fifu_image_alt":"Resumen: El Fondo Saudita para el Desarrollo inaugura oficialmente la red de transmisi\u00f3n de 33 KV del Proyecto Isla Mah\u00e9 del Sur en Seychelles","footnotes":""},"categories":[44],"tags":[],"class_list":["post-5157","post","type-post","status-publish","format-standard","has-post-thumbnail","hentry","category-business-wire"],"_links":{"self":[{"href":"https:\/\/elmundodelapolitica.com\/v1\/wp-json\/wp\/v2\/posts\/5157","targetHints":{"allow":["GET"]}}],"collection":[{"href":"https:\/\/elmundodelapolitica.com\/v1\/wp-json\/wp\/v2\/posts"}],"about":[{"href":"https:\/\/elmundodelapolitica.com\/v1\/wp-json\/wp\/v2\/types\/post"}],"author":[{"embeddable":true,"href":"https:\/\/elmundodelapolitica.com\/v1\/wp-json\/wp\/v2\/users\/2"}],"replies":[{"embeddable":true,"href":"https:\/\/elmundodelapolitica.com\/v1\/wp-json\/wp\/v2\/comments?post=5157"}],"version-history":[{"count":0,"href":"https:\/\/elmundodelapolitica.com\/v1\/wp-json\/wp\/v2\/posts\/5157\/revisions"}],"wp:featuredmedia":[{"embeddable":true,"href":"https:\/\/elmundodelapolitica.com\/v1\/wp-json\/wp\/v2\/media\/5158"}],"wp:attachment":[{"href":"https:\/\/elmundodelapolitica.com\/v1\/wp-json\/wp\/v2\/media?parent=5157"}],"wp:term":[{"taxonomy":"category","embeddable":true,"href":"https:\/\/elmundodelapolitica.com\/v1\/wp-json\/wp\/v2\/categories?post=5157"},{"taxonomy":"post_tag","embeddable":true,"href":"https:\/\/elmundodelapolitica.com\/v1\/wp-json\/wp\/v2\/tags?post=5157"}],"curies":[{"name":"wp","href":"https:\/\/api.w.org\/{rel}","templated":true}]}}