{"id":5153,"date":"2023-10-03T12:50:53","date_gmt":"2023-10-03T16:50:53","guid":{"rendered":"https:\/\/elmundodelapolitica.com\/v1\/?p=5153"},"modified":"2023-10-03T12:50:53","modified_gmt":"2023-10-03T16:50:53","slug":"banco-popular-y-unapec-inauguran-laboratorio-de-finanzas","status":"publish","type":"post","link":"https:\/\/elmundodelapolitica.com\/v1\/banco-popular-y-unapec-inauguran-laboratorio-de-finanzas\/","title":{"rendered":"Banco Popular y UNAPEC inauguran laboratorio de finanzas"},"content":{"rendered":"<div>\n<p><strong>Inicia la Semana de las Finanzas Popular con actividades educativas<\/strong><\/p>\n<p>Santo Domingo, D. N. \u2013 El Banco Popular Dominicano y la Universidad (UNAPEC) inauguraron un laboratorio de finanzas para estudiantes y\u00a0egresados de esta universidad, que facilitar\u00e1 el aprendizaje de los temas financieros y el desarrollo de competencias en esta \u00e1rea elemental para el desarrollo de las personas y las empresas.<\/p>\n<div class=\"wp-block-image\">\n<figure class=\"aligncenter size-large\"><img data-attachment-id=\"32741\" data-permalink=\"https:\/\/elmundodelosnegocios.com.do\/v1\/index.php\/2023\/10\/03\/banco-popular-y-unapec-inauguran-laboratorio-de-finanzas\/1-5-3-2\/\" data-orig-file=\"https:\/\/i0.wp.com\/elmundodelosnegocios.com.do\/v1\/wp-content\/uploads\/2023\/10\/1-5-3.jpg?fit=1091%2C727&amp;ssl=1\" data-orig-size=\"1091,727\" data-comments-opened=\"0\" data-image-meta='{\"aperture\":\"4\",\"credit\":\"DPA\",\"camera\":\"ILCE-7M3\",\"caption\":\"\",\"created_timestamp\":\"1696178462\",\"copyright\":\"BPD\",\"focal_length\":\"26.9\",\"iso\":\"1000\",\"shutter_speed\":\"0.00625\",\"title\":\"\",\"orientation\":\"0\"}' data-image-title=\"1-5-3\" data-image-description=\"\" data-image-caption=\"\" data-medium-file=\"https:\/\/i0.wp.com\/elmundodelosnegocios.com.do\/v1\/wp-content\/uploads\/2023\/10\/1-5-3.jpg?fit=300%2C200&amp;ssl=1\" data-large-file=\"https:\/\/i0.wp.com\/elmundodelosnegocios.com.do\/v1\/wp-content\/uploads\/2023\/10\/1-5-3.jpg?fit=1024%2C682&amp;ssl=1\" decoding=\"async\" loading=\"lazy\" width=\"1024\" height=\"682\" src=\"https:\/\/i0.wp.com\/elmundodelosnegocios.com.do\/v1\/wp-content\/uploads\/2023\/10\/1-5-3.jpg?resize=1024,682\" alt=\"\" class=\"wp-image-32741\" srcset=\"https:\/\/i0.wp.com\/elmundodelosnegocios.com.do\/v1\/wp-content\/uploads\/2023\/10\/1-5-3.jpg?resize=1024,682&amp;ssl=1 1024w, https:\/\/i0.wp.com\/elmundodelosnegocios.com.do\/v1\/wp-content\/uploads\/2023\/10\/1-5-3.jpg?resize=300%2C200&amp;ssl=1 300w, https:\/\/i0.wp.com\/elmundodelosnegocios.com.do\/v1\/wp-content\/uploads\/2023\/10\/1-5-3.jpg?resize=768%2C512&amp;ssl=1 768w, https:\/\/i0.wp.com\/elmundodelosnegocios.com.do\/v1\/wp-content\/uploads\/2023\/10\/1-5-3.jpg?w=1091&amp;ssl=1 1091w\" sizes=\"auto, (max-width: 1024px) 100vw, 1024px\" data-recalc-dims=\"1\"><\/figure>\n<\/div>\n<p>En el Laboratorio de Finanzas Popular, los estudiantes, de forma f\u00edsica y virtual, aprender\u00e1n sobre la toma de decisiones financieras, la gesti\u00f3n de riesgos en los portafolios de inversi\u00f3n, el desarrollo de investigaciones en torno al mercado financiero y la formaci\u00f3n en finanzas, en sentido general.<\/p>\n<div class=\"wp-block-image\">\n<figure class=\"aligncenter size-full\"><img data-attachment-id=\"32742\" data-permalink=\"https:\/\/elmundodelosnegocios.com.do\/v1\/index.php\/2023\/10\/03\/banco-popular-y-unapec-inauguran-laboratorio-de-finanzas\/1-6-1\/\" data-orig-file=\"https:\/\/i0.wp.com\/elmundodelosnegocios.com.do\/v1\/wp-content\/uploads\/2023\/10\/1-6-1.jpg?fit=1000%2C667&amp;ssl=1\" data-orig-size=\"1000,667\" data-comments-opened=\"0\" data-image-meta='{\"aperture\":\"4\",\"credit\":\"DPA\",\"camera\":\"ILCE-7M3\",\"caption\":\"\",\"created_timestamp\":\"1696176300\",\"copyright\":\"BPD\",\"focal_length\":\"24\",\"iso\":\"1600\",\"shutter_speed\":\"0.00625\",\"title\":\"\",\"orientation\":\"0\"}' data-image-title=\"1-6-1\" data-image-description=\"\" data-image-caption=\"\" data-medium-file=\"https:\/\/i0.wp.com\/elmundodelosnegocios.com.do\/v1\/wp-content\/uploads\/2023\/10\/1-6-1.jpg?fit=300%2C200&amp;ssl=1\" data-large-file=\"https:\/\/i0.wp.com\/elmundodelosnegocios.com.do\/v1\/wp-content\/uploads\/2023\/10\/1-6-1.jpg?fit=1000%2C667&amp;ssl=1\" decoding=\"async\" loading=\"lazy\" width=\"1000\" height=\"667\" src=\"https:\/\/i0.wp.com\/elmundodelosnegocios.com.do\/v1\/wp-content\/uploads\/2023\/10\/1-6-1.jpg?resize=1000,667\" alt=\"\" class=\"wp-image-32742\" srcset=\"https:\/\/i0.wp.com\/elmundodelosnegocios.com.do\/v1\/wp-content\/uploads\/2023\/10\/1-6-1.jpg?w=1000&amp;ssl=1 1000w, https:\/\/i0.wp.com\/elmundodelosnegocios.com.do\/v1\/wp-content\/uploads\/2023\/10\/1-6-1.jpg?resize=300%2C200&amp;ssl=1 300w, https:\/\/i0.wp.com\/elmundodelosnegocios.com.do\/v1\/wp-content\/uploads\/2023\/10\/1-6-1.jpg?resize=768%2C512&amp;ssl=1 768w\" sizes=\"auto, (max-width: 1000px) 100vw, 1000px\" data-recalc-dims=\"1\"><\/figure>\n<\/div>\n<p>La unidad servir\u00e1 tambi\u00e9n como un espacio de enriquecimiento multidisciplinario, donde adquirir conocimientos sobre emprendimiento y simulaciones de c\u00f3mo operan los mercados financieros. Asimismo, puede potenciar la participaci\u00f3n de los estudiantes en competiciones internacionales.<\/p>\n<p><strong>Mayor uni\u00f3n del mercado laboral y la acad\u00e9mica<\/strong><\/p>\n<p>Durante el acto de inauguraci\u00f3n, el se\u00f1or Francisco Ram\u00edrez, vicepresidente ejecutivo de Negocios Personales y Sucursales del Banco Popular, indic\u00f3 que esta iniciativa \u201cser\u00e1 tambi\u00e9n un aporte a la mejora continua del sistema educativo de la Rep\u00fablica Dominicana, desde un ejercicio pr\u00e1ctico\u201d.<\/p>\n<p>\u201cEl laboratorio es una herramienta y a su m\u00e1xima capacidad brindar\u00e1 a los estudiantes la oportunidad de desarrollar las habilidades que necesitan para tener \u00e9xito en sus carreras\u201d, indic\u00f3 el se\u00f1or Ram\u00edrez.<\/p>\n<p>Agreg\u00f3 que, como parte del acuerdo que ha dado cabida a este proyecto, el Popular realizar\u00e1 clases magistrales en la universidad sobre diversos t\u00f3picos financieros. Adem\u00e1s, ejecutivos del banco participar\u00e1n en el Comit\u00e9 Consultivo de la Carrera de Finanzas, a los fines de contar con una revisi\u00f3n curricular que garantice que el plan de estudio responda a las necesidades y tendencias del sector financiero en la actualidad.<\/p>\n<p>En tanto, el rector de UNAPEC, Franklyn Holgu\u00edn Hach\u00e9, destac\u00f3 el camino recorrido por el Banco Popular y el Grupo APEC en los cincuenta y nueve a\u00f1os que comparten de fundaci\u00f3n, teniendo como v\u00e9rtice al ya fallecido Alejandro Grull\u00f3n, fundador de dicha entidad bancaria, y quien form\u00f3 parte de los fundadores de Acci\u00f3n Pro Educaci\u00f3n y Cultura, APEC.<\/p>\n<p>\u201cLa intenci\u00f3n es mancomunar esfuerzos, experiencias y conocimientos.\u00a0 Promover la educaci\u00f3n financiera en todos los segmentos de la poblaci\u00f3n es un aspecto clave para lograr una mayor inclusi\u00f3n y que \u00e9sta sea a su vez justa, informada, segura y responsable\u201d, apunt\u00f3.<\/p>\n<p>El evento cont\u00f3 con la asistencia del vicepresidente ejecutivo de Comunicaciones Corporativas, Reputaci\u00f3n y Banca Responsable, se\u00f1or Jos\u00e9 M\u00e1rmol y del decano de la Facultad de Ciencias Econ\u00f3micas y Empresariales de UNAPEC, se\u00f1or\u00a0Jos\u00e9 Antonio Gil, as\u00ed como otros ejecutivos y autoridades acad\u00e9micas.<\/p>\n<p><strong>Semana de las Finanzas Popular<\/strong><\/p>\n<p>La inauguraci\u00f3n del\u00a0Laboratorio de Finanzas Popular sirvi\u00f3 tambi\u00e9n para informar sobre el lanzamiento de la\u00a0Semana de las Finanzas Popular, una jornada de actividades de educaci\u00f3n financiera a realizarse hasta el viernes 6 de octubre en colegios y universidades como UNAPEC, Universidad O&amp;M, UNIBE, Colegio ABC School, Instituto Superior de Estudios Especializados en Ciencias Sociales y Humanidades Luis Heredia Bonetti (IES-LHB), y\u00a0cerrando la semana con un evento abierto a todo el p\u00fablico, el s\u00e1bado 7, en el centro comercial, \u00c1gora Mall.<\/p>\n<p>El evento se enmarca en la celebraci\u00f3n del D\u00eda de la Educaci\u00f3n Financiera establecida en el a\u00f1o 2015 para cada primer lunes de octubre. Seg\u00fan la Organizaci\u00f3n para la Cooperaci\u00f3n y Desarrollo Econ\u00f3mico (OCDE), la educaci\u00f3n financiera es el proceso por el cual los individuos mejoran su comprensi\u00f3n de los conceptos y los productos financieros y desarrollan habilidades y confianza para ser m\u00e1s conscientes de los riesgos y oportunidades de las diferentes opciones financieras.<\/p>\n<\/div>\n","protected":false},"excerpt":{"rendered":"<p>Inicia la Semana de las Finanzas Popular con actividades educativas Santo Domingo, D. N. \u2013 El Banco Popular Dominicano y la Universidad (UNAPEC) inauguraron un laboratorio de finanzas para estudiantes&hellip; <\/p>\n","protected":false},"author":2,"featured_media":5154,"comment_status":"closed","ping_status":"closed","sticky":false,"template":"","format":"standard","meta":{"fifu_image_url":"https:\/\/i0.wp.com\/elmundodelosnegocios.com.do\/v1\/wp-content\/uploads\/2023\/10\/1-5-3.jpg?resize=1024,682","fifu_image_alt":"Banco Popular y UNAPEC inauguran laboratorio de finanzas","footnotes":""},"categories":[63],"tags":[],"class_list":["post-5153","post","type-post","status-publish","format-standard","has-post-thumbnail","hentry","category-actualidad"],"_links":{"self":[{"href":"https:\/\/elmundodelapolitica.com\/v1\/wp-json\/wp\/v2\/posts\/5153","targetHints":{"allow":["GET"]}}],"collection":[{"href":"https:\/\/elmundodelapolitica.com\/v1\/wp-json\/wp\/v2\/posts"}],"about":[{"href":"https:\/\/elmundodelapolitica.com\/v1\/wp-json\/wp\/v2\/types\/post"}],"author":[{"embeddable":true,"href":"https:\/\/elmundodelapolitica.com\/v1\/wp-json\/wp\/v2\/users\/2"}],"replies":[{"embeddable":true,"href":"https:\/\/elmundodelapolitica.com\/v1\/wp-json\/wp\/v2\/comments?post=5153"}],"version-history":[{"count":0,"href":"https:\/\/elmundodelapolitica.com\/v1\/wp-json\/wp\/v2\/posts\/5153\/revisions"}],"wp:featuredmedia":[{"embeddable":true,"href":"https:\/\/elmundodelapolitica.com\/v1\/wp-json\/wp\/v2\/media\/5154"}],"wp:attachment":[{"href":"https:\/\/elmundodelapolitica.com\/v1\/wp-json\/wp\/v2\/media?parent=5153"}],"wp:term":[{"taxonomy":"category","embeddable":true,"href":"https:\/\/elmundodelapolitica.com\/v1\/wp-json\/wp\/v2\/categories?post=5153"},{"taxonomy":"post_tag","embeddable":true,"href":"https:\/\/elmundodelapolitica.com\/v1\/wp-json\/wp\/v2\/tags?post=5153"}],"curies":[{"name":"wp","href":"https:\/\/api.w.org\/{rel}","templated":true}]}}