{"id":515,"date":"2020-11-12T12:54:53","date_gmt":"2020-11-12T16:54:53","guid":{"rendered":"http:\/\/www.elmundodelapolitica.com\/v2\/?p=22593"},"modified":"2020-11-12T12:54:53","modified_gmt":"2020-11-12T16:54:53","slug":"propone-a-gobierno-mirar-sector-cooperativo-para-crear-empleos","status":"publish","type":"post","link":"https:\/\/elmundodelapolitica.com\/v1\/propone-a-gobierno-mirar-sector-cooperativo-para-crear-empleos\/","title":{"rendered":"Propone a gobierno mirar sector cooperativo para crear empleos"},"content":{"rendered":"\n<p>El ingeniero Carlos Pe\u00f1a propuso al gobierno del presidente Lu\u00eds Abinader dirigir esfuerzos estatales hacia el sector cooperativo y dem\u00e1s entidades asociativas con el prop\u00f3sito de crear nuevos empleos en medio de la actual crisis laboral que atraviesa la Rep\u00fablica Dominicana, provocada por la circulaci\u00f3n del coronavirus y toda la secuela sanitaria y econ\u00f3mica que \u00e9ste est\u00e1 dejando a su paso por el territorio nacional.<\/p>\n\n\n\n<p>El presidente de Generaci\u00f3n de Servidores expuso sobre los beneficios de estar asociado en entidades del tercer sector de la econom\u00eda, definido tambi\u00e9n como econom\u00eda solidaria o econom\u00eda social, se\u00f1alando que mientras en el primer sector de la econom\u00eda los beneficios de la actividad econ\u00f3mica van a las arcas p\u00fablicas y en el segundo a las cuentas de personas particulares, los del tercer sector de la econom\u00eda se distribuyen entre los socios de la entidad asociativa.<\/p>\n\n\n\n<p>Carlos Pe\u00f1a enfatiz\u00f3 en la necesidad de evaluar todas las \u00e1reas de la producci\u00f3n econ\u00f3mica en las cuales pueden ser integradas las entidades asociativas, cooperativas o empresas solidarias, pues debido a la naturaleza de las mismas, \u00e9stas son creadoras intensas de mano de obra y adicional a esto, tienen estatutariamente un mayor nivel de responsabilidad social que las empresas convencionales, lo que las obliga a realizar inversiones en \u00e1reas de desarrollo vinculadas a su radio de acci\u00f3n.<\/p>\n\n\n\n<p>El exlegislador fue el orador principal en la asamblea anual ordinaria de la C\u00e1mara Empresarial de las provincias Bahoruco e Independencia que preside el licenciado Crisp\u00edn Santana, integrada por empresarios, comerciantes y dem\u00e1s emprendedores de las referidas provincias fronterizas.<\/p>\n\n\n\n<p>Departamento de Prensa Generaci\u00f3n de Servidores<\/p>\n","protected":false},"excerpt":{"rendered":"<p>El ingeniero Carlos Pe\u00f1a propuso al gobierno del presidente Lu\u00eds Abinader dirigir esfuerzos estatales hacia el sector cooperativo y dem\u00e1s entidades asociativas con el prop\u00f3sito de crear nuevos empleos en&hellip; <\/p>\n","protected":false},"author":2,"featured_media":516,"comment_status":"closed","ping_status":"open","sticky":false,"template":"","format":"standard","meta":{"fifu_image_url":"","fifu_image_alt":"","footnotes":""},"categories":[10],"tags":[],"class_list":["post-515","post","type-post","status-publish","format-standard","has-post-thumbnail","hentry","category-marketing-politico"],"_links":{"self":[{"href":"https:\/\/elmundodelapolitica.com\/v1\/wp-json\/wp\/v2\/posts\/515","targetHints":{"allow":["GET"]}}],"collection":[{"href":"https:\/\/elmundodelapolitica.com\/v1\/wp-json\/wp\/v2\/posts"}],"about":[{"href":"https:\/\/elmundodelapolitica.com\/v1\/wp-json\/wp\/v2\/types\/post"}],"author":[{"embeddable":true,"href":"https:\/\/elmundodelapolitica.com\/v1\/wp-json\/wp\/v2\/users\/2"}],"replies":[{"embeddable":true,"href":"https:\/\/elmundodelapolitica.com\/v1\/wp-json\/wp\/v2\/comments?post=515"}],"version-history":[{"count":0,"href":"https:\/\/elmundodelapolitica.com\/v1\/wp-json\/wp\/v2\/posts\/515\/revisions"}],"wp:featuredmedia":[{"embeddable":true,"href":"https:\/\/elmundodelapolitica.com\/v1\/wp-json\/wp\/v2\/media\/516"}],"wp:attachment":[{"href":"https:\/\/elmundodelapolitica.com\/v1\/wp-json\/wp\/v2\/media?parent=515"}],"wp:term":[{"taxonomy":"category","embeddable":true,"href":"https:\/\/elmundodelapolitica.com\/v1\/wp-json\/wp\/v2\/categories?post=515"},{"taxonomy":"post_tag","embeddable":true,"href":"https:\/\/elmundodelapolitica.com\/v1\/wp-json\/wp\/v2\/tags?post=515"}],"curies":[{"name":"wp","href":"https:\/\/api.w.org\/{rel}","templated":true}]}}