{"id":5145,"date":"2023-10-03T09:25:34","date_gmt":"2023-10-03T13:25:34","guid":{"rendered":"https:\/\/elmundodelapolitica.com\/v1\/?p=5145"},"modified":"2023-10-03T09:25:34","modified_gmt":"2023-10-03T13:25:34","slug":"prodominicana-y-adme-firman-acuerdo-para-promover-la-productividad-de-las-mujeres-en-el-sector-exportador","status":"publish","type":"post","link":"https:\/\/elmundodelapolitica.com\/v1\/prodominicana-y-adme-firman-acuerdo-para-promover-la-productividad-de-las-mujeres-en-el-sector-exportador\/","title":{"rendered":"ProDominicana y ADME firman acuerdo para promover la productividad de las mujeres en el sector exportador"},"content":{"rendered":"<div>\n<p>Santo Domingo.- Con el objetivo de\u00a0<strong>promover la productividad de las mujeres empresarias de Rep\u00fablica Dominicana<\/strong>, el Centro de Exportaci\u00f3n e Inversi\u00f3n de la Rep\u00fablica Dominicana\u00a0<strong>(ProDominicana)<\/strong>\u00a0y la Asociaci\u00f3n Dominicana de Mujeres Empresarias (<strong>ADME),\u00a0<\/strong>firmaron un\u00a0<strong>acuerdo de colaboraci\u00f3n,<\/strong>\u00a0para desarrollar un portafolio de servicios\u00a0<strong>en beneficio de las f\u00e9minas\u00a0<\/strong>en el sector empresarial dominicano.<\/p>\n<div class=\"wp-block-image\">\n<figure class=\"aligncenter size-large\"><img loading=\"lazy\" data-attachment-id=\"32724\" data-permalink=\"https:\/\/elmundodelosnegocios.com.do\/v1\/index.php\/2023\/10\/03\/prodominicana-y-adme-firman-acuerdo-para-promover-la-productividad-de-las-mujeres-en-el-sector-exportador\/1-3-3-3\/\" data-orig-file=\"https:\/\/i0.wp.com\/elmundodelosnegocios.com.do\/v1\/wp-content\/uploads\/2023\/10\/1-3-3.jpg?fit=1300%2C731&amp;ssl=1\" data-orig-size=\"1300,731\" data-comments-opened=\"0\" data-image-meta='{\"aperture\":\"0\",\"credit\":\"\",\"camera\":\"\",\"caption\":\"\",\"created_timestamp\":\"0\",\"copyright\":\"\",\"focal_length\":\"0\",\"iso\":\"0\",\"shutter_speed\":\"0\",\"title\":\"\",\"orientation\":\"0\"}' data-image-title=\"1-3-3\" data-image-description=\"\" data-image-caption=\"\" data-medium-file=\"https:\/\/i0.wp.com\/elmundodelosnegocios.com.do\/v1\/wp-content\/uploads\/2023\/10\/1-3-3.jpg?fit=300%2C169&amp;ssl=1\" data-large-file=\"https:\/\/i0.wp.com\/elmundodelosnegocios.com.do\/v1\/wp-content\/uploads\/2023\/10\/1-3-3.jpg?fit=1024%2C576&amp;ssl=1\" decoding=\"async\" width=\"1024\" height=\"576\" src=\"https:\/\/i0.wp.com\/elmundodelosnegocios.com.do\/v1\/wp-content\/uploads\/2023\/10\/1-3-3-1024x576.jpg?resize=1024,576&amp;ssl=1\" alt=\"\" class=\"wp-image-32724\" srcset=\"https:\/\/i0.wp.com\/elmundodelosnegocios.com.do\/v1\/wp-content\/uploads\/2023\/10\/1-3-3.jpg?resize=1024%2C576&amp;ssl=1 1024w, https:\/\/i0.wp.com\/elmundodelosnegocios.com.do\/v1\/wp-content\/uploads\/2023\/10\/1-3-3.jpg?resize=300%2C169&amp;ssl=1 300w, https:\/\/i0.wp.com\/elmundodelosnegocios.com.do\/v1\/wp-content\/uploads\/2023\/10\/1-3-3.jpg?resize=768%2C432&amp;ssl=1 768w, https:\/\/i0.wp.com\/elmundodelosnegocios.com.do\/v1\/wp-content\/uploads\/2023\/10\/1-3-3.jpg?w=1300&amp;ssl=1 1300w\" sizes=\"auto, (max-width: 1024px) 100vw, 1024px\" data-recalc-dims=\"1\"><\/figure>\n<\/div>\n<p>En ese sentido, la directora ejecutiva de ProDominicana,\u00a0<strong>Biviana Riveiro Disla<\/strong>, indic\u00f3 que este acuerdo se realiz\u00f3 con el prop\u00f3sito de promover la relaci\u00f3n entre el\u00a0<strong>comercio y la igualdad de g\u00e9nero<\/strong>; fomentar la internacionalizaci\u00f3n de los productos y servicios de origen dominicano; establecer la coordinaci\u00f3n para la ejecuci\u00f3n de proyectos de empoderamiento femenino que abarquen capacitaciones, con el objetivo desarrollar los procesos y procedimientos para la exportaci\u00f3n de las\u00a0<strong>micro, peque\u00f1as y medianas empresas lideradas por mujeres.<\/strong><\/p>\n<p><em>\u201cEstamos seguros de que esta alianza apoyar\u00e1 los procesos productivos de las mujeres dominicanas, debido a la gran cantidad de empleos que generan en el pa\u00eds y adem\u00e1s su flexibilidad de adaptaci\u00f3n a las nuevas tecnolog\u00edas, por lo que el Gobierno del presidente de la Rep\u00fablica Luis Abinader ha trabajado a favor de este importante sector\u201d,<\/em>\u00a0indic\u00f3.<\/p>\n<p>Riveiro destac\u00f3 el compromiso de continuar desarrollando pol\u00edticas que impulsen a las mujeres empresarias de Rep\u00fablica Dominicana<em>. \u201cDesde ProDominicana trabajaremos de manera activa para continuar posicionando las mujeres en el sector empresarial\u201d,<\/em>\u00a0acot\u00f3.<\/p>\n<figure class=\"wp-block-image\"><img decoding=\"async\" src=\"https:\/\/i0.wp.com\/presidencia.gob.do\/sites\/default\/files\/inline-images\/Julissa Jim\u00e9nez, presidente de ADME junto a Biviana Riveiro, directora ejecutiva de ProDominicana.jpg?w=1110&amp;ssl=1\" alt=\"\" data-recalc-dims=\"1\"><\/figure>\n<p>La presidenta de ADME,\u00a0<strong>Julissa Jim\u00e9nez<\/strong>, resalt\u00f3 el compromiso de su organizaci\u00f3n de continuar garantizando los mecanismos necesarios para posicionar a las empresarias dominicanas, entendiendo que este sector representa\u00a0<strong>una de las columnas principales en la econom\u00eda dominicana.<\/strong><\/p>\n<p>En la firma de acuerdo participaron representantes de ADME, empresarias exportadoras de bienes y servicios de diferentes provincias del pa\u00eds.<\/p>\n<p>Se destaca que los resultados alcanzados en el eje de apoyar la promoci\u00f3n e internacionalizaci\u00f3n de las mujeres exportadoras, desde agosto 2020 a junio 2023, ProDominicana ha gestionado la realizaci\u00f3n del\u00a0<strong>Encuentro Nacional \u201cMujeres en Exportaci\u00f3n\u201d.\u00a0<\/strong>Este encuentro cuenta con tres ediciones, donde se realiza la presentaci\u00f3n del estudio de las\u00a0<strong>\u201cExportaciones de empresas lideradas por mujeres y su impacto en la econom\u00eda dominicana\u201d.<\/strong><\/p>\n<figure class=\"wp-block-image\"><img decoding=\"async\" src=\"https:\/\/i0.wp.com\/presidencia.gob.do\/sites\/default\/files\/inline-images\/Biviana Riveiro Disla directora de ProDominicana_0.jpg?w=1110&amp;ssl=1\" alt=\"\" data-recalc-dims=\"1\"><\/figure>\n<figure class=\"wp-block-image\"><img alt=\"\"><\/figure>\n<p>En el marco de este evento se ha realizado una feria con la exposici\u00f3n de productos de m\u00e1s de\u00a0<strong>23 empresas de mujeres<\/strong>\u00a0en cada edici\u00f3n de distintos sectores: belleza y cosm\u00e9ticos, productos agroindustriales, joyer\u00eda y bisuter\u00eda, ropa, mobiliarios, artesan\u00eda, cacao, productos de bebe, moda, artesan\u00eda, productos comestibles y congelados, as\u00ed como el reconocimiento a las empresas lideradas por mujeres con destacado desempe\u00f1o en las exportaciones en cada a\u00f1o.\u202f\u202f\u202f\u202f<\/p>\n<p>Asimismo, Riveiro destac\u00f3 que las exportaciones de empresas lideradas por mujeres cerraron el 2022 con\u00a0<strong>US 1,773.9 millones,<\/strong>\u00a0los cuales fueron comercializados en 84 mercados, esto a su vez muestra el incremento que han tenido las mujeres en exportaci\u00f3n. Adem\u00e1s, durante el per\u00edodo enero-agosto 2023, este valor se posiciona en los US 998.6 millones.\u00a0 Se destaca que, estas empresas lideradas mujeres exhibieron un promedio de\u00a0<strong>25,000 empleos formales.<\/strong><\/p>\n<p>En cuanto a los principales productos exportados por las empresas lideradas por mujeres en 2022 son: oro, art\u00edculos de joyer\u00eda, cacao en grano, aceite de soya, pl\u00e1tanos y bananos, entre otros. Adem\u00e1s, los mercados principales son:\u00a0<strong>Suiza, India, Estados Unidos y Hait\u00ed.<\/strong><\/p>\n<\/div>\n","protected":false},"excerpt":{"rendered":"<p>Santo Domingo.- Con el objetivo de\u00a0promover la productividad de las mujeres empresarias de Rep\u00fablica Dominicana, el Centro de Exportaci\u00f3n e Inversi\u00f3n de la Rep\u00fablica Dominicana\u00a0(ProDominicana)\u00a0y la Asociaci\u00f3n Dominicana de Mujeres&hellip; <\/p>\n","protected":false},"author":2,"featured_media":5146,"comment_status":"closed","ping_status":"closed","sticky":false,"template":"","format":"standard","meta":{"fifu_image_url":"https:\/\/i0.wp.com\/elmundodelosnegocios.com.do\/v1\/wp-content\/uploads\/2023\/10\/1-3-3-1024x576.jpg?resize=1024,576&ssl=1","fifu_image_alt":"ProDominicana y ADME firman acuerdo para promover la productividad de las mujeres en el sector exportador","footnotes":""},"categories":[63],"tags":[],"class_list":["post-5145","post","type-post","status-publish","format-standard","has-post-thumbnail","hentry","category-actualidad"],"_links":{"self":[{"href":"https:\/\/elmundodelapolitica.com\/v1\/wp-json\/wp\/v2\/posts\/5145","targetHints":{"allow":["GET"]}}],"collection":[{"href":"https:\/\/elmundodelapolitica.com\/v1\/wp-json\/wp\/v2\/posts"}],"about":[{"href":"https:\/\/elmundodelapolitica.com\/v1\/wp-json\/wp\/v2\/types\/post"}],"author":[{"embeddable":true,"href":"https:\/\/elmundodelapolitica.com\/v1\/wp-json\/wp\/v2\/users\/2"}],"replies":[{"embeddable":true,"href":"https:\/\/elmundodelapolitica.com\/v1\/wp-json\/wp\/v2\/comments?post=5145"}],"version-history":[{"count":0,"href":"https:\/\/elmundodelapolitica.com\/v1\/wp-json\/wp\/v2\/posts\/5145\/revisions"}],"wp:featuredmedia":[{"embeddable":true,"href":"https:\/\/elmundodelapolitica.com\/v1\/wp-json\/wp\/v2\/media\/5146"}],"wp:attachment":[{"href":"https:\/\/elmundodelapolitica.com\/v1\/wp-json\/wp\/v2\/media?parent=5145"}],"wp:term":[{"taxonomy":"category","embeddable":true,"href":"https:\/\/elmundodelapolitica.com\/v1\/wp-json\/wp\/v2\/categories?post=5145"},{"taxonomy":"post_tag","embeddable":true,"href":"https:\/\/elmundodelapolitica.com\/v1\/wp-json\/wp\/v2\/tags?post=5145"}],"curies":[{"name":"wp","href":"https:\/\/api.w.org\/{rel}","templated":true}]}}