{"id":5134,"date":"2023-10-02T10:10:56","date_gmt":"2023-10-02T14:10:56","guid":{"rendered":"https:\/\/elmundodelapolitica.com\/v1\/?p=5134"},"modified":"2023-10-02T10:10:56","modified_gmt":"2023-10-02T14:10:56","slug":"senasa-afilia-a-mas-de-57000-adultos-mayores-en-los-primeros-nueve-meses-del-2023","status":"publish","type":"post","link":"https:\/\/elmundodelapolitica.com\/v1\/senasa-afilia-a-mas-de-57000-adultos-mayores-en-los-primeros-nueve-meses-del-2023\/","title":{"rendered":"SeNaSa afilia a m\u00e1s de 57,000 adultos mayores en los primeros nueve meses del 2023"},"content":{"rendered":"<div>\n<p>Santo Domingo.- El Seguro Nacional de Salud\u00a0<strong>(SeNaSa) afili\u00f3 a m\u00e1s de 57,000 adultos mayores en los primeros nueve meses del 2023.\u00a0<\/strong>La revelaci\u00f3n fue hecha por el\u00a0<strong>doctor Santiago Hazim<\/strong>\u00a0en el marco de la celebraci\u00f3n del<strong>\u00a0\u201cD\u00eda Internacional de la Persona de Edad y D\u00eda Nacional de la Persona Envejeciente\u00bb<\/strong>\u00a0quien destac\u00f3 qu\u00e9, estos nuevos afiliados se distribuyen en los diferentes reg\u00edmenes y planes, acci\u00f3n que refrenda las\u00a0<strong>pol\u00edticas de protecci\u00f3n social<\/strong>\u00a0que viene desarrollando el Gobierno.<\/p>\n<figure class=\"wp-block-image size-large\"><img loading=\"lazy\" data-attachment-id=\"32709\" data-permalink=\"https:\/\/elmundodelosnegocios.com.do\/v1\/index.php\/2023\/10\/02\/senasa-afilia-a-mas-de-57000-adultos-mayores-en-los-primeros-nueve-meses-del-2023\/1-2-29\/\" data-orig-file=\"https:\/\/i0.wp.com\/elmundodelosnegocios.com.do\/v1\/wp-content\/uploads\/2023\/10\/1-2-4.jpg?fit=1300%2C731&amp;ssl=1\" data-orig-size=\"1300,731\" data-comments-opened=\"0\" data-image-meta='{\"aperture\":\"0\",\"credit\":\"\",\"camera\":\"\",\"caption\":\"\",\"created_timestamp\":\"0\",\"copyright\":\"\",\"focal_length\":\"0\",\"iso\":\"0\",\"shutter_speed\":\"0\",\"title\":\"\",\"orientation\":\"0\"}' data-image-title=\"1 (2)\" data-image-description=\"\" data-image-caption=\"\" data-medium-file=\"https:\/\/i0.wp.com\/elmundodelosnegocios.com.do\/v1\/wp-content\/uploads\/2023\/10\/1-2-4.jpg?fit=300%2C169&amp;ssl=1\" data-large-file=\"https:\/\/i0.wp.com\/elmundodelosnegocios.com.do\/v1\/wp-content\/uploads\/2023\/10\/1-2-4.jpg?fit=1024%2C576&amp;ssl=1\" decoding=\"async\" width=\"1024\" height=\"576\" src=\"https:\/\/i0.wp.com\/elmundodelosnegocios.com.do\/v1\/wp-content\/uploads\/2023\/10\/1-2-4.jpg?resize=1024,576\" alt=\"\" class=\"wp-image-32709\" srcset=\"https:\/\/i0.wp.com\/elmundodelosnegocios.com.do\/v1\/wp-content\/uploads\/2023\/10\/1-2-4.jpg?resize=1024,576&amp;ssl=1 1024w, https:\/\/i0.wp.com\/elmundodelosnegocios.com.do\/v1\/wp-content\/uploads\/2023\/10\/1-2-4.jpg?resize=300%2C169&amp;ssl=1 300w, https:\/\/i0.wp.com\/elmundodelosnegocios.com.do\/v1\/wp-content\/uploads\/2023\/10\/1-2-4.jpg?resize=768%2C432&amp;ssl=1 768w, https:\/\/i0.wp.com\/elmundodelosnegocios.com.do\/v1\/wp-content\/uploads\/2023\/10\/1-2-4.jpg?w=1300&amp;ssl=1 1300w\" sizes=\"auto, (max-width: 1024px) 100vw, 1024px\" data-recalc-dims=\"1\"><\/figure>\n<p><em>\u201cCon estas nuevas afiliaciones suman 1,234,644, correspondientes a la poblaci\u00f3n de 65 a\u00f1os o m\u00e1s que tienen garant\u00eda de derecho en salud. Y, de igual forma, continuamos dando respuesta a los Objetivos de Desarrollo Sostenible que llaman a reducir desigualdades en materia de salud y contribuir a mejorar la calidad de vida de aquellos que est\u00e1n en esa etapa de su vida\u201d,<\/em>\u00a0dijo el director ejecutivo.<\/p>\n<div class=\"wp-block-image\">\n<figure class=\"aligncenter\"><img decoding=\"async\" src=\"https:\/\/i0.wp.com\/presidencia.gob.do\/sites\/default\/files\/inline-images\/Doctor Santiago Hazim.jpg?w=1110&amp;ssl=1\" alt=\"\" data-recalc-dims=\"1\"><\/figure>\n<\/div>\n<p>En cuanto al g\u00e9nero, de la cantidad antes citada de adultos mayores de 65 a\u00f1os en adelante,\u00a0<strong>el 53.35 % corresponde a mujeres, mientras que el 46.65% restante son hombres<\/strong>.\u00a0<em>\u201cDe ese mill\u00f3n 234,644 afiliados, el 87 % pertenece al R\u00e9gimen Subsidiado, ya que somos la \u00fanica Administradora de Riesgos de Salud que protege a esta poblaci\u00f3n vulnerable\u201d.<\/em><\/p>\n<p>Dijo que el Gobierno trabaja para generar un\u00a0<strong>impacto positivo en la salud y el bienestar de los envejecientes<\/strong>\u00a0para que tengan un respaldo en su cuidado\u00a0<em>\u201cen una etapa de la vida donde cada uno necesita del cari\u00f1o y la protecci\u00f3n para que viva una vejez feliz\u201d.<\/em><\/p>\n<p>Puntualiz\u00f3 que este segmento poblacional tambi\u00e9n participa en una\u00a0<strong>serie de programas<\/strong>\u00a0seg\u00fan su condici\u00f3n de salud, con la finalidad de que\u00a0<strong>el adulto mayor pueda disfrutar de un envejecimiento saludable<\/strong>. Aquellos que tienen alguna condici\u00f3n son atendidos a trav\u00e9s de diversos programas que ejecuta la instituci\u00f3n como parte de la\u00a0<strong>promoci\u00f3n y prevenci\u00f3n<\/strong>\u00a0que debe desarrollarse de manera continua.\u00a0\u00a0<\/p>\n<p>El director del SeNaSa\u00a0 invit\u00f3 a las familias a\u00a0<em>\u00abenaltecer la experiencia que el tiempo ha tejido en cada cana y arruga de sus seres amados ofreci\u00e9ndoles el respeto y cuidado que merecen.\u00bb<\/em><\/p>\n<\/div>\n","protected":false},"excerpt":{"rendered":"<p>Santo Domingo.- El Seguro Nacional de Salud\u00a0(SeNaSa) afili\u00f3 a m\u00e1s de 57,000 adultos mayores en los primeros nueve meses del 2023.\u00a0La revelaci\u00f3n fue hecha por el\u00a0doctor Santiago Hazim\u00a0en el marco&hellip; <\/p>\n","protected":false},"author":2,"featured_media":5135,"comment_status":"closed","ping_status":"closed","sticky":false,"template":"","format":"standard","meta":{"fifu_image_url":"https:\/\/i0.wp.com\/elmundodelosnegocios.com.do\/v1\/wp-content\/uploads\/2023\/10\/1-2-4.jpg?resize=1024,576","fifu_image_alt":"SeNaSa afilia a m\u00e1s de 57,000 adultos mayores en los primeros nueve meses del 2023","footnotes":""},"categories":[63],"tags":[],"class_list":["post-5134","post","type-post","status-publish","format-standard","has-post-thumbnail","hentry","category-actualidad"],"_links":{"self":[{"href":"https:\/\/elmundodelapolitica.com\/v1\/wp-json\/wp\/v2\/posts\/5134","targetHints":{"allow":["GET"]}}],"collection":[{"href":"https:\/\/elmundodelapolitica.com\/v1\/wp-json\/wp\/v2\/posts"}],"about":[{"href":"https:\/\/elmundodelapolitica.com\/v1\/wp-json\/wp\/v2\/types\/post"}],"author":[{"embeddable":true,"href":"https:\/\/elmundodelapolitica.com\/v1\/wp-json\/wp\/v2\/users\/2"}],"replies":[{"embeddable":true,"href":"https:\/\/elmundodelapolitica.com\/v1\/wp-json\/wp\/v2\/comments?post=5134"}],"version-history":[{"count":0,"href":"https:\/\/elmundodelapolitica.com\/v1\/wp-json\/wp\/v2\/posts\/5134\/revisions"}],"wp:featuredmedia":[{"embeddable":true,"href":"https:\/\/elmundodelapolitica.com\/v1\/wp-json\/wp\/v2\/media\/5135"}],"wp:attachment":[{"href":"https:\/\/elmundodelapolitica.com\/v1\/wp-json\/wp\/v2\/media?parent=5134"}],"wp:term":[{"taxonomy":"category","embeddable":true,"href":"https:\/\/elmundodelapolitica.com\/v1\/wp-json\/wp\/v2\/categories?post=5134"},{"taxonomy":"post_tag","embeddable":true,"href":"https:\/\/elmundodelapolitica.com\/v1\/wp-json\/wp\/v2\/tags?post=5134"}],"curies":[{"name":"wp","href":"https:\/\/api.w.org\/{rel}","templated":true}]}}