{"id":5121,"date":"2023-10-01T19:27:20","date_gmt":"2023-10-01T23:27:20","guid":{"rendered":"https:\/\/elmundodelapolitica.com\/v1\/?p=5121"},"modified":"2023-10-01T19:27:20","modified_gmt":"2023-10-01T23:27:20","slug":"fundacion-volo-anuncia-la-proclamacion-de-florida-climate-week-fcw","status":"publish","type":"post","link":"https:\/\/elmundodelapolitica.com\/v1\/fundacion-volo-anuncia-la-proclamacion-de-florida-climate-week-fcw\/","title":{"rendered":"Fundaci\u00f3n VOLO anuncia la proclamaci\u00f3n de FLORIDA CLIMATE WEEK\u2122 (FCW)"},"content":{"rendered":"<div>\n<p>MIAMI \u2014 ALPFA se complace en anunciar su Cumbre de Latinas M\u00e1s Poderosas 2023, programada para el 27-30 de septiembre en el vibrante coraz\u00f3n de\u00a0Miami, Florida. Este evento de primera categor\u00eda no s\u00f3lo celebra la influencia transformadora y los logros de las latinas en los negocios, la cultura y las comunidades a nivel mundial, sino que tambi\u00e9n profundiza en temas cruciales que dan forma a nuestro mundo.<\/p>\n<div class=\"wp-block-image\">\n<figure class=\"aligncenter size-large\"><img data-attachment-id=\"32691\" data-permalink=\"https:\/\/elmundodelosnegocios.com.do\/v1\/index.php\/2023\/10\/01\/fundacion-volo-anuncia-la-proclamacion-de-florida-climate-week-fcw\/img-20230921-wa0029\/\" data-orig-file=\"https:\/\/i0.wp.com\/elmundodelosnegocios.com.do\/v1\/wp-content\/uploads\/2023\/10\/1-2-3.jpg?fit=1600%2C1035&amp;ssl=1\" data-orig-size=\"1600,1035\" data-comments-opened=\"0\" data-image-meta='{\"aperture\":\"0\",\"credit\":\"VoLo Foundation\",\"camera\":\"\",\"caption\":\"El programa incluye unos 35 eventos virtuales y 10 presenciales que abordaru00e1n diversos temas\",\"created_timestamp\":\"0\",\"copyright\":\"\",\"focal_length\":\"0\",\"iso\":\"0\",\"shutter_speed\":\"0\",\"title\":\"IMG-20230921-WA0029\",\"orientation\":\"0\"}' data-image-title=\"IMG-20230921-WA0029\" data-image-description=\"\" data-image-caption=\"&lt;p&gt;El programa incluye unos 35 eventos virtuales y 10 presenciales que abordar\u00e1n diversos temas&lt;\/p&gt;\n\" data-medium-file=\"https:\/\/i0.wp.com\/elmundodelosnegocios.com.do\/v1\/wp-content\/uploads\/2023\/10\/1-2-3.jpg?fit=300%2C194&amp;ssl=1\" data-large-file=\"https:\/\/i0.wp.com\/elmundodelosnegocios.com.do\/v1\/wp-content\/uploads\/2023\/10\/1-2-3.jpg?fit=1024%2C662&amp;ssl=1\" decoding=\"async\" loading=\"lazy\" width=\"1024\" height=\"662\" src=\"https:\/\/i0.wp.com\/elmundodelosnegocios.com.do\/v1\/wp-content\/uploads\/2023\/10\/1-2-3-1024x662.jpg?resize=1024,662&amp;ssl=1\" alt=\"\" class=\"wp-image-32691\" srcset=\"https:\/\/i0.wp.com\/elmundodelosnegocios.com.do\/v1\/wp-content\/uploads\/2023\/10\/1-2-3.jpg?resize=1024%2C662&amp;ssl=1 1024w, https:\/\/i0.wp.com\/elmundodelosnegocios.com.do\/v1\/wp-content\/uploads\/2023\/10\/1-2-3.jpg?resize=300%2C194&amp;ssl=1 300w, https:\/\/i0.wp.com\/elmundodelosnegocios.com.do\/v1\/wp-content\/uploads\/2023\/10\/1-2-3.jpg?resize=768%2C497&amp;ssl=1 768w, https:\/\/i0.wp.com\/elmundodelosnegocios.com.do\/v1\/wp-content\/uploads\/2023\/10\/1-2-3.jpg?resize=1536%2C994&amp;ssl=1 1536w, https:\/\/i0.wp.com\/elmundodelosnegocios.com.do\/v1\/wp-content\/uploads\/2023\/10\/1-2-3.jpg?w=1600&amp;ssl=1 1600w\" sizes=\"auto, (max-width: 1024px) 100vw, 1024px\" data-recalc-dims=\"1\"><figcaption class=\"wp-element-caption\">El programa incluye unos 35 eventos virtuales y 10 presenciales que abordar\u00e1n diversos temas<\/figcaption><\/figure>\n<\/div>\n<p>\u00abDesde la creaci\u00f3n de la lista de las Latinas M\u00e1s Poderosas en 2017, en un momento en que las ejecutivas latinas eran menos visibles, la lista ha defendido el progreso realizado en los \u00faltimos ocho a\u00f1os. Hoy en d\u00eda, es m\u00e1s que una lista: es una estrategia y una plataforma a largo plazo, dedicada a ampliar la visibilidad y la representaci\u00f3n de las latinas que han alcanzado el \u00e9xito. Adem\u00e1s, a partir de este a\u00f1o, nos comprometemos a presentar a 50 nuevas latinas cada a\u00f1o, ampliando a\u00fan m\u00e1s el reconocimiento de las contribuciones de las latinas a la econom\u00eda mundial\u00bb, coment\u00f3\u00a0Damian Rivera, director general de ALPFA.<\/p>\n<p>La cumbre ofrece un itinerario enriquecedor que explora una serie de temas contempor\u00e1neos que incluyen, entre otros:<\/p>\n<ul>\n<li>El estado del emprendimiento latino<\/li>\n<li>Liderazgo innovador en la era digital<\/li>\n<li>Eliminar las barreras en el capital de riesgo<\/li>\n<\/ul>\n<p>\u00abEs una verdadera inspiraci\u00f3n y un honor ser reconocida en la\u00a0Lista de\u00a0las Latinas M\u00e1s Poderosas por s\u00e9ptimo a\u00f1o consecutivo. La nueva econom\u00eda dominante incluye a m\u00e1s de 60 millones de latinos que producen\u00a0$2.8\u00a0billones en PIB y casi la mitad de esa cohorte se compone de mujeres (GDP Report, Pew Research 2021). Esta poderosa red se extiende a trav\u00e9s de todas las industrias y est\u00e1 redefiniendo el lugar de trabajo, la creaci\u00f3n de riqueza y la independencia financiera, lo que empodera a las comunidades a la vez que eleva la pr\u00f3xima generaci\u00f3n de latinos\/as\u00bb, afirm\u00f3\u00a0Ileana Musa, directora gerente, codirectora de Gesti\u00f3n Internacional de Patrimonio y jefa de\u00a0Banca Internacional\u00a0y Pr\u00e9stamos en Morgan Stanley.<\/p>\n<p>Las mujeres incluidas en la lista de este a\u00f1o representan cuatro (4) categor\u00edas distintas de liderazgo:<\/p>\n<ol type=\"1\">\n<li><strong>Pionera corporativa<\/strong>: Latinas ejecutivas que trabajan en empresas de la lista Fortune 500, como\u00a0<strong><em>Martie Correa<\/em><\/strong>, orquestan estrategias que abarcan desde finanzas corporativas hasta intermediarios globales. Con su anterior cargo en la tesorer\u00eda mundial de The Goodyear Tire &amp; Rubber Company, el impacto de Correa es innegable.\n<ul>\n<li><strong>Desarrolladoras de cultura corporativa<\/strong>: Gestionando p\u00e9rdidas y ganancias multimillonarias, latinas como\u00a0<strong><em>Indhira Arrington<\/em><\/strong>, socia y directora global de Diversidad, Equidad e Inclusi\u00f3n de Ares Management Corporation, colabora como asesora en apoyo de iniciativas de DEI en empresas de cartera en todas sus estrategias de inversi\u00f3n.<\/li>\n<li><strong>Visionarias de la tecnolog\u00eda<\/strong>:<strong><em>Cynthia Izzo<\/em><\/strong>\u00a0es l\u00edder de estrategia de diversidad para el mercado de Nueva Inglaterra y es directora global de Tecnolog\u00eda de gesti\u00f3n de riesgos y protecci\u00f3n de la informaci\u00f3n en KPMG, responsable de ingresos de\u00a0$150\u00a0millones.<\/li>\n<\/ul>\n<\/li>\n<li><strong>Iconos empresariales<\/strong>: Empresarias y propietarias de compa\u00f1\u00edas privadas o peque\u00f1as empresas con m\u00e1s de\u00a0$500\u00a0millones en ingresos anuales.\u00a0<strong><em>Lili Gil Valletta<\/em><\/strong>, directora ejecutiva de CULTURE+ GROUP, cofund\u00f3 el grupo de recursos para empleados hispanos \u00abHOLA\u00bb en Johnson &amp; Johnson. Como empresaria y propietaria de un negocio, destaca como una de las menos del 1% de latinas que forman parte de un consejo p\u00fablico Fortune 500+. Adem\u00e1s, fue reconocida como una de las Top 10 Mujeres Pioneras en los Negocios en 2021.<\/li>\n<li><strong>Junta Directiva:<\/strong>\u00a0<strong><em>Sylvia Acevedo<\/em><\/strong>, ex directora ejecutiva de Girls Scout of the\u00a0USA, empresaria, inversionista, l\u00edder empresarial y cient\u00edfica con vasta experiencia en diversas empresas tecnol\u00f3gicas, incluidas organizaciones grandes y maduras y empresas de crecimiento emergente.<\/li>\n<li><strong>Agentes de cambio<\/strong>: Latinas como\u00a0<strong><em>Roc\u00edo\u00a0Medina Van Nierop<\/em><\/strong>, cofundadora y directora ejecutiva de Latinas in Tech, dirige un equipo de 20 profesionales y supervisa a m\u00e1s de 100 l\u00edderes de secci\u00f3n en 22 ciudades de 7 pa\u00edses. Desde 2021, ha aumentado el n\u00famero de miembros en un 25%, estableciendo una red global de m\u00e1s de 25,000 mujeres latinas en tecnolog\u00eda, lo que la convierte en la mayor comunidad de este tipo.<\/li>\n<\/ol>\n<p>Para ver a las Latinas M\u00e1s Poderosas de este a\u00f1o, visite:\u00a0<a href=\"https:\/\/www.alpfa.org\/page\/2023-mpl\" rel=\"noreferrer noopener\" target=\"_blank\"><em>https:\/\/www.alpfa.org\/page\/2023-mpl<\/em><\/a><\/p>\n<p><strong><em>Acerca de ALPFA<br \/><\/em><\/strong><em>ALPFA es la organizaci\u00f3n latina m\u00e1s antigua, con m\u00e1s de 100,000 miembros reunidos en 47 secciones profesionales y m\u00e1s de 180 secciones estudiantiles en Estados Unidos. ALPFA contin\u00faa construyendo sobre su orgulloso legado con una misi\u00f3n: formar y desarrollar a hombres y mujeres de origen latino como l\u00edderes de car\u00e1cter para la naci\u00f3n, en todos los sectores de la econom\u00eda global. Aspiramos a ser el socio comercial elegido por las empresas que buscan contratar y desarrollar el talento latino. Para obtener m\u00e1s informaci\u00f3n, visite\u00a0<\/em><a href=\"https:\/\/www.alpfa.org\/\" rel=\"noreferrer noopener\" target=\"_blank\"><em>alpfa.org<\/em><\/a><em>.<\/em><\/p>\n<p><strong><em>Acerca de L\u2019ATTITUDE<br \/><\/em><\/strong><em>L\u2019ATTITUDE es una iniciativa nacional de base empresarial centrada en ayudar a ejecutivos con visi\u00f3n de futuro a comprender la nueva econom\u00eda dominante y la cohorte latina estadounidense que la impulsa. Nuestra plataforma nacional muestra las contribuciones de los latinos estadounidenses en los negocios, los medios de comunicaci\u00f3n, la pol\u00edtica, la ciencia y la tecnolog\u00eda. L\u2019ATTITUDE se centra en cambiar la narrativa de lo que somos como naci\u00f3n y qui\u00e9nes son los impulsores del crecimiento para las pr\u00f3ximas d\u00e9cadas.<\/em>\u00a0<\/p>\n<p><em>Fundada en 2018 por la ejecutiva de negocios internacionales\u00a0Sol Trujillo\u00a0y el cofundador y director ejecutivo de NAHREP,\u00a0Gary Acosta, L\u2019ATTITUDE fue creada para mostrar las contribuciones de los latinos estadounidenses en los negocios, los medios, la pol\u00edtica, la ciencia y la tecnolog\u00eda. En 2019, el internacionalmente aclamado productor, director, empresario y autor\u00a0Emilio Estefan\u00a0se sum\u00f3 a Trujillo y Acosta como socio de L\u2019ATTITUDE para desempe\u00f1ar un papel activo aprovechando sus importantes conexiones en el negocio y la industria, seleccionando talento emergente del sector del entretenimiento y produciendo materiales relacionados con el Evento L\u2019ATTITUDE.<\/em><\/p>\n<\/div>\n","protected":false},"excerpt":{"rendered":"<p>MIAMI \u2014 ALPFA se complace en anunciar su Cumbre de Latinas M\u00e1s Poderosas 2023, programada para el 27-30 de septiembre en el vibrante coraz\u00f3n de\u00a0Miami, Florida. Este evento de primera&hellip; <\/p>\n","protected":false},"author":2,"featured_media":5122,"comment_status":"closed","ping_status":"closed","sticky":false,"template":"","format":"standard","meta":{"fifu_image_url":"https:\/\/i0.wp.com\/elmundodelosnegocios.com.do\/v1\/wp-content\/uploads\/2023\/10\/1-2-3-1024x662.jpg?resize=1024,662&ssl=1","fifu_image_alt":"Fundaci\u00f3n VOLO anuncia la proclamaci\u00f3n de FLORIDA CLIMATE WEEK\u2122 (FCW)","footnotes":""},"categories":[63],"tags":[],"class_list":["post-5121","post","type-post","status-publish","format-standard","has-post-thumbnail","hentry","category-actualidad"],"_links":{"self":[{"href":"https:\/\/elmundodelapolitica.com\/v1\/wp-json\/wp\/v2\/posts\/5121","targetHints":{"allow":["GET"]}}],"collection":[{"href":"https:\/\/elmundodelapolitica.com\/v1\/wp-json\/wp\/v2\/posts"}],"about":[{"href":"https:\/\/elmundodelapolitica.com\/v1\/wp-json\/wp\/v2\/types\/post"}],"author":[{"embeddable":true,"href":"https:\/\/elmundodelapolitica.com\/v1\/wp-json\/wp\/v2\/users\/2"}],"replies":[{"embeddable":true,"href":"https:\/\/elmundodelapolitica.com\/v1\/wp-json\/wp\/v2\/comments?post=5121"}],"version-history":[{"count":0,"href":"https:\/\/elmundodelapolitica.com\/v1\/wp-json\/wp\/v2\/posts\/5121\/revisions"}],"wp:featuredmedia":[{"embeddable":true,"href":"https:\/\/elmundodelapolitica.com\/v1\/wp-json\/wp\/v2\/media\/5122"}],"wp:attachment":[{"href":"https:\/\/elmundodelapolitica.com\/v1\/wp-json\/wp\/v2\/media?parent=5121"}],"wp:term":[{"taxonomy":"category","embeddable":true,"href":"https:\/\/elmundodelapolitica.com\/v1\/wp-json\/wp\/v2\/categories?post=5121"},{"taxonomy":"post_tag","embeddable":true,"href":"https:\/\/elmundodelapolitica.com\/v1\/wp-json\/wp\/v2\/tags?post=5121"}],"curies":[{"name":"wp","href":"https:\/\/api.w.org\/{rel}","templated":true}]}}