{"id":5117,"date":"2023-10-01T17:47:39","date_gmt":"2023-10-01T21:47:39","guid":{"rendered":"https:\/\/elmundodelapolitica.com\/v1\/?p=5117"},"modified":"2023-10-01T17:47:39","modified_gmt":"2023-10-01T21:47:39","slug":"participan-en-taller-internacional-para-la-implementacion-del-control-de-seguridad-unico-one-stop-security-oss","status":"publish","type":"post","link":"https:\/\/elmundodelapolitica.com\/v1\/participan-en-taller-internacional-para-la-implementacion-del-control-de-seguridad-unico-one-stop-security-oss\/","title":{"rendered":"Participan en taller internacional para la implementaci\u00f3n del control de seguridad \u00fanico (One Stop Security, OSS)"},"content":{"rendered":"<div>\n<p>Florida, EE. UU.- El director del\u00a0<strong>Cuerpo Especializado en Seguridad Aeroportuaria de la Aviaci\u00f3n Civil<\/strong>\u00a0(CESAC), general de brigada piloto\u00a0<strong>Floreal Su\u00e1rez Mart\u00ednez<\/strong>, FARD, encabeza la delegaci\u00f3n de Rep\u00fablica Dominicana que participa en el taller sobre la implementaci\u00f3n del programa\u00a0<strong>One Stop Segurity<\/strong>, en las oficinas de\u00a0<strong>la International Air Transport Association\u00a0<\/strong>(IATA), ubicadas en Fort Lauderdale, Florida.<\/p>\n<div class=\"wp-block-image\">\n<figure class=\"aligncenter size-large\"><img data-attachment-id=\"32685\" data-permalink=\"https:\/\/elmundodelosnegocios.com.do\/v1\/index.php\/2023\/10\/01\/participan-en-taller-internacional-para-la-implementacion-del-control-de-seguridad-unico-one-stop-security-oss\/2-205\/\" data-orig-file=\"https:\/\/i0.wp.com\/elmundodelosnegocios.com.do\/v1\/wp-content\/uploads\/2023\/10\/2.jpg?fit=1300%2C731&amp;ssl=1\" data-orig-size=\"1300,731\" data-comments-opened=\"0\" data-image-meta='{\"aperture\":\"0\",\"credit\":\"\",\"camera\":\"\",\"caption\":\"\",\"created_timestamp\":\"0\",\"copyright\":\"\",\"focal_length\":\"0\",\"iso\":\"0\",\"shutter_speed\":\"0\",\"title\":\"\",\"orientation\":\"0\"}' data-image-title=\"2\" data-image-description=\"\" data-image-caption=\"\" data-medium-file=\"https:\/\/i0.wp.com\/elmundodelosnegocios.com.do\/v1\/wp-content\/uploads\/2023\/10\/2.jpg?fit=300%2C169&amp;ssl=1\" data-large-file=\"https:\/\/i0.wp.com\/elmundodelosnegocios.com.do\/v1\/wp-content\/uploads\/2023\/10\/2.jpg?fit=1024%2C576&amp;ssl=1\" decoding=\"async\" loading=\"lazy\" width=\"1024\" height=\"576\" src=\"https:\/\/i0.wp.com\/elmundodelosnegocios.com.do\/v1\/wp-content\/uploads\/2023\/10\/2.jpg?resize=1024,576\" alt=\"\" class=\"wp-image-32685\" srcset=\"https:\/\/i0.wp.com\/elmundodelosnegocios.com.do\/v1\/wp-content\/uploads\/2023\/10\/2.jpg?resize=1024,576&amp;ssl=1 1024w, https:\/\/i0.wp.com\/elmundodelosnegocios.com.do\/v1\/wp-content\/uploads\/2023\/10\/2.jpg?resize=300%2C169&amp;ssl=1 300w, https:\/\/i0.wp.com\/elmundodelosnegocios.com.do\/v1\/wp-content\/uploads\/2023\/10\/2.jpg?resize=768%2C432&amp;ssl=1 768w, https:\/\/i0.wp.com\/elmundodelosnegocios.com.do\/v1\/wp-content\/uploads\/2023\/10\/2.jpg?w=1300&amp;ssl=1 1300w\" sizes=\"auto, (max-width: 1024px) 100vw, 1024px\" data-recalc-dims=\"1\"><\/figure>\n<\/div>\n<p>El evento tiene como objetivo\u00a0<strong>elevar los niveles de seguridad<\/strong>, hasta alcanzar el reconocimiento de la equivalencia de las medidas de seguridad en la aviaci\u00f3n civil entre los Estados.<\/p>\n<p>Entre los principales beneficios que permite el programa de\u00a0<strong>Control de Seguridad \u00danico<\/strong>\u00a0 se citan: Elevar los niveles de satisfacci\u00f3n del pasajero al tener una mejor experiencia de viaje; los pasajeros en transferencia, su equipaje de mano y\/o equipaje de bodega, estar\u00e1n exentos de pasar por inspecci\u00f3n de seguridad si ya han sido inspeccionados adecuadamente en el aeropuerto de origen; har\u00e1 m\u00e1s sencillo el proceso de transferencia para los pasajeros con conexiones cortas, reducir\u00e1 las conexiones perdidas, a la vez de\u00a0 minimizar el equipaje que no llega al aeropuerto de destino.<\/p>\n<p>As\u00ed mismo, se considera que redundar\u00e1 en bondades para los Estados, al generar un mayor nivel de cooperaci\u00f3n y aumentar\u00e1 la\u00a0<strong>sostenibilidad de la seguridad de la aviaci\u00f3n civil<\/strong>, facilitando la reasignaci\u00f3n de recursos.<\/p>\n<p>El One Stop Segurity generar\u00e1\u00a0<strong>ventajas operacionales y de eficiencia<\/strong>\u00a0para los aeropuertos, l\u00edneas a\u00e9reas y explotadores de servicios a\u00e9reos al reducir las demoras.<\/p>\n<p>En este sentido, el director general del CESAC inform\u00f3 que en materia de seguridad aeroportuario y de la aviaci\u00f3n civil\u00a0<em>\u201cRep\u00fablica Dominicana avanza, y el CESAC junto a \u00e9l, porque la seguridad es una responsabilidad de todos\u00bb.<\/em><\/p>\n<p>Acompa\u00f1an al general de brigada piloto Su\u00e1rez Mart\u00ednez, FARD, el coronel piloto Wilfredo Candelario Aponte, FARD;\u00a0 el coronel Modesto Segura V\u00f3lquez,\u00a0 ERD; la teniente coronel Yaritza Pe\u00f1a Rojas, FARD,\u00a0 y el capit\u00e1n Henry Yoel Rodr\u00edguez N\u00edn, FARD.<\/p>\n<\/div>\n","protected":false},"excerpt":{"rendered":"<p>Florida, EE. UU.- El director del\u00a0Cuerpo Especializado en Seguridad Aeroportuaria de la Aviaci\u00f3n Civil\u00a0(CESAC), general de brigada piloto\u00a0Floreal Su\u00e1rez Mart\u00ednez, FARD, encabeza la delegaci\u00f3n de Rep\u00fablica Dominicana que participa en&hellip; <\/p>\n","protected":false},"author":2,"featured_media":5118,"comment_status":"closed","ping_status":"closed","sticky":false,"template":"","format":"standard","meta":{"fifu_image_url":"https:\/\/i0.wp.com\/elmundodelosnegocios.com.do\/v1\/wp-content\/uploads\/2023\/10\/2.jpg?resize=1024,576","fifu_image_alt":"Participan en taller internacional para la implementaci\u00f3n del control de seguridad \u00fanico (One Stop Security, OSS)","footnotes":""},"categories":[63],"tags":[],"class_list":["post-5117","post","type-post","status-publish","format-standard","has-post-thumbnail","hentry","category-actualidad"],"_links":{"self":[{"href":"https:\/\/elmundodelapolitica.com\/v1\/wp-json\/wp\/v2\/posts\/5117","targetHints":{"allow":["GET"]}}],"collection":[{"href":"https:\/\/elmundodelapolitica.com\/v1\/wp-json\/wp\/v2\/posts"}],"about":[{"href":"https:\/\/elmundodelapolitica.com\/v1\/wp-json\/wp\/v2\/types\/post"}],"author":[{"embeddable":true,"href":"https:\/\/elmundodelapolitica.com\/v1\/wp-json\/wp\/v2\/users\/2"}],"replies":[{"embeddable":true,"href":"https:\/\/elmundodelapolitica.com\/v1\/wp-json\/wp\/v2\/comments?post=5117"}],"version-history":[{"count":0,"href":"https:\/\/elmundodelapolitica.com\/v1\/wp-json\/wp\/v2\/posts\/5117\/revisions"}],"wp:featuredmedia":[{"embeddable":true,"href":"https:\/\/elmundodelapolitica.com\/v1\/wp-json\/wp\/v2\/media\/5118"}],"wp:attachment":[{"href":"https:\/\/elmundodelapolitica.com\/v1\/wp-json\/wp\/v2\/media?parent=5117"}],"wp:term":[{"taxonomy":"category","embeddable":true,"href":"https:\/\/elmundodelapolitica.com\/v1\/wp-json\/wp\/v2\/categories?post=5117"},{"taxonomy":"post_tag","embeddable":true,"href":"https:\/\/elmundodelapolitica.com\/v1\/wp-json\/wp\/v2\/tags?post=5117"}],"curies":[{"name":"wp","href":"https:\/\/api.w.org\/{rel}","templated":true}]}}