{"id":5114,"date":"2023-10-01T19:25:06","date_gmt":"2023-10-01T23:25:06","guid":{"rendered":"https:\/\/elmundodelapolitica.com\/v1\/?p=5114"},"modified":"2023-10-01T19:25:08","modified_gmt":"2023-10-01T23:25:08","slug":"estados-unidos-designa-a-su-nueva-encargada-de-negocios-en-republica-dominicana","status":"publish","type":"post","link":"https:\/\/elmundodelapolitica.com\/v1\/estados-unidos-designa-a-su-nueva-encargada-de-negocios-en-republica-dominicana\/","title":{"rendered":"Estados Unidos designa a su nueva encargada de negocios en Rep\u00fablica Dominicana"},"content":{"rendered":"\n<p>La embajada de los Estados Unidos en la Rep\u00fablica Dominicana anunci\u00f3 este s\u00e1bado la designaci\u00f3n de Patricia Aguilera como su nueva encargada de negocios.<\/p>\n\n\n\n<p>Santo Domingo.- Aguilera, quien sustituye en el cargo a Isiah Parnell, ha servido en la Rep\u00fablica Dominicana desde julio de este a\u00f1o como ministra consejera de dicha embajada, \"y hoy adopta la posici\u00f3n de jefa misi\u00f3n\u201d, precis\u00f3 la legaci\u00f3n diplom\u00e1tica en una informaci\u00f3n publicada en sus redes sociales.<\/p>\n\n\n\n<p>Miembro de carrera de la alta funci\u00f3n del servicio exterior de Estados Unidos, Patricia Aguilera asume el cargo \"para promover las relaciones bilaterales entre los Estados Unidos y la Rep\u00fablica Dominicana\", agreg\u00f3 la informaci\u00f3n.<\/p>\n\n\n\n<p>Anteriormente, se desempe\u00f1\u00f3 como directora interina de Asuntos Antinarc\u00f3ticos y Aplicaci\u00f3n de la Ley (INL por sus siglas en ingl\u00e9s) en la misi\u00f3n de M\u00e9xico, donde fue responsable de la pol\u00edtica y la estrategia del programa de asistencia de seguridad.<\/p>\n\n\n\n<p>Bajo su mandato, los Estados Unidos y M\u00e9xico implementaron el Marco Bicentenario sobre seguridad, salud p\u00fablica y comunidades seguras para establecer un enfoque integral a largo plazo que gu\u00eda las acciones binacionales en la b\u00fasqueda de seguridad de ambos pa\u00edses, de acuerdo con la embajada.<\/p>\n\n\n\n<p>Antes de su tiempo en M\u00e9xico, Aguilera, oriunda de Texas, se desempe\u00f1\u00f3 en la oficina de Inteligencia y An\u00e1lisis (INR por sus siglas en ingl\u00e9s) como directora de la vigilancia de inteligencia en el Centro de Operaciones, el punto focal del Departamento de Estado que monitorea eventos globales las 24 horas.<\/p>\n\n\n\n<p>Tambi\u00e9n estuvo como asesora de pol\u00edtica exterior del Mando Central de la Infanter\u00eda de Marina de Bahr\u00e9in; y ha ocupado designaciones diplom\u00e1ticas en Arabia Saudita y Barbados, entre otros.<\/p>\n","protected":false},"excerpt":{"rendered":"<p>La embajada de los Estados Unidos en la Rep\u00fablica Dominicana anunci\u00f3 este s\u00e1bado la designaci\u00f3n de Patricia Aguilera como su nueva encargada de negocios. Santo Domingo.- Aguilera, quien sustituye en&hellip; <\/p>\n","protected":false},"author":2,"featured_media":5115,"comment_status":"open","ping_status":"open","sticky":false,"template":"","format":"standard","meta":{"fifu_image_url":"","fifu_image_alt":"","footnotes":""},"categories":[54],"tags":[],"class_list":["post-5114","post","type-post","status-publish","format-standard","has-post-thumbnail","hentry","category-politica_exterior"],"_links":{"self":[{"href":"https:\/\/elmundodelapolitica.com\/v1\/wp-json\/wp\/v2\/posts\/5114","targetHints":{"allow":["GET"]}}],"collection":[{"href":"https:\/\/elmundodelapolitica.com\/v1\/wp-json\/wp\/v2\/posts"}],"about":[{"href":"https:\/\/elmundodelapolitica.com\/v1\/wp-json\/wp\/v2\/types\/post"}],"author":[{"embeddable":true,"href":"https:\/\/elmundodelapolitica.com\/v1\/wp-json\/wp\/v2\/users\/2"}],"replies":[{"embeddable":true,"href":"https:\/\/elmundodelapolitica.com\/v1\/wp-json\/wp\/v2\/comments?post=5114"}],"version-history":[{"count":1,"href":"https:\/\/elmundodelapolitica.com\/v1\/wp-json\/wp\/v2\/posts\/5114\/revisions"}],"predecessor-version":[{"id":5116,"href":"https:\/\/elmundodelapolitica.com\/v1\/wp-json\/wp\/v2\/posts\/5114\/revisions\/5116"}],"wp:featuredmedia":[{"embeddable":true,"href":"https:\/\/elmundodelapolitica.com\/v1\/wp-json\/wp\/v2\/media\/5115"}],"wp:attachment":[{"href":"https:\/\/elmundodelapolitica.com\/v1\/wp-json\/wp\/v2\/media?parent=5114"}],"wp:term":[{"taxonomy":"category","embeddable":true,"href":"https:\/\/elmundodelapolitica.com\/v1\/wp-json\/wp\/v2\/categories?post=5114"},{"taxonomy":"post_tag","embeddable":true,"href":"https:\/\/elmundodelapolitica.com\/v1\/wp-json\/wp\/v2\/tags?post=5114"}],"curies":[{"name":"wp","href":"https:\/\/api.w.org\/{rel}","templated":true}]}}