{"id":511,"date":"2020-11-12T12:57:38","date_gmt":"2020-11-12T16:57:38","guid":{"rendered":"http:\/\/www.elmundodelapolitica.com\/v2\/?p=22599"},"modified":"2020-11-12T12:57:38","modified_gmt":"2020-11-12T16:57:38","slug":"anuncia-senador-romero-continuacion-trabajos-nuevo-hospital-y-avenida-circunvalacion-sfm","status":"publish","type":"post","link":"https:\/\/elmundodelapolitica.com\/v1\/anuncia-senador-romero-continuacion-trabajos-nuevo-hospital-y-avenida-circunvalacion-sfm\/","title":{"rendered":"Anuncia Senador Romero continuaci\u00f3n trabajos nuevo hospital y avenida Circunvalaci\u00f3n SFM"},"content":{"rendered":"\n<p><strong>Santo Domingo, R.D.-&nbsp;&nbsp;<\/strong>Las dos obras de mayor importancia&nbsp; que&nbsp; construye el Estado en esta ciudad y cuyos trabajos se encuentran paralizados a ra\u00edz del cambio de gobierno, ser\u00e1n reiniciadas en los pr\u00f3ximos d\u00edas, anunci\u00f3 el senador de la provincia Duarte, Franklin Romero.<\/p>\n\n\n\n<p>Romero, se refiri\u00f3 a la construcci\u00f3n del hospital Regional&nbsp; San Vicente de Pa\u00fal,&nbsp; que se construye en la comunidad de Guiza, y a la avenida de Circunvalaci\u00f3n que tambi\u00e9n est\u00e1 paralizada.<\/p>\n\n\n\n<p>La continuaci\u00f3n de los trabajos&nbsp; ha sido gestionada por el senador Franklin Romero al presidente Luis Abinader Corona, quien dijo que tanto el hospital como la avenida de circunvalaci\u00f3n es un defensor de&nbsp; ambas obras desde que era diputado por esta provincia.<\/p>\n\n\n\n<p>\"Hemos conversado con el presidente Luis Abinader Corona, y nos ha manifestado que&nbsp; las dos obras ser\u00e1n reiniciadas en los pr\u00f3ximos d\u00edas, ya que es necesario hacer los ajustes econ\u00f3micos&nbsp; con las empresas constructoras que ejecutan&nbsp; las obras\" dijo Romero.<\/p>\n\n\n\n<p>Expuso, que se encuentra realizando&nbsp; las gestiones necesarias adem\u00e1s para que&nbsp;&nbsp; sea repavimentada&nbsp; la carretera que une a esta ciudad con la autopista Duarte que actualmente se encuentra en&nbsp; condiciones intransitables por la&nbsp; cantidad de&nbsp; hoyos,&nbsp; lo que hace dif\u00edcil el transitar por esa v\u00eda.<\/p>\n\n\n\n<p>El Senador Romero, dijo que la construcci\u00f3n del hospital regional es una obra que viene&nbsp; siendo&nbsp; reclamada&nbsp;&nbsp; desde que era diputado por esta provincia,&nbsp; proponiendo en la C\u00e1mara&nbsp; baja varias solicitudes al presidente de entonces&nbsp; para que&nbsp; la obra fuera iniciada, indicando que ahora con mayor raz\u00f3n contin\u00faa luchando&nbsp;&nbsp; para que&nbsp; la mismo sea una realidad.<\/p>\n\n\n\n<p>\u2018\u2019Estamos en contactos permanente con las compa\u00f1\u00edas que tiene&nbsp; la construcci\u00f3n bajo su responsabilidad, tanto&nbsp; el hospital como la avenida de circunvalaci\u00f3n por disposici\u00f3n del presidente de la Rep\u00fablica, y en su momento&nbsp; se anunciara&nbsp; el reinicio de esos trabajos\u2019\u2019<\/p>\n\n\n\n<p><strong>Amplio trabajo<\/strong><\/p>\n\n\n\n<p>El Senador Franklin Romero, desde que asumi\u00f3 la senadur\u00eda por esta provincia viene desarrollando un amplio trabajo en lo que tiene que ver con las obras que&nbsp; hacen falta en la provincia Duarte, entre las que se encuentran&nbsp; el reacondicionamiento&nbsp; total de la zona franca de esta ciudad donde&nbsp; recientemente se dio inicio a una evaluaci\u00f3n&nbsp;&nbsp; general de esas instalaciones.<\/p>\n\n\n\n<p>Tambi\u00e9n se trabaja en el dise\u00f1o de la construcci\u00f3n de la plaza de la cultura,&nbsp; adem\u00e1s de un nuevo local para&nbsp; los bomberos civiles,&nbsp; y la construcci\u00f3n de apartamentos para los residentes en el&nbsp; barrio Azul, y el sector Ugamba entre otros importantes proyectos<\/p>\n\n\n\n<p>Se inform\u00f3 que para el inicio de las obras que ser\u00e1n ejecutadas&nbsp; se espera la visita del presidente Luis Abinader quien viajar\u00e1&nbsp; en los pr\u00f3ximos d\u00edas a esta ciudad donde dejara&nbsp; inauguradas&nbsp; la oficina de Gesti\u00f3n Senatorial de la provincia Duarte, una obra ubicada en la avenida presidente Antonio Guzm\u00e1n, y donde&nbsp;&nbsp; estar\u00e1n ubicadas otras dependencias&nbsp; tanto el Estado como de instituciones&nbsp; de servicio de esta ciudad.<\/p>\n\n\n\n<p><strong>Ven con simpat\u00eda ejecutorias<\/strong><\/p>\n\n\n\n<p>Los francomacorisanos han venido observando con simpat\u00eda&nbsp; el trabajo que por el bien de&nbsp; esta poblaci\u00f3n&nbsp; viene ejecutado el senador Romero, quien se ha definido como un&nbsp; gestor del desarrollo, quien&nbsp; establece que&nbsp; desde el Senado de la Rep\u00fablica&nbsp; se pueden gestionar las obras que&nbsp; desarrollan a los pueblos.<\/p>\n\n\n\n<p>\u2018\u2019Yo tengo un compromiso sagrado con mi provincia, y es el de gestionar las obras&nbsp; de importancia y someter los proyectos de leyes que permitan&nbsp; que avancemos hacia una mejor sociedad, pues para eso fui&nbsp; escogido.<\/p>\n\n\n\n<p>El Senador Franklin Romero, llam\u00f3&nbsp; a los diversos sectores que anuncian con frecuencia&nbsp; llamado a paralizaci\u00f3n a trabajar e integrarse&nbsp; a los hombres y mujeres que desde organizaciones sin fines de lucro&nbsp; ejecutan planes de desarrollo&nbsp; por el bien de la comunidad.<\/p>\n\n\n\n<p>\u2018\u2019Es con el esfuerzo de todos&nbsp; es que vamos a lograr un mejor pa\u00eds, y esta provincia cuenta con&nbsp; j\u00f3venes que siempre&nbsp; han estado en la disposici\u00f3n de trabajar y reclamar&nbsp; las necesidades que&nbsp; hacen falta, pero debemos hacer esos reclamos con orden, y bajo los principios del dialogo&nbsp; yo creo que&nbsp; el futuro&nbsp; inmediato de este pueblo est\u00e1 en manos de todos nosotros, pero hace falta mantenernos unidos,&nbsp;&nbsp; para conseguir&nbsp; las obras&nbsp; y&nbsp; dem\u00e1s conquistas\u2019\u2019 sentenci\u00f3&nbsp; Franklin Romero.<\/p>\n\n\n\n<p>El Senador de la Provincia Duarte desde que asumi\u00f3&nbsp;&nbsp;las funciones como senador&nbsp;&nbsp;de esta provincia realiza&nbsp;&nbsp;recorridos permanente por los municipio de Pimentel , Las Gu\u00e1ranas&nbsp;&nbsp;, Castillo, Hostos, Villa Riva, Arenoso y otras demarcaciones provinciales observando sus&nbsp;&nbsp;principales necesidades con el objetivo de exponerlas tanto el presidente&nbsp;&nbsp;de la Rep\u00fablica como a los Ministros encargados de&nbsp;&nbsp;los diferentes ministerios&nbsp;&nbsp;del Estado.<\/p>\n","protected":false},"excerpt":{"rendered":"<p>Santo Domingo, R.D.-&nbsp;&nbsp;Las dos obras de mayor importancia&nbsp; que&nbsp; construye el Estado en esta ciudad y cuyos trabajos se encuentran paralizados a ra\u00edz del cambio de gobierno, ser\u00e1n reiniciadas en&hellip; <\/p>\n","protected":false},"author":2,"featured_media":512,"comment_status":"closed","ping_status":"open","sticky":false,"template":"","format":"standard","meta":{"fifu_image_url":"","fifu_image_alt":"","footnotes":""},"categories":[10],"tags":[],"class_list":["post-511","post","type-post","status-publish","format-standard","has-post-thumbnail","hentry","category-marketing-politico"],"_links":{"self":[{"href":"https:\/\/elmundodelapolitica.com\/v1\/wp-json\/wp\/v2\/posts\/511","targetHints":{"allow":["GET"]}}],"collection":[{"href":"https:\/\/elmundodelapolitica.com\/v1\/wp-json\/wp\/v2\/posts"}],"about":[{"href":"https:\/\/elmundodelapolitica.com\/v1\/wp-json\/wp\/v2\/types\/post"}],"author":[{"embeddable":true,"href":"https:\/\/elmundodelapolitica.com\/v1\/wp-json\/wp\/v2\/users\/2"}],"replies":[{"embeddable":true,"href":"https:\/\/elmundodelapolitica.com\/v1\/wp-json\/wp\/v2\/comments?post=511"}],"version-history":[{"count":0,"href":"https:\/\/elmundodelapolitica.com\/v1\/wp-json\/wp\/v2\/posts\/511\/revisions"}],"wp:featuredmedia":[{"embeddable":true,"href":"https:\/\/elmundodelapolitica.com\/v1\/wp-json\/wp\/v2\/media\/512"}],"wp:attachment":[{"href":"https:\/\/elmundodelapolitica.com\/v1\/wp-json\/wp\/v2\/media?parent=511"}],"wp:term":[{"taxonomy":"category","embeddable":true,"href":"https:\/\/elmundodelapolitica.com\/v1\/wp-json\/wp\/v2\/categories?post=511"},{"taxonomy":"post_tag","embeddable":true,"href":"https:\/\/elmundodelapolitica.com\/v1\/wp-json\/wp\/v2\/tags?post=511"}],"curies":[{"name":"wp","href":"https:\/\/api.w.org\/{rel}","templated":true}]}}