{"id":5108,"date":"2023-10-01T15:21:35","date_gmt":"2023-10-01T19:21:35","guid":{"rendered":"https:\/\/elmundodelapolitica.com\/v1\/?p=5108"},"modified":"2023-10-01T15:21:35","modified_gmt":"2023-10-01T19:21:35","slug":"grupo-viamar-recibe-diez-galardones-en-los-premios-la-vara","status":"publish","type":"post","link":"https:\/\/elmundodelapolitica.com\/v1\/grupo-viamar-recibe-diez-galardones-en-los-premios-la-vara\/","title":{"rendered":"Grupo Viamar recibe diez galardones en los Premios La Vara"},"content":{"rendered":"<div>\n<p><em>La campa\u00f1a\u00a0<\/em><strong><em>Rodeo City<\/em><\/strong><em>\u00a0recibi\u00f3\u00a0<strong>24 nominaciones<\/strong>\u00a0en esta segunda edici\u00f3n por sus ideas disruptivas.<\/em><\/p>\n<p><strong>Santo Domingo, septiembre 2023<\/strong>.- \u00a8<strong>Rodeo City<\/strong>\u00a8 la campa\u00f1a de publicidad de\u00a0<strong>Grupo Viamar<\/strong>\u00a0gan\u00f3 en las categor\u00edas:\u00a0Mejor campa\u00f1a\u00a0digital,\u00a0Guerrilla-Direct, Autom\u00f3viles-Promo y Activaciones, Guerrilla Marketing y stunts- Promo y activaciones, Guerrilla-Exteriores,\u00a0Anunciante del a\u00f1o- Categor\u00eda especial,\u00a0Autom\u00f3viles\u00a0\u2013 Tv y contenidos Videos,\u00a0Uso Ambient a peque\u00f1a escala-Media,\u00a0Autom\u00f3viles-exteriores,\u00a0Productos y servicios- Innovaci\u00f3nn para un total de diez premios en veinticuatro nominaciones en la segunda edici\u00f3n de los\u00a0<strong>Premios La Vara<\/strong>, de Ideas y Creatividad en Rep\u00fablica Dominicana, organizados por la\u00a0<strong>Asociaci\u00f3n Dominicana de Empresas de Comunicaci\u00f3n Comercial (ADECC).<\/strong><\/p>\n<div class=\"wp-block-image\">\n<figure class=\"aligncenter size-large\"><img data-attachment-id=\"32674\" data-permalink=\"https:\/\/elmundodelosnegocios.com.do\/v1\/index.php\/2023\/10\/01\/grupo-viamar-recibe-diez-galardones-en-los-premios-la-vara\/1-6-7\/\" data-orig-file=\"https:\/\/i0.wp.com\/elmundodelosnegocios.com.do\/v1\/wp-content\/uploads\/2023\/10\/1-6.jpg?fit=1034%2C684&amp;ssl=1\" data-orig-size=\"1034,684\" data-comments-opened=\"0\" data-image-meta='{\"aperture\":\"2.2\",\"credit\":\"\",\"camera\":\"X-H2S\",\"caption\":\"\",\"created_timestamp\":\"1669860136\",\"copyright\":\"\",\"focal_length\":\"18\",\"iso\":\"250\",\"shutter_speed\":\"0.0015625\",\"title\":\"\",\"orientation\":\"0\"}' data-image-title=\"1-6\" data-image-description=\"\" data-image-caption=\"\" data-medium-file=\"https:\/\/i0.wp.com\/elmundodelosnegocios.com.do\/v1\/wp-content\/uploads\/2023\/10\/1-6.jpg?fit=300%2C198&amp;ssl=1\" data-large-file=\"https:\/\/i0.wp.com\/elmundodelosnegocios.com.do\/v1\/wp-content\/uploads\/2023\/10\/1-6.jpg?fit=1024%2C677&amp;ssl=1\" decoding=\"async\" loading=\"lazy\" width=\"1024\" height=\"677\" src=\"https:\/\/i0.wp.com\/elmundodelosnegocios.com.do\/v1\/wp-content\/uploads\/2023\/10\/1-6.jpg?resize=1024,677\" alt=\"\" class=\"wp-image-32674\" srcset=\"https:\/\/i0.wp.com\/elmundodelosnegocios.com.do\/v1\/wp-content\/uploads\/2023\/10\/1-6.jpg?resize=1024,677&amp;ssl=1 1024w, https:\/\/i0.wp.com\/elmundodelosnegocios.com.do\/v1\/wp-content\/uploads\/2023\/10\/1-6.jpg?resize=300%2C198&amp;ssl=1 300w, https:\/\/i0.wp.com\/elmundodelosnegocios.com.do\/v1\/wp-content\/uploads\/2023\/10\/1-6.jpg?resize=768%2C508&amp;ssl=1 768w, https:\/\/i0.wp.com\/elmundodelosnegocios.com.do\/v1\/wp-content\/uploads\/2023\/10\/1-6.jpg?w=1034&amp;ssl=1 1034w\" sizes=\"auto, (max-width: 1024px) 100vw, 1024px\" data-recalc-dims=\"1\"><\/figure>\n<\/div>\n<p>Estos premios reconocen la innovaci\u00f3n, originalidad y la efectividad de la idea y la estrategia de\u00a0<strong>Grupo Viamar<\/strong>\u00a0para posicionar la comunicaci\u00f3n de su marca\u00a0<strong>Ford<\/strong>\u00a0con el modelo\u00a0<strong>Bronco\u00a0<\/strong>que invita a los usuarios a vivir la adrenalina de viajar con la seguridad y el confort de una todoterreno, a la que se le puede montar y desmontar el techo para disfrutar de la frescura de la naturaleza, con seis bolsas de aire frontales, laterales y cortina, con las que estar\u00e1s protegido en cualquier trayecto del territorio dominicano.<\/p>\n<div class=\"wp-block-image\">\n<figure class=\"aligncenter size-large\"><img data-attachment-id=\"32675\" data-permalink=\"https:\/\/elmundodelosnegocios.com.do\/v1\/index.php\/2023\/10\/01\/grupo-viamar-recibe-diez-galardones-en-los-premios-la-vara\/1-5-12\/\" data-orig-file=\"https:\/\/i0.wp.com\/elmundodelosnegocios.com.do\/v1\/wp-content\/uploads\/2023\/10\/1-5.jpg?fit=1100%2C531&amp;ssl=1\" data-orig-size=\"1100,531\" data-comments-opened=\"0\" data-image-meta='{\"aperture\":\"0\",\"credit\":\"\",\"camera\":\"\",\"caption\":\"\",\"created_timestamp\":\"0\",\"copyright\":\"\",\"focal_length\":\"0\",\"iso\":\"0\",\"shutter_speed\":\"0\",\"title\":\"\",\"orientation\":\"0\"}' data-image-title=\"1-5\" data-image-description=\"\" data-image-caption=\"\" data-medium-file=\"https:\/\/i0.wp.com\/elmundodelosnegocios.com.do\/v1\/wp-content\/uploads\/2023\/10\/1-5.jpg?fit=300%2C145&amp;ssl=1\" data-large-file=\"https:\/\/i0.wp.com\/elmundodelosnegocios.com.do\/v1\/wp-content\/uploads\/2023\/10\/1-5.jpg?fit=1024%2C494&amp;ssl=1\" decoding=\"async\" loading=\"lazy\" width=\"1024\" height=\"494\" src=\"https:\/\/i0.wp.com\/elmundodelosnegocios.com.do\/v1\/wp-content\/uploads\/2023\/10\/1-5.jpg?resize=1024,494\" alt=\"\" class=\"wp-image-32675\" srcset=\"https:\/\/i0.wp.com\/elmundodelosnegocios.com.do\/v1\/wp-content\/uploads\/2023\/10\/1-5.jpg?resize=1024,494&amp;ssl=1 1024w, https:\/\/i0.wp.com\/elmundodelosnegocios.com.do\/v1\/wp-content\/uploads\/2023\/10\/1-5.jpg?resize=300%2C145&amp;ssl=1 300w, https:\/\/i0.wp.com\/elmundodelosnegocios.com.do\/v1\/wp-content\/uploads\/2023\/10\/1-5.jpg?resize=768%2C371&amp;ssl=1 768w, https:\/\/i0.wp.com\/elmundodelosnegocios.com.do\/v1\/wp-content\/uploads\/2023\/10\/1-5.jpg?w=1100&amp;ssl=1 1100w\" sizes=\"auto, (max-width: 1024px) 100vw, 1024px\" data-recalc-dims=\"1\"><\/figure>\n<\/div>\n<p><strong>Campa\u00f1a inmensamente innovadora y efectiva<\/strong><\/p>\n<p>Un\u00a0jurado internacional de alto nivel presidido por\u00a0C\u00e9sar Agost Carre\u00f1os\u00a0(Fundador y Director Creativo en Founders)\u00a0se encargaron de\u00a0reconocer\u00a0todas las piezas creativas de las empresas y marcas que se distinguen por su innovaci\u00f3n y originalidad.<\/p>\n<p>El galard\u00f3n a la innovaci\u00f3n en esta segunda edici\u00f3n de los\u00a0<strong>Premios La Vara<\/strong>, fue otorgado a\u00a0<strong>Grupo Viamar<\/strong>\u00a0por la Mejor Campa\u00f1a Digital, gracias a la forma org\u00e1nica de su contenido y el comportamiento de los usuarios nativos en las plataformas digitales, tanto de la marca como de los actores que se sumaron voluntariamente a la conversaci\u00f3n, convirtiendo la noticia en tendencia durante todo un fin de semana y los siguientes d\u00edas.<\/p>\n<p>\u00a8Nos sentimos orgullosos y agradecidos de recibir estos reconocimientos. Para\u00a0<strong>Ford<\/strong>, nuestro equipo de mercadeo y nuestra agencia creativa representan un poderoso veh\u00edculo para la expresi\u00f3n, la innovaci\u00f3n y el cambio. As\u00ed como\u00a0<strong>Ford\u00a0<\/strong>se atrevi\u00f3 a ser la primera marca de producci\u00f3n en serie, nosotros seguiremos atrevi\u00e9ndonos a continuar con acciones disruptivas para llevar nuestro mensaje\u00a8, expres\u00f3 Ignacio Saint Hilaire, brand manager de\u00a0<strong>Ford en Rep\u00fablica Dominicana<\/strong>.<\/p>\n<p>La eficacia de la campa\u00f1a ha resultado inmensamente exitosa, ya que, desde su lanzamiento en junio 2022,\u00a0<strong>Grupo Viamar<\/strong>\u00a0ha logrado liderar el segmento de veh\u00edculos nuevos y usados en el Pa\u00eds, gracias a su capacidad de movilizar los sue\u00f1os de las familias dominicanas, entregando experiencias de conducci\u00f3n innovadoras con la tecnolog\u00eda y potencia del ADN de\u00a0<strong>Ford<\/strong>.<\/p>\n<p>Para Noelia Pe\u00f1a, gerente corporativa de mercadeo y CRM\u00a0de\u00a0<strong>Grupo Viamar<\/strong>: \u00a8<em>Creemos y apoyamos el arte y la cultura de los dominicanos. Somos una empresa que conf\u00eda en el talento joven y que apoya las iniciativas que promuevan la innovaci\u00f3n. Fieles abanderados en dejar huellas positivas que soporten la continuaci\u00f3n del legado de nuestro fundador, como gu\u00eda clara hacia una actuaci\u00f3n sostenible<\/em>\u00a8.<\/p>\n<p>La campa\u00f1a\u00a0<strong>Rodeo City<\/strong>\u00a0se trabaj\u00f3 en conjunto con\u00a0<strong>Publicis Dominicana<\/strong>\u00a0del conglomerado de agencias de creatividad, marketing e innovaci\u00f3n del\u00a0<strong>Grupo Pe\u00f1a Defill\u00f3<\/strong>.<\/p>\n<p><strong>Sobre Grupo Viamar<\/strong><\/p>\n<p>Es la empresa l\u00edder en el sector automotriz en el mercado dominicano. Cuenta con\u00a0<strong>60 a\u00f1os de operaci\u00f3n<\/strong>\u00a0contribuyendo con el desarrollo de la industria en el pa\u00eds, realizando inversiones en sus infraestructuras que le permite ofrecer a sus clientes la mejor propuesta de valor del mercado y el mejor servicio de post venta, con un alto \u00edndice de satisfacci\u00f3n de sus clientes. Comprometidos con el desarrollo sostenible del planeta a trav\u00e9s de iniciativas que promueven el cuidado y la preservaci\u00f3n de los recursos de la naturaleza y la inclusi\u00f3n social en personas\u00a0con discapacidad cognitiva y neurodiversidad en Rep\u00fablica Dominicana, fomentando a trav\u00e9s de la educaci\u00f3n una cultura de aceptaci\u00f3n y humanizaci\u00f3n.<\/p>\n<p>La diversificaci\u00f3n de sus servicios est\u00e1 dispuesta en varias sucursales y centros\u00a0a nivel nacional: seis en la ciudad de Santo Domingo; Santiago, Hig\u00fcey, B\u00e1varo y tambi\u00e9n en San Francisco de Macor\u00eds.<\/p>\n<p>Representantes exclusivos en el pa\u00eds de las marcas:\u00a0<strong>Ford, KIA, Mazda, Lincoln, Forland, SWM, JAC, Shineray<\/strong>; expertos en servicios de mantenimiento r\u00e1pido\u00a0para carros y camiones con piezas, accesorios, lubricantes y bater\u00edas originales como\u00a0<strong>Motorcraft<\/strong>\u00a0a trav\u00e9s de su divisi\u00f3n\u00a0<strong>Quick Lane<\/strong>.<\/p>\n<\/div>\n","protected":false},"excerpt":{"rendered":"<p>La campa\u00f1a\u00a0Rodeo City\u00a0recibi\u00f3\u00a024 nominaciones\u00a0en esta segunda edici\u00f3n por sus ideas disruptivas. Santo Domingo, septiembre 2023.- \u00a8Rodeo City\u00a8 la campa\u00f1a de publicidad de\u00a0Grupo Viamar\u00a0gan\u00f3 en las categor\u00edas:\u00a0Mejor campa\u00f1a\u00a0digital,\u00a0Guerrilla-Direct, Autom\u00f3viles-Promo y Activaciones,&hellip; <\/p>\n","protected":false},"author":2,"featured_media":5109,"comment_status":"closed","ping_status":"closed","sticky":false,"template":"","format":"standard","meta":{"fifu_image_url":"https:\/\/i0.wp.com\/elmundodelosnegocios.com.do\/v1\/wp-content\/uploads\/2023\/10\/1-6.jpg?resize=1024,677","fifu_image_alt":"Grupo Viamar recibe diez galardones en los Premios La Vara","footnotes":""},"categories":[63],"tags":[],"class_list":["post-5108","post","type-post","status-publish","format-standard","has-post-thumbnail","hentry","category-actualidad"],"_links":{"self":[{"href":"https:\/\/elmundodelapolitica.com\/v1\/wp-json\/wp\/v2\/posts\/5108","targetHints":{"allow":["GET"]}}],"collection":[{"href":"https:\/\/elmundodelapolitica.com\/v1\/wp-json\/wp\/v2\/posts"}],"about":[{"href":"https:\/\/elmundodelapolitica.com\/v1\/wp-json\/wp\/v2\/types\/post"}],"author":[{"embeddable":true,"href":"https:\/\/elmundodelapolitica.com\/v1\/wp-json\/wp\/v2\/users\/2"}],"replies":[{"embeddable":true,"href":"https:\/\/elmundodelapolitica.com\/v1\/wp-json\/wp\/v2\/comments?post=5108"}],"version-history":[{"count":0,"href":"https:\/\/elmundodelapolitica.com\/v1\/wp-json\/wp\/v2\/posts\/5108\/revisions"}],"wp:featuredmedia":[{"embeddable":true,"href":"https:\/\/elmundodelapolitica.com\/v1\/wp-json\/wp\/v2\/media\/5109"}],"wp:attachment":[{"href":"https:\/\/elmundodelapolitica.com\/v1\/wp-json\/wp\/v2\/media?parent=5108"}],"wp:term":[{"taxonomy":"category","embeddable":true,"href":"https:\/\/elmundodelapolitica.com\/v1\/wp-json\/wp\/v2\/categories?post=5108"},{"taxonomy":"post_tag","embeddable":true,"href":"https:\/\/elmundodelapolitica.com\/v1\/wp-json\/wp\/v2\/tags?post=5108"}],"curies":[{"name":"wp","href":"https:\/\/api.w.org\/{rel}","templated":true}]}}