{"id":5102,"date":"2023-10-01T15:24:15","date_gmt":"2023-10-01T19:24:15","guid":{"rendered":"https:\/\/elmundodelapolitica.com\/v1\/?p=5102"},"modified":"2023-10-01T15:24:18","modified_gmt":"2023-10-01T19:24:18","slug":"ex-diputado-denuncia-trafico-ilegal-de-haitianos-continua-con-la-misma-intensidad-y-complicidad-de-siempre","status":"publish","type":"post","link":"https:\/\/elmundodelapolitica.com\/v1\/ex-diputado-denuncia-trafico-ilegal-de-haitianos-continua-con-la-misma-intensidad-y-complicidad-de-siempre\/","title":{"rendered":"Ex diputado denuncia tr\u00e1fico ilegal de haitianos \"contin\u00faa con la misma intensidad y complicidad de siempre\""},"content":{"rendered":"\n<p>\"Personas que trabajaban en la zona monta\u00f1osa de aqu\u00ed aseguran que han visto a militares sirviendo de motoconchistas a indocumentados haitianos, y hasta guardia recortando ilegales en los destacamentos\".<\/p>\n\n\n\n<p>VILLA JARAGUA, Bahoruco.-El ex diputado Rafael M\u00e9ndez denunci\u00f3 que el tr\u00e1fico de &nbsp;ilegales haitianos hacia la Rep\u00fablica Dominicana \"contin\u00faa con la misma intensidad y complicidad de siempre\", burlando el cierre de la frontera terrestre, a\u00e9rea y mar\u00edtima dispuesta por el gobierno desde hace &nbsp;m\u00e1s de dos semanas.<\/p>\n\n\n\n<p>\"Personas que trabajaban en la zona monta\u00f1osa de aqu\u00ed aseguran que han visto a militares sirviendo de motoconchistas a indocumentados haitianos que acaban de ingresar de manera ilegal a territorio dominicano, y oficial supervisor sorprendi\u00f3 a un soldados recortando en el destacamento a ilegales del vecino pa\u00eds\", asegur\u00f3 el pasado legislador.<\/p>\n\n\n\n<p>M\u00e9ndez dijo que la persona que le ofreci\u00f3 la informaci\u00f3n le expres\u00f3 que \"me indignaci\u00f3n fue tal le reproche al militar y le dijo que mejor lo hubiera macuteando con los doscientos pesos, y no llegar al extremo de transportarlo para facilitar su llegar al destino que tiene pautado el indocumentado\". &nbsp;<\/p>\n\n\n\n<p>El pasado legislador dijo que la informaci\u00f3n que le ha llegado de personas que le merecen toda la credibilidad es que en la zona monta\u00f1osa siguen llegando haitianos de manera ilegal con la misma intensidad de siempre, \"y como si aqu\u00ed no pasara nada\".<\/p>\n","protected":false},"excerpt":{"rendered":"<p>\"Personas que trabajaban en la zona monta\u00f1osa de aqu\u00ed aseguran que han visto a militares sirviendo de motoconchistas a indocumentados haitianos, y hasta guardia recortando ilegales en los destacamentos\". VILLA&hellip; <\/p>\n","protected":false},"author":2,"featured_media":3482,"comment_status":"open","ping_status":"open","sticky":false,"template":"","format":"standard","meta":{"fifu_image_url":"","fifu_image_alt":"","footnotes":""},"categories":[28],"tags":[],"class_list":["post-5102","post","type-post","status-publish","format-standard","has-post-thumbnail","hentry","category-migracion"],"_links":{"self":[{"href":"https:\/\/elmundodelapolitica.com\/v1\/wp-json\/wp\/v2\/posts\/5102","targetHints":{"allow":["GET"]}}],"collection":[{"href":"https:\/\/elmundodelapolitica.com\/v1\/wp-json\/wp\/v2\/posts"}],"about":[{"href":"https:\/\/elmundodelapolitica.com\/v1\/wp-json\/wp\/v2\/types\/post"}],"author":[{"embeddable":true,"href":"https:\/\/elmundodelapolitica.com\/v1\/wp-json\/wp\/v2\/users\/2"}],"replies":[{"embeddable":true,"href":"https:\/\/elmundodelapolitica.com\/v1\/wp-json\/wp\/v2\/comments?post=5102"}],"version-history":[{"count":1,"href":"https:\/\/elmundodelapolitica.com\/v1\/wp-json\/wp\/v2\/posts\/5102\/revisions"}],"predecessor-version":[{"id":5103,"href":"https:\/\/elmundodelapolitica.com\/v1\/wp-json\/wp\/v2\/posts\/5102\/revisions\/5103"}],"wp:featuredmedia":[{"embeddable":true,"href":"https:\/\/elmundodelapolitica.com\/v1\/wp-json\/wp\/v2\/media\/3482"}],"wp:attachment":[{"href":"https:\/\/elmundodelapolitica.com\/v1\/wp-json\/wp\/v2\/media?parent=5102"}],"wp:term":[{"taxonomy":"category","embeddable":true,"href":"https:\/\/elmundodelapolitica.com\/v1\/wp-json\/wp\/v2\/categories?post=5102"},{"taxonomy":"post_tag","embeddable":true,"href":"https:\/\/elmundodelapolitica.com\/v1\/wp-json\/wp\/v2\/tags?post=5102"}],"curies":[{"name":"wp","href":"https:\/\/api.w.org\/{rel}","templated":true}]}}