{"id":51,"date":"2022-09-15T22:32:25","date_gmt":"2022-09-16T02:32:25","guid":{"rendered":"https:\/\/elmundodelapolitica.com\/v1\/?p=25748"},"modified":"2022-09-26T10:36:18","modified_gmt":"2022-09-26T14:36:18","slug":"presidente-abinader-se-reune-con-congresistas-norteamericanos-en-washington","status":"publish","type":"post","link":"https:\/\/elmundodelapolitica.com\/v1\/presidente-abinader-se-reune-con-congresistas-norteamericanos-en-washington\/","title":{"rendered":"Presidente Abinader se re\u00fane con congresistas norteamericanos en Washington"},"content":{"rendered":"\n<p>Washington D.C., EE.UU.-&nbsp;<strong>El Presidente Luis Abinader&nbsp;<\/strong>se reuni\u00f3 este jueves con el l\u00edder de los dem\u00f3cratas en el senado,&nbsp;<strong>Charles Ellis Schumer<\/strong>, previamente a un encuentro con m\u00e1s de&nbsp;<strong>30 congresistas<\/strong>&nbsp;con quienes convers\u00f3 sobre diversos temas, incluyendo<strong>&nbsp;la situaci\u00f3n en Hait\u00ed<\/strong>.<\/p>\n\n\n\n<p>Schumer, quien es senador senior de los Estados Unidos por New York, puesto que ocupa desde 1999,&nbsp;<strong>convers\u00f3 ampliamente<\/strong>&nbsp;con el Presidente Abinader, mostrando sumo inter\u00e9s en los asuntos en la&nbsp;<strong>pol\u00edtica dom\u00e9stica dominicana, los dominicanos en Estados Unidos y el tema de Hait\u00ed.<\/strong><\/p>\n\n\n\n<p>En la reuni\u00f3n participaron, igualmente, el Ministro de Relaciones Exteriores, Roberto \u00c1lvarez; el senador de origen dominicano, Adriano Espaillat; la embajadora Sonia Guzm\u00e1n y Jos\u00e9 Singer, asesor en Pol\u00edtica Exterior del Poder Ejecutivo.<\/p>\n\n\n\n<h5 class=\"wp-block-heading\"><strong>Reuni\u00f3n con congresistas de Estados Unidos<\/strong><\/h5>\n\n\n\n<p>Posteriormente, el Presidente Luis Abinader particip\u00f3 en un encuentro este jueves con&nbsp;<strong>congresistas norteamericanos<\/strong>&nbsp;en el que abordaron diferentes temas de inter\u00e9s.<\/p>\n\n\n\n<p>El encuentro con los congresistas norteamericanos fue coordinado por el senador de Nueva York de origen dominicano,&nbsp;<strong>Adriano Espaillat<\/strong>.<\/p>\n\n\n\n<p>Entre los participantes estuvieron Albio Sires, de New Jersey -8th; Daniel Kildee, de Michigan -5th; Gregory Meeks, de New York -5th; Hakeem Jeffries, de New York -8th; Darren Soto, de Florida -9th; Maxine Waters, de California -43rd; Robin Kelly, de Illinois -2nd; Sheila Cherfilus \u2013 McCormick, de Florida -20th; David Cicilline, de Rhone Island -1st, y Katherine Beamer del Departamento de Estado.<\/p>\n\n\n\n<p>Asimismo, Donald Payne Jr., de New Jersey -10th; Earl Blumenauer, de Oregon -3rd; Grace Meng, de New York \u2013 6th; Jamaal Bowman, de New York -16th; Kirsten Gillibrand, senadora de New York \u2013 Albany; Stenny Hoyer, l\u00edder dem\u00f3crata; Mario D\u00edaz-Balart, de Florida -25th; Stacey Plaskett, de Islas V\u00edrgenes, y Tina Balin, del USAID.<\/p>\n\n\n\n<p>El Presidente Abinader hizo una detallada exposici\u00f3n que permiti\u00f3 a los congresistas estar debidamente documentados sobre la&nbsp;<strong>realidad de la situaci\u00f3n en Hait\u00ed y la importancia de la ayuda internacional al vecino pa\u00eds.<\/strong><\/p>\n","protected":false},"excerpt":{"rendered":"<p>Washington D.C., EE.UU.-&nbsp;El Presidente Luis Abinader&nbsp;se reuni\u00f3 este jueves con el l\u00edder de los dem\u00f3cratas en el senado,&nbsp;Charles Ellis Schumer, previamente a un encuentro con m\u00e1s de&nbsp;30 congresistas&nbsp;con quienes convers\u00f3&hellip; <\/p>\n","protected":false},"author":2,"featured_media":52,"comment_status":"closed","ping_status":"open","sticky":false,"template":"","format":"standard","meta":{"fifu_image_url":"","fifu_image_alt":"","footnotes":""},"categories":[54],"tags":[],"class_list":["post-51","post","type-post","status-publish","format-standard","has-post-thumbnail","hentry","category-politica_exterior"],"_links":{"self":[{"href":"https:\/\/elmundodelapolitica.com\/v1\/wp-json\/wp\/v2\/posts\/51","targetHints":{"allow":["GET"]}}],"collection":[{"href":"https:\/\/elmundodelapolitica.com\/v1\/wp-json\/wp\/v2\/posts"}],"about":[{"href":"https:\/\/elmundodelapolitica.com\/v1\/wp-json\/wp\/v2\/types\/post"}],"author":[{"embeddable":true,"href":"https:\/\/elmundodelapolitica.com\/v1\/wp-json\/wp\/v2\/users\/2"}],"replies":[{"embeddable":true,"href":"https:\/\/elmundodelapolitica.com\/v1\/wp-json\/wp\/v2\/comments?post=51"}],"version-history":[{"count":1,"href":"https:\/\/elmundodelapolitica.com\/v1\/wp-json\/wp\/v2\/posts\/51\/revisions"}],"predecessor-version":[{"id":452,"href":"https:\/\/elmundodelapolitica.com\/v1\/wp-json\/wp\/v2\/posts\/51\/revisions\/452"}],"wp:featuredmedia":[{"embeddable":true,"href":"https:\/\/elmundodelapolitica.com\/v1\/wp-json\/wp\/v2\/media\/52"}],"wp:attachment":[{"href":"https:\/\/elmundodelapolitica.com\/v1\/wp-json\/wp\/v2\/media?parent=51"}],"wp:term":[{"taxonomy":"category","embeddable":true,"href":"https:\/\/elmundodelapolitica.com\/v1\/wp-json\/wp\/v2\/categories?post=51"},{"taxonomy":"post_tag","embeddable":true,"href":"https:\/\/elmundodelapolitica.com\/v1\/wp-json\/wp\/v2\/tags?post=51"}],"curies":[{"name":"wp","href":"https:\/\/api.w.org\/{rel}","templated":true}]}}