{"id":509,"date":"2020-11-12T12:58:53","date_gmt":"2020-11-12T16:58:53","guid":{"rendered":"http:\/\/www.elmundodelapolitica.com\/v2\/?p=22602"},"modified":"2020-11-12T12:58:53","modified_gmt":"2020-11-12T16:58:53","slug":"analizara-canciller-alvarez-cooperacion-entre-dominicana-y-los-estados-unidos","status":"publish","type":"post","link":"https:\/\/elmundodelapolitica.com\/v1\/analizara-canciller-alvarez-cooperacion-entre-dominicana-y-los-estados-unidos\/","title":{"rendered":"Analizara Canciller \u00c1lvarez cooperaci\u00f3n entre Dominicana y los Estados Unidos"},"content":{"rendered":"\n<p><strong>Santo Domingo<\/strong>, R.D., Noviembre  2020.- El Ministro de Relaciones Exteriores, Roberto \u00c1lvarez, abordar\u00e1 el tema<strong>\u201cMarco de Cooperaci\u00f3n entre RD y EE.UU. a la luz del programa Am\u00e9rica Crece\u201d\u00a0<\/strong>durante el evento virtual\u00a0AMCHAMDR Encounters, que organiza la C\u00e1mara Americana de Comercio de la Rep\u00fablica Dominicana (AMCHAMDR).<\/p>\n\n\n\n<p><em>A mediados de octubre pasado, la Rep\u00fablica Dominicana y los Estados Unidos firmaron un memorando de entendimiento bajo el programa \u201cAm\u00e9rica Crece\u201d, con el fin de colaborar en la movilizaci\u00f3n de inversiones en energ\u00eda, turismo y otros proyectos de infraestructura que fortalecer\u00e1n las principales industrias, crear\u00e1n puestos de trabajo y reforzar\u00e1n la econom\u00eda local.<\/em><\/p>\n\n\n\n<p><strong>Santo Domingo, 10 de Noviembre.-<\/strong>&nbsp;El Ministro Relaciones Exteriores de la Rep\u00fablica Dominicana, Roberto \u00c1lvarez, ser\u00e1 el orador invitado del&nbsp;<strong>AMCHAMDR Encounters<\/strong>&nbsp;que organiza la C\u00e1mara Americana de Comercio de la Rep\u00fablica Dominicana&nbsp;(AMCHAMDR), donde&nbsp;hablar\u00e1 sobre&nbsp;<strong>\u201c<\/strong><strong>El Marco de Cooperaci\u00f3n entre RD y EE.UU. a la luz del programa Am\u00e9rica Crece<\/strong><strong>\u201d.<\/strong><\/p>\n\n\n\n<p>La disertaci\u00f3n de \u00c1lvarez en el evento virtual ser\u00e1&nbsp;<strong>este jueves 12 de noviembre a las 4:00 PM a trav\u00e9s de una plataforma virtual<\/strong>. El evento tendr\u00e1 un costo de RD$500 para socios de AMCHAMDR y RD$700 para los no socios.<\/p>\n\n\n\n<p>A mediados de octubre pasado, el presidente de Rep\u00fablica Dominicana, Luis Abinader Corona, y el director ejecutivo de la Corporaci\u00f3n Financiera de los Estados Unidos para el Desarrollo Internacional (DFC, por sus siglas en ingl\u00e9s), Adam Boehler, firmaron un memorando de entendimiento entre ambos pa\u00edses, con el fin de colaborar en la movilizaci\u00f3n de inversiones en energ\u00eda, turismo y otros proyectos de infraestructura que fortalecer\u00e1n las principales industrias, crear\u00e1n puestos de trabajo y reforzar\u00e1n la econom\u00eda local.<\/p>\n\n\n\n<p>El memorando de entendimiento, que le permitir\u00e1 al pa\u00eds acceder a 2,000 millones de d\u00f3lares en financiamientos, fomenta el programa Am\u00e9rica Crece, una iniciativa del Gobierno de los Estados Unidos, para promover el crecimiento en toda Am\u00e9rica Latina y el Caribe mediante la movilizaci\u00f3n de inversiones en energ\u00eda e infraestructura.<\/p>\n\n\n\n<p>Para mayor informaci\u00f3n sobre c\u00f3mo adquirir los accesos para el evento virtual, comunicarse al tel\u00e9fono&nbsp;809.332.7243 o escribir un correo a&nbsp;<a href=\"mailto:events@amcham.org.do\" target=\"_blank\" rel=\"noreferrer noopener\">events@amcham.org.do<\/a>.<\/p>\n\n\n\n<p><strong>SOBRE EL ORADOR<\/strong><\/p>\n\n\n\n<p>Roberto \u00c1lvarez ha tenido una amplia carrera en el servicio diplom\u00e1tico de la Rep\u00fablica Dominicana. Desde agosto de este a\u00f1o, se desempe\u00f1a como Ministro de Relaciones Exteriores de la Rep\u00fablica Dominicana. Entre 1970 y 1978 fue abogado de la Secretar\u00eda&nbsp;General de la Organizaci\u00f3n de los Estados Americanos (OEA),&nbsp;ha trabajado como consultor: del Banco Interamericano de Desarrollo (BID), Coordinador del Primer Foro sobre la Inversi\u00f3n Privada en las Am\u00e9ricas, Washington, DC., EEUU, 1991; del Instituto Latinoamericano para la Prevenci\u00f3n del Delito y el Tratamiento del Delincuente (ILANUD) de las Naciones Unidas, 1987-1988; y de la Fundaci\u00f3n Ford, en asuntos relacionados a la promoci\u00f3n de los negocios, el fortalecimiento de la administraci\u00f3n de la justicia y el estado de derecho, y la promoci\u00f3n y protecci\u00f3n de los derechos humanos, 1978-1979.<\/p>\n\n\n\n<p>De junio de 2005 a septiembre de 2008, el Dr. \u00c1lvarez se desempe\u00f1\u00f3 como Representante Permanente de Rep\u00fablica Dominicana ante la Organizaci\u00f3n de los Estados Americanos con el rango de Embajador. En la OEA ostent\u00f3 la Presidencia del Consejo Permanente a nombre de R.D., de julio a septiembre de 2005. Adem\u00e1s, fue electo presidente de la Subcomisi\u00f3n de Pol\u00edticas de Cooperaci\u00f3n Solidarias para el Desarrollo de la Comisi\u00f3n Ejecutiva Permanente del Consejo Interamericano para el Desarrollo Integral (CEPCIDI), 2006-2007, y de la Comisi\u00f3n de Asuntos Jur\u00eddicos y Pol\u00edticos del Consejo Permanente (CAJP), 2007-2008.&nbsp;<\/p>\n\n\n\n<p>Desde diciembre de 2008 hasta agosto 2010, cuando renunci\u00f3, fue miembro de la Comisi\u00f3n Consultiva de la Secretar\u00eda de Estado de Relaciones Exteriores con el rango de Embajador adscrito honor\u00edfico. Desde 2012 es miembro del Consejo Asesor del Programa Latinoamericano del Woodrow Wilson International Center for Scholars.<\/p>\n\n\n\n<p>&#8212;<\/p>\n\n\n\n<p><strong>Sobre la C\u00e1mara Americana de Comercio de la Rep\u00fablica Dominicana (AMCHAMDR)<\/strong><\/p>\n\n\n\n<p>La C\u00e1mara Americana de Comercio de la Rep\u00fablica Dominicana (AMCHAMDR por sus siglas en ingl\u00e9s) es una asociaci\u00f3n sin fines de lucro, incorporada legalmente el 8 de noviembre de 1923, que fomenta un clima de inversi\u00f3n saludable basado en el acceso de conocimiento, oportunidades y una cultura de mejores pr\u00e1cticas para el desarrollo socioecon\u00f3mico y profesional de sus socios. AMCHAMDR est\u00e1 afiliada a la&nbsp;<em>U.S. Chamber of Commerce<\/em>&nbsp;y es miembro fundador de la Asociaci\u00f3n de C\u00e1maras Americanas de Comercio en Am\u00e9rica Latina (AACCLA por sus siglas en ingl\u00e9s).<\/p>\n\n\n\n<p>AMCHAMDR trabaja una agenda dise\u00f1ada para conectar y representar a sus socios de nuevas tendencias en el mundo de los negocios, mercados e indicadores tanto a nivel nacional como internacional. Su cat\u00e1logo de servicios est\u00e1 dise\u00f1ado para agregar valor a sus miembros, ofreciendo soluciones concretas e identificando oportunidades de crecimiento empresarial y profesional.<\/p>\n","protected":false},"excerpt":{"rendered":"<p>Santo Domingo, R.D., Noviembre 2020.- El Ministro de Relaciones Exteriores, Roberto \u00c1lvarez, abordar\u00e1 el tema\u201cMarco de Cooperaci\u00f3n entre RD y EE.UU. a la luz del programa Am\u00e9rica Crece\u201d\u00a0durante el evento&hellip; <\/p>\n","protected":false},"author":2,"featured_media":510,"comment_status":"closed","ping_status":"open","sticky":false,"template":"","format":"standard","meta":{"fifu_image_url":"","fifu_image_alt":"","footnotes":""},"categories":[10],"tags":[],"class_list":["post-509","post","type-post","status-publish","format-standard","has-post-thumbnail","hentry","category-marketing-politico"],"_links":{"self":[{"href":"https:\/\/elmundodelapolitica.com\/v1\/wp-json\/wp\/v2\/posts\/509","targetHints":{"allow":["GET"]}}],"collection":[{"href":"https:\/\/elmundodelapolitica.com\/v1\/wp-json\/wp\/v2\/posts"}],"about":[{"href":"https:\/\/elmundodelapolitica.com\/v1\/wp-json\/wp\/v2\/types\/post"}],"author":[{"embeddable":true,"href":"https:\/\/elmundodelapolitica.com\/v1\/wp-json\/wp\/v2\/users\/2"}],"replies":[{"embeddable":true,"href":"https:\/\/elmundodelapolitica.com\/v1\/wp-json\/wp\/v2\/comments?post=509"}],"version-history":[{"count":0,"href":"https:\/\/elmundodelapolitica.com\/v1\/wp-json\/wp\/v2\/posts\/509\/revisions"}],"wp:featuredmedia":[{"embeddable":true,"href":"https:\/\/elmundodelapolitica.com\/v1\/wp-json\/wp\/v2\/media\/510"}],"wp:attachment":[{"href":"https:\/\/elmundodelapolitica.com\/v1\/wp-json\/wp\/v2\/media?parent=509"}],"wp:term":[{"taxonomy":"category","embeddable":true,"href":"https:\/\/elmundodelapolitica.com\/v1\/wp-json\/wp\/v2\/categories?post=509"},{"taxonomy":"post_tag","embeddable":true,"href":"https:\/\/elmundodelapolitica.com\/v1\/wp-json\/wp\/v2\/tags?post=509"}],"curies":[{"name":"wp","href":"https:\/\/api.w.org\/{rel}","templated":true}]}}