{"id":5085,"date":"2023-09-28T20:11:19","date_gmt":"2023-09-29T00:11:19","guid":{"rendered":"https:\/\/elmundodelapolitica.com\/v1\/?p=5085"},"modified":"2023-09-28T20:11:19","modified_gmt":"2023-09-29T00:11:19","slug":"banca-multiple-suma-a-esfuerzos-por-inclusion-financiera-apostando-desarrollo-mipymes","status":"publish","type":"post","link":"https:\/\/elmundodelapolitica.com\/v1\/banca-multiple-suma-a-esfuerzos-por-inclusion-financiera-apostando-desarrollo-mipymes\/","title":{"rendered":"Banca m\u00faltiple suma a esfuerzos por inclusi\u00f3n financiera apostando\u00a0 desarrollo mipymes"},"content":{"rendered":"<div>\n<p><strong>Santo Domingo<\/strong>, R. D. Septiembre 28, 2023.-\u00a0La banca m\u00faltiple se suma a los esfuerzos por la inclusi\u00f3n financiera, en el marco de la estrategia nacional que lidera el Banco Central, al concentrar el 91.4% del monto de financiamientos otorgados a las micro, peque\u00f1as y medianas empresas a nivel nacional, a julio de 2023, inform\u00f3 la Asociaci\u00f3n de Bancos M\u00faltiples de la Rep\u00fablica Dominicana (ABA).<\/p>\n<div class=\"wp-block-image\">\n<figure class=\"aligncenter size-large\"><img loading=\"lazy\" data-attachment-id=\"32630\" data-permalink=\"https:\/\/elmundodelosnegocios.com.do\/v1\/index.php\/2023\/09\/28\/banca-multiple-suma-a-esfuerzos-por-inclusion-financiera-apostando-desarrollo-mipymes\/foto-de-referencia-2\/\" data-orig-file=\"https:\/\/i0.wp.com\/elmundodelosnegocios.com.do\/v1\/wp-content\/uploads\/2023\/09\/Foto-de-referencia.png?fit=1920%2C1080&amp;ssl=1\" data-orig-size=\"1920,1080\" data-comments-opened=\"0\" data-image-meta='{\"aperture\":\"0\",\"credit\":\"\",\"camera\":\"\",\"caption\":\"\",\"created_timestamp\":\"0\",\"copyright\":\"\",\"focal_length\":\"0\",\"iso\":\"0\",\"shutter_speed\":\"0\",\"title\":\"\",\"orientation\":\"0\"}' data-image-title=\"Foto-de-referencia\" data-image-description=\"\" data-image-caption=\"\" data-medium-file=\"https:\/\/i0.wp.com\/elmundodelosnegocios.com.do\/v1\/wp-content\/uploads\/2023\/09\/Foto-de-referencia.png?fit=300%2C169&amp;ssl=1\" data-large-file=\"https:\/\/i0.wp.com\/elmundodelosnegocios.com.do\/v1\/wp-content\/uploads\/2023\/09\/Foto-de-referencia.png?fit=1024%2C576&amp;ssl=1\" decoding=\"async\" width=\"1024\" height=\"576\" src=\"https:\/\/i0.wp.com\/elmundodelosnegocios.com.do\/v1\/wp-content\/uploads\/2023\/09\/Foto-de-referencia-1024x576.png?resize=1024,576&amp;ssl=1\" alt=\"\" class=\"wp-image-32630\" srcset=\"https:\/\/i0.wp.com\/elmundodelosnegocios.com.do\/v1\/wp-content\/uploads\/2023\/09\/Foto-de-referencia.png?resize=1024%2C576&amp;ssl=1 1024w, https:\/\/i0.wp.com\/elmundodelosnegocios.com.do\/v1\/wp-content\/uploads\/2023\/09\/Foto-de-referencia.png?resize=300%2C169&amp;ssl=1 300w, https:\/\/i0.wp.com\/elmundodelosnegocios.com.do\/v1\/wp-content\/uploads\/2023\/09\/Foto-de-referencia.png?resize=768%2C432&amp;ssl=1 768w, https:\/\/i0.wp.com\/elmundodelosnegocios.com.do\/v1\/wp-content\/uploads\/2023\/09\/Foto-de-referencia.png?resize=1536%2C864&amp;ssl=1 1536w, https:\/\/i0.wp.com\/elmundodelosnegocios.com.do\/v1\/wp-content\/uploads\/2023\/09\/Foto-de-referencia.png?w=1920&amp;ssl=1 1920w\" sizes=\"auto, (max-width: 1024px) 100vw, 1024px\" data-recalc-dims=\"1\"><\/figure>\n<\/div>\n<p>La ABA especific\u00f3 que, para la citada fecha, la banca m\u00faltiple sigui\u00f3 encabezando los cr\u00e9ditos a mipymes con unos RD$390,421millones, equivalentes al 91.4% de la cartera total de pr\u00e9stamos otorgados al sector por el sistema financiero, seg\u00fan datos de la Superintendencia de Bancos. Se\u00f1al\u00f3 que este monto incluye un crecimiento de aproximadamente\u00a0 5.4 %\u00a0 en unos siete meses.<\/p>\n<p>En cuanto a las tasas de inter\u00e9s otorgadas a las mipymes, el gremio bancario precis\u00f3 que el promedio ponderado registrado por la banca m\u00faltiple a julio del a\u00f1o en curso fue de 12.06 %, el menor del mercado a la fecha.<\/p>\n<div class=\"wp-block-image\">\n<figure class=\"aligncenter size-large\"><img data-attachment-id=\"32628\" data-permalink=\"https:\/\/elmundodelosnegocios.com.do\/v1\/index.php\/2023\/09\/28\/banca-multiple-suma-a-esfuerzos-por-inclusion-financiera-apostando-desarrollo-mipymes\/grafico-1\/\" data-orig-file=\"https:\/\/i0.wp.com\/elmundodelosnegocios.com.do\/v1\/wp-content\/uploads\/2023\/09\/grafico-1.png?fit=1920%2C1080&amp;ssl=1\" data-orig-size=\"1920,1080\" data-comments-opened=\"0\" data-image-meta='{\"aperture\":\"0\",\"credit\":\"\",\"camera\":\"\",\"caption\":\"\",\"created_timestamp\":\"0\",\"copyright\":\"\",\"focal_length\":\"0\",\"iso\":\"0\",\"shutter_speed\":\"0\",\"title\":\"\",\"orientation\":\"0\"}' data-image-title=\"grafico-1\" data-image-description=\"\" data-image-caption=\"\" data-medium-file=\"https:\/\/i0.wp.com\/elmundodelosnegocios.com.do\/v1\/wp-content\/uploads\/2023\/09\/grafico-1.png?fit=300%2C169&amp;ssl=1\" data-large-file=\"https:\/\/i0.wp.com\/elmundodelosnegocios.com.do\/v1\/wp-content\/uploads\/2023\/09\/grafico-1.png?fit=1024%2C576&amp;ssl=1\" decoding=\"async\" loading=\"lazy\" width=\"1024\" height=\"576\" src=\"https:\/\/i0.wp.com\/elmundodelosnegocios.com.do\/v1\/wp-content\/uploads\/2023\/09\/grafico-1-1024x576.png?resize=1024,576&amp;ssl=1\" alt=\"\" class=\"wp-image-32628\" srcset=\"https:\/\/i0.wp.com\/elmundodelosnegocios.com.do\/v1\/wp-content\/uploads\/2023\/09\/grafico-1.png?resize=1024%2C576&amp;ssl=1 1024w, https:\/\/i0.wp.com\/elmundodelosnegocios.com.do\/v1\/wp-content\/uploads\/2023\/09\/grafico-1.png?resize=300%2C169&amp;ssl=1 300w, https:\/\/i0.wp.com\/elmundodelosnegocios.com.do\/v1\/wp-content\/uploads\/2023\/09\/grafico-1.png?resize=768%2C432&amp;ssl=1 768w, https:\/\/i0.wp.com\/elmundodelosnegocios.com.do\/v1\/wp-content\/uploads\/2023\/09\/grafico-1.png?resize=1536%2C864&amp;ssl=1 1536w, https:\/\/i0.wp.com\/elmundodelosnegocios.com.do\/v1\/wp-content\/uploads\/2023\/09\/grafico-1.png?w=1920&amp;ssl=1 1920w\" sizes=\"auto, (max-width: 1024px) 100vw, 1024px\" data-recalc-dims=\"1\"><\/figure>\n<\/div>\n<p>En un documento de prensa, la ABA valor\u00f3 la relevancia de las micro, peque\u00f1as y medianas empresas, especialmente aquellas dirigidas por mujeres, por su incidencia en t\u00e9rminos de inclusi\u00f3n y el impacto en el desarrollo social y econ\u00f3mico de las comunidades que las acogen, raz\u00f3n por la que el sector bancario apuesta por lograr mejores condiciones crediticias para dicho sector.<\/p>\n<div class=\"wp-block-image\">\n<figure class=\"aligncenter size-large\"><img data-attachment-id=\"32629\" data-permalink=\"https:\/\/elmundodelosnegocios.com.do\/v1\/index.php\/2023\/09\/28\/banca-multiple-suma-a-esfuerzos-por-inclusion-financiera-apostando-desarrollo-mipymes\/grafico-2\/\" data-orig-file=\"https:\/\/i0.wp.com\/elmundodelosnegocios.com.do\/v1\/wp-content\/uploads\/2023\/09\/grafico-2.png?fit=1920%2C1080&amp;ssl=1\" data-orig-size=\"1920,1080\" data-comments-opened=\"0\" data-image-meta='{\"aperture\":\"0\",\"credit\":\"\",\"camera\":\"\",\"caption\":\"\",\"created_timestamp\":\"0\",\"copyright\":\"\",\"focal_length\":\"0\",\"iso\":\"0\",\"shutter_speed\":\"0\",\"title\":\"\",\"orientation\":\"0\"}' data-image-title=\"grafico-2\" data-image-description=\"\" data-image-caption=\"\" data-medium-file=\"https:\/\/i0.wp.com\/elmundodelosnegocios.com.do\/v1\/wp-content\/uploads\/2023\/09\/grafico-2.png?fit=300%2C169&amp;ssl=1\" data-large-file=\"https:\/\/i0.wp.com\/elmundodelosnegocios.com.do\/v1\/wp-content\/uploads\/2023\/09\/grafico-2.png?fit=1024%2C576&amp;ssl=1\" decoding=\"async\" loading=\"lazy\" width=\"1024\" height=\"576\" src=\"https:\/\/i0.wp.com\/elmundodelosnegocios.com.do\/v1\/wp-content\/uploads\/2023\/09\/grafico-2-1024x576.png?resize=1024,576&amp;ssl=1\" alt=\"\" class=\"wp-image-32629\" srcset=\"https:\/\/i0.wp.com\/elmundodelosnegocios.com.do\/v1\/wp-content\/uploads\/2023\/09\/grafico-2.png?resize=1024%2C576&amp;ssl=1 1024w, https:\/\/i0.wp.com\/elmundodelosnegocios.com.do\/v1\/wp-content\/uploads\/2023\/09\/grafico-2.png?resize=300%2C169&amp;ssl=1 300w, https:\/\/i0.wp.com\/elmundodelosnegocios.com.do\/v1\/wp-content\/uploads\/2023\/09\/grafico-2.png?resize=768%2C432&amp;ssl=1 768w, https:\/\/i0.wp.com\/elmundodelosnegocios.com.do\/v1\/wp-content\/uploads\/2023\/09\/grafico-2.png?resize=1536%2C864&amp;ssl=1 1536w, https:\/\/i0.wp.com\/elmundodelosnegocios.com.do\/v1\/wp-content\/uploads\/2023\/09\/grafico-2.png?w=1920&amp;ssl=1 1920w\" sizes=\"auto, (max-width: 1024px) 100vw, 1024px\" data-recalc-dims=\"1\"><\/figure>\n<\/div>\n<p>En ese orden, detall\u00f3 que, a diciembre del 2022, en todo el sistema financiero se otorgaron RD$66,215 millones en cr\u00e9ditos a mipymes dirigidas por mujeres, equivalentes a un incremento de un 31% comparado con los niveles registrados en 2019, a\u00f1o pre pandemia.<\/p>\n<p>\u201cEl sector bancario de la Rep\u00fablica Dominicana continuar\u00e1 sus esfuerzos para seguir impulsando el desarrollo del pa\u00eds mediante el financiamiento a los sectores productivos e impulsando el establecimiento de un ecosistema de garant\u00edas que facilite el acceso al cr\u00e9dito en mejores condiciones para las mipymes\u201d, garantiz\u00f3 la ABA.<\/p>\n<p>El gremio bancario expres\u00f3 que estas iniciativas a favor de las mipymes ser\u00e1n exponencialmente ampliadas tras la Cumbre Global para la Alianza Financiera, que se llevar\u00e1 a cabo en el pa\u00eds los d\u00edas 8 y 9 de noviembre de este a\u00f1o.<\/p>\n<\/div>\n","protected":false},"excerpt":{"rendered":"<p>Santo Domingo, R. D. Septiembre 28, 2023.-\u00a0La banca m\u00faltiple se suma a los esfuerzos por la inclusi\u00f3n financiera, en el marco de la estrategia nacional que lidera el Banco Central,&hellip; <\/p>\n","protected":false},"author":2,"featured_media":5086,"comment_status":"closed","ping_status":"closed","sticky":false,"template":"","format":"standard","meta":{"fifu_image_url":"https:\/\/i0.wp.com\/elmundodelosnegocios.com.do\/v1\/wp-content\/uploads\/2023\/09\/Foto-de-referencia-1024x576.png?resize=1024,576&ssl=1","fifu_image_alt":"Banca m\u00faltiple suma a esfuerzos por inclusi\u00f3n financiera apostando\u00a0 desarrollo mipymes","footnotes":""},"categories":[63],"tags":[],"class_list":["post-5085","post","type-post","status-publish","format-standard","has-post-thumbnail","hentry","category-actualidad"],"_links":{"self":[{"href":"https:\/\/elmundodelapolitica.com\/v1\/wp-json\/wp\/v2\/posts\/5085","targetHints":{"allow":["GET"]}}],"collection":[{"href":"https:\/\/elmundodelapolitica.com\/v1\/wp-json\/wp\/v2\/posts"}],"about":[{"href":"https:\/\/elmundodelapolitica.com\/v1\/wp-json\/wp\/v2\/types\/post"}],"author":[{"embeddable":true,"href":"https:\/\/elmundodelapolitica.com\/v1\/wp-json\/wp\/v2\/users\/2"}],"replies":[{"embeddable":true,"href":"https:\/\/elmundodelapolitica.com\/v1\/wp-json\/wp\/v2\/comments?post=5085"}],"version-history":[{"count":0,"href":"https:\/\/elmundodelapolitica.com\/v1\/wp-json\/wp\/v2\/posts\/5085\/revisions"}],"wp:featuredmedia":[{"embeddable":true,"href":"https:\/\/elmundodelapolitica.com\/v1\/wp-json\/wp\/v2\/media\/5086"}],"wp:attachment":[{"href":"https:\/\/elmundodelapolitica.com\/v1\/wp-json\/wp\/v2\/media?parent=5085"}],"wp:term":[{"taxonomy":"category","embeddable":true,"href":"https:\/\/elmundodelapolitica.com\/v1\/wp-json\/wp\/v2\/categories?post=5085"},{"taxonomy":"post_tag","embeddable":true,"href":"https:\/\/elmundodelapolitica.com\/v1\/wp-json\/wp\/v2\/tags?post=5085"}],"curies":[{"name":"wp","href":"https:\/\/api.w.org\/{rel}","templated":true}]}}