{"id":507,"date":"2020-11-13T18:38:40","date_gmt":"2020-11-13T22:38:40","guid":{"rendered":"http:\/\/www.elmundodelapolitica.com\/v2\/?p=22605"},"modified":"2020-11-13T18:38:40","modified_gmt":"2020-11-13T22:38:40","slug":"destaca-anteproyecto-ley-busca-reducir-burocracia-y-simplificar-tramites","status":"publish","type":"post","link":"https:\/\/elmundodelapolitica.com\/v1\/destaca-anteproyecto-ley-busca-reducir-burocracia-y-simplificar-tramites\/","title":{"rendered":"Destaca anteproyecto ley busca reducir burocracia y simplificar tr\u00e1mites"},"content":{"rendered":"\n<p>Santo Domingo, R.D., Jueves 12 noviembre 2020.\u2013 El director general de la Direcci\u00f3n General de Alianzas P\u00fablico Privadas (DGAPP), Sigmund Freund, inform\u00f3 que ser\u00e1 presentado al Congreso Nacional un anteproyecto de ley que busca reducir la burocracia estatal que simplifique los tr\u00e1mites gubernamentales para que contribuya a aumentar la competitividad, atraer mayores inversiones y repercutir\u00e1 en el crecimiento econ\u00f3mico del pa\u00eds.<br>\u201cAl simplificar los procesos en el Estado proveeremos de mayor certidumbre jur\u00eddica a los ciudadanos y las empresas\u201d, destac\u00f3 el funcionario al intervenir en el acto de presentaci\u00f3n de la Estrategia Nacional de Competitividad y el programa \u201cGobierno Eficiente\u201d, efectuado en el Palacio Nacional, encabezado por el presidente Luis Abinader, altos funcionarios de su gobierno y representantes del sector empresarial.<\/p>\n\n\n\n<p><br>Freund manifest\u00f3 que la Rep\u00fablica Dominicana padece de trabas regulatorias complejas que limitan la productividad de la ciudadan\u00eda y las empresas, afectando la competitividad frente a otros pa\u00edses de la regi\u00f3n.<br>\u201cCon una buena regulaci\u00f3n eficiente el gobierno debe fomentar la transparencia, el funcionamiento \u00f3ptimo de los mercados, la provisi\u00f3n de bienes y servicios p\u00fablicos de calidad a trav\u00e9s de tiempos y procesos razonables con un objetivo claro\u201d, indic\u00f3 el director de la DGAPP.<\/p>\n\n\n\n<p><br>Precis\u00f3 que \u201cno obstante, si las regulaciones son err\u00f3neamente dise\u00f1adas, s\u00f3lo contribuyen a aumentar los costos de cumplimiento generando trabas innecesarias para los negocios y la ciudadan\u00eda, limitando el crecimiento econ\u00f3mico y el bienestar social\u201d.<\/p>\n\n\n\n<p><br>Dijo que, para enfrentar esa realidad, han desarrollado un paquete de reformas donde se establece que las instituciones p\u00fablicas dar\u00e1n respuesta a las solicitudes de tr\u00e1mites de manera \u00e1gil y oportuna, que buscan eliminar tr\u00e1mites y procedimientos duplicados entre distintas autoridades e instituciones, que garantizan que los procesos de permisos y licencias cumplan plenamente los est\u00e1ndares internacionales para impulsar la creaci\u00f3n de empresas y la generaci\u00f3n de empleos.<\/p>\n\n\n\n<p><br>Freund, se\u00f1al\u00f3 que se har\u00e1 posible lograr alianzas efectivas y productivas entre los sectores p\u00fablico y privado para que sea posible un gobierno sin trabas, enfocados en la eficiencia y en facilitar los procesos, apegados a las leyes y a los mejores intereses de los dominicanos.<\/p>\n\n\n\n<p><br><strong>Sobre la Direcci\u00f3n General de Alianzas P\u00fablico-Privadas (DGAPP):<\/strong><br>La DGAPP es la instituci\u00f3n responsable de la estructuraci\u00f3n, promoci\u00f3n, supervisi\u00f3n y regulaci\u00f3n de los proyectos de infraestructura, bienes y servicios de inter\u00e9s social, que se planifiquen y desarrollen en Rep\u00fablica Dominicana bajo la modalidad de alianzas p\u00fablico-privadas (APP).<\/p>\n\n\n\n<p><br>Es una entidad aut\u00f3noma y descentralizada del Estado, investida de personalidad jur\u00eddica, patrimonio propio, autonom\u00eda administrativa, jurisdiccional, financiera y t\u00e9cnica, adscrita al Ministerio de la Presidencia.<br>Su misi\u00f3n es promover y regular las alianzas p\u00fablico-privadas de manera ordenada, eficiente y transparente, velando por el cumplimiento de la ley y mitigando los riesgos de los proyectos, mediante la regulaci\u00f3n y la fiscalizaci\u00f3n de los agentes p\u00fablicos y agentes privados que participen.<\/p>\n\n\n\n<p><br><strong>Sobre Sigmund Freund<\/strong><br>Es licenciado en derecho de la Pontificia Universidad Cat\u00f3lica Madre y Maestra (PUCMM), posee un doctorado en ciencias jur\u00eddicas de la Universidad de Externado (Colombia) en ese centro superior de estudios e hizo las especialidades en derecho administrativo en la Universidad Par\u00eds II, Francia (2002); y en telecomunicaciones, en el Instituto de Administraci\u00f3n de las Telecomunicaciones de Canad\u00e1, en Montreal.<\/p>\n\n\n\n<p><br>Freund es miembro del Colegio Dominicano de Abogados y socio fundador de la firma Staff Legal, Abogados y Consultores, imparte docencia en su alma mater de derecho administrativo y derecho de las telecomunicaciones, en las \u00e1reas de grado y postgrado.<\/p>\n\n\n\n<p><br>Es presidente-fundador de la Asociaci\u00f3n de Estudiantes Dominicanos en Francia, de la Asociaci\u00f3n de Juristas Dominico \u2013 Franceses; funge como secretario de la C\u00e1mara Dominico- Israel\u00ed de Comercio y ocupa el cargo de director legal del Partido Revolucionario Moderno (PRM).<\/p>\n","protected":false},"excerpt":{"rendered":"<p>Santo Domingo, R.D., Jueves 12 noviembre 2020.\u2013 El director general de la Direcci\u00f3n General de Alianzas P\u00fablico Privadas (DGAPP), Sigmund Freund, inform\u00f3 que ser\u00e1 presentado al Congreso Nacional un anteproyecto&hellip; <\/p>\n","protected":false},"author":2,"featured_media":508,"comment_status":"closed","ping_status":"open","sticky":false,"template":"","format":"standard","meta":{"fifu_image_url":"","fifu_image_alt":"","footnotes":""},"categories":[10],"tags":[],"class_list":["post-507","post","type-post","status-publish","format-standard","has-post-thumbnail","hentry","category-marketing-politico"],"_links":{"self":[{"href":"https:\/\/elmundodelapolitica.com\/v1\/wp-json\/wp\/v2\/posts\/507","targetHints":{"allow":["GET"]}}],"collection":[{"href":"https:\/\/elmundodelapolitica.com\/v1\/wp-json\/wp\/v2\/posts"}],"about":[{"href":"https:\/\/elmundodelapolitica.com\/v1\/wp-json\/wp\/v2\/types\/post"}],"author":[{"embeddable":true,"href":"https:\/\/elmundodelapolitica.com\/v1\/wp-json\/wp\/v2\/users\/2"}],"replies":[{"embeddable":true,"href":"https:\/\/elmundodelapolitica.com\/v1\/wp-json\/wp\/v2\/comments?post=507"}],"version-history":[{"count":0,"href":"https:\/\/elmundodelapolitica.com\/v1\/wp-json\/wp\/v2\/posts\/507\/revisions"}],"wp:featuredmedia":[{"embeddable":true,"href":"https:\/\/elmundodelapolitica.com\/v1\/wp-json\/wp\/v2\/media\/508"}],"wp:attachment":[{"href":"https:\/\/elmundodelapolitica.com\/v1\/wp-json\/wp\/v2\/media?parent=507"}],"wp:term":[{"taxonomy":"category","embeddable":true,"href":"https:\/\/elmundodelapolitica.com\/v1\/wp-json\/wp\/v2\/categories?post=507"},{"taxonomy":"post_tag","embeddable":true,"href":"https:\/\/elmundodelapolitica.com\/v1\/wp-json\/wp\/v2\/tags?post=507"}],"curies":[{"name":"wp","href":"https:\/\/api.w.org\/{rel}","templated":true}]}}