{"id":5068,"date":"2023-09-28T17:07:30","date_gmt":"2023-09-28T21:07:30","guid":{"rendered":"https:\/\/elmundodelapolitica.com\/v1\/?p=5068"},"modified":"2023-09-28T17:07:30","modified_gmt":"2023-09-28T21:07:30","slug":"banco-popular-dominicano-e-instituto-de-credito-oficial-de-espana-firman-acuerdo","status":"publish","type":"post","link":"https:\/\/elmundodelapolitica.com\/v1\/banco-popular-dominicano-e-instituto-de-credito-oficial-de-espana-firman-acuerdo\/","title":{"rendered":"Banco Popular Dominicano e Instituto de Cr\u00e9dito Oficial de Espa\u00f1a firman acuerdo"},"content":{"rendered":"<div>\n<p><strong>Permitir\u00e1 potenciar distintos sectores econ\u00f3micos del pa\u00eds<\/strong><\/p>\n<p>Santo Domingo, D.N. \u2013\u00a0 El Banco Popular Dominicano y el Instituto de Cr\u00e9dito Oficial de Espa\u00f1a (ICO), en el marco de su programa Canal Internacional,\u00a0firmaron un\u00a0acuerdo de financiamiento\u00a0que permitir\u00e1 al Banco Popular fortalecer su apoyo a las empresas espa\u00f1olas con presencia en la Rep\u00fablica Dominicana y, asimismo, a los proveedores dominicanos que forman parte de la cadena de valor de estas empresas de Espa\u00f1a.<\/p>\n<div class=\"wp-block-image\">\n<figure class=\"aligncenter size-large\"><img data-attachment-id=\"32603\" data-permalink=\"https:\/\/elmundodelosnegocios.com.do\/v1\/index.php\/2023\/09\/28\/banco-popular-dominicano-e-instituto-de-credito-oficial-de-espana-firman-acuerdo\/1-1-5-2\/\" data-orig-file=\"https:\/\/i0.wp.com\/elmundodelosnegocios.com.do\/v1\/wp-content\/uploads\/2023\/09\/1-1-5.jpg?fit=1909%2C1273&amp;ssl=1\" data-orig-size=\"1909,1273\" data-comments-opened=\"0\" data-image-meta='{\"aperture\":\"0\",\"credit\":\"\",\"camera\":\"\",\"caption\":\"\",\"created_timestamp\":\"0\",\"copyright\":\"\",\"focal_length\":\"0\",\"iso\":\"0\",\"shutter_speed\":\"0\",\"title\":\"\",\"orientation\":\"0\"}' data-image-title=\"popular\" data-image-description=\"\" data-image-caption=\"\" data-medium-file=\"https:\/\/i0.wp.com\/elmundodelosnegocios.com.do\/v1\/wp-content\/uploads\/2023\/09\/1-1-5.jpg?fit=300%2C200&amp;ssl=1\" data-large-file=\"https:\/\/i0.wp.com\/elmundodelosnegocios.com.do\/v1\/wp-content\/uploads\/2023\/09\/1-1-5.jpg?fit=1024%2C683&amp;ssl=1\" decoding=\"async\" loading=\"lazy\" width=\"1024\" height=\"683\" src=\"https:\/\/i0.wp.com\/elmundodelosnegocios.com.do\/v1\/wp-content\/uploads\/2023\/09\/1-1-5-1024x683.jpg?resize=1024,683&amp;ssl=1\" alt=\"\" class=\"wp-image-32603\" srcset=\"https:\/\/i0.wp.com\/elmundodelosnegocios.com.do\/v1\/wp-content\/uploads\/2023\/09\/1-1-5.jpg?resize=1024%2C683&amp;ssl=1 1024w, https:\/\/i0.wp.com\/elmundodelosnegocios.com.do\/v1\/wp-content\/uploads\/2023\/09\/1-1-5.jpg?resize=300%2C200&amp;ssl=1 300w, https:\/\/i0.wp.com\/elmundodelosnegocios.com.do\/v1\/wp-content\/uploads\/2023\/09\/1-1-5.jpg?resize=768%2C512&amp;ssl=1 768w, https:\/\/i0.wp.com\/elmundodelosnegocios.com.do\/v1\/wp-content\/uploads\/2023\/09\/1-1-5.jpg?resize=1536%2C1024&amp;ssl=1 1536w, https:\/\/i0.wp.com\/elmundodelosnegocios.com.do\/v1\/wp-content\/uploads\/2023\/09\/1-1-5.jpg?w=1909&amp;ssl=1 1909w\" sizes=\"auto, (max-width: 1024px) 100vw, 1024px\" data-recalc-dims=\"1\"><\/figure>\n<\/div>\n<p>De esta forma, el Banco Popular ofrecer\u00e1 un apoyo \u00edntegro a las necesidades que las empresas con inter\u00e9s espa\u00f1ol tienen en el pa\u00eds, no \u00fanicamente cubriendo sus necesidades de financiamiento y liquidez, sino tambi\u00e9n apoyando la actividad comercial de bienes y servicios entre Rep\u00fablica Dominicana y Espa\u00f1a.<\/p>\n<div class=\"wp-block-image\">\n<figure class=\"aligncenter size-large\"><img data-attachment-id=\"32604\" data-permalink=\"https:\/\/elmundodelosnegocios.com.do\/v1\/index.php\/2023\/09\/28\/banco-popular-dominicano-e-instituto-de-credito-oficial-de-espana-firman-acuerdo\/el-ico-aprueba-su-ii-plan-de-igualdad-que-contempla-45-medidas-en-diferentes-ambitos\/\" data-orig-file=\"https:\/\/i0.wp.com\/elmundodelosnegocios.com.do\/v1\/wp-content\/uploads\/2023\/09\/1-2-1.jpg?fit=1250%2C847&amp;ssl=1\" data-orig-size=\"1250,847\" data-comments-opened=\"0\" data-image-meta='{\"aperture\":\"0\",\"credit\":\"Europa Press\",\"camera\":\"\",\"caption\":\"Fachada de la sede del ICO (Instituto de Cru00e9dito Oficial), en el Paseo del Prado de Madrid (Espau00f1a).rnrn10 enero 2020, ICO. rn  (Foto de ARCHIVO)rnrn10\/1\/2020\",\"created_timestamp\":\"1578614400\",\"copyright\":\"Europa Press 2020\",\"focal_length\":\"0\",\"iso\":\"0\",\"shutter_speed\":\"0\",\"title\":\"El ICO aprueba su II Plan de Igualdad, que contempla 45 medidas en diferentes u00e1mbitos\",\"orientation\":\"1\"}' data-image-title=\"El ICO aprueba su II Plan de Igualdad, que contempla 45 medidas en diferentes \u00e1mbitos\" data-image-description=\"\" data-image-caption=\"&lt;p&gt;Fachada de la sede del ICO (Instituto de Cr\u00e9dito Oficial), en el Paseo del Prado de Madrid (Espa\u00f1a).&lt;\/p&gt;\n&lt;p&gt;10 enero 2020, ICO.&lt;br \/&gt;\n  (Foto de ARCHIVO)&lt;\/p&gt;\n&lt;p&gt;10\/1\/2020&lt;\/p&gt;\n\" data-medium-file=\"https:\/\/i0.wp.com\/elmundodelosnegocios.com.do\/v1\/wp-content\/uploads\/2023\/09\/1-2-1.jpg?fit=300%2C203&amp;ssl=1\" data-large-file=\"https:\/\/i0.wp.com\/elmundodelosnegocios.com.do\/v1\/wp-content\/uploads\/2023\/09\/1-2-1.jpg?fit=1024%2C694&amp;ssl=1\" decoding=\"async\" loading=\"lazy\" width=\"1024\" height=\"694\" src=\"https:\/\/i0.wp.com\/elmundodelosnegocios.com.do\/v1\/wp-content\/uploads\/2023\/09\/1-2-1-1024x694.jpg?resize=1024,694&amp;ssl=1\" alt=\"\" class=\"wp-image-32604\" srcset=\"https:\/\/i0.wp.com\/elmundodelosnegocios.com.do\/v1\/wp-content\/uploads\/2023\/09\/1-2-1.jpg?resize=1024%2C694&amp;ssl=1 1024w, https:\/\/i0.wp.com\/elmundodelosnegocios.com.do\/v1\/wp-content\/uploads\/2023\/09\/1-2-1.jpg?resize=300%2C203&amp;ssl=1 300w, https:\/\/i0.wp.com\/elmundodelosnegocios.com.do\/v1\/wp-content\/uploads\/2023\/09\/1-2-1.jpg?resize=768%2C520&amp;ssl=1 768w, https:\/\/i0.wp.com\/elmundodelosnegocios.com.do\/v1\/wp-content\/uploads\/2023\/09\/1-2-1.jpg?w=1250&amp;ssl=1 1250w\" sizes=\"auto, (max-width: 1024px) 100vw, 1024px\" data-recalc-dims=\"1\"><figcaption class=\"wp-element-caption\">Fachada de la sede del ICO (Instituto de Cr\u00e9dito Oficial), en el Paseo del Prado de Madrid (Espa\u00f1a). <\/figcaption><\/figure>\n<\/div>\n<p>Entre las empresas potencialmente beneficiadas estar\u00e1n las pertenecientes a comercio al por mayor y detalle, sector de energ\u00eda y turismo, industrias en la que la entidad dominicana es l\u00edder en financiamiento, con una amplia trayectoria de apoyo a estos negocios.<\/p>\n<p>El presidente del ICO, Jos\u00e9 Carlos Garc\u00eda de Quevedo, ha destacado que \u201ccon el programa ICO Canal internacional apoyamos el proceso de internacionalizaci\u00f3n de las empresas a trav\u00e9s de la financiaci\u00f3n y acompa\u00f1amiento de sus actividades. Hay casi un centenar de empresas con inter\u00e9s espa\u00f1ol instaladas en Rep\u00fablica Dominicana, la mayor parte pertenecientes al sector tur\u00edstico, que podr\u00e1n beneficiarse con este acuerdo.\u201d<\/p>\n<p>Por su parte, el presidente ejecutivo del Banco Popular Dominicano, Christopher Paniagua, ha puesto en valor el acuerdo, especialmente por su impacto en el sector tur\u00edstico, al indicar que \u201cva a consolidar nuestro rol protag\u00f3nico como \u201cBanco del turismo\u201d en el pa\u00eds, aumentando los cr\u00e9ditos concedidos a nuestros clientes hoteleros espa\u00f1oles y a su amplia cadena de valor de empresas nacionales, as\u00ed como a otros sectores clave de nuestro desarrollo econ\u00f3mico como son el energ\u00e9tico o el comercial\u201d.<\/p>\n<p><strong>L\u00ednea ICO Canal Internacional<\/strong><\/p>\n<p>La L\u00ednea ICO Canal Internacional tiene como objetivo impulsar la actividad y financiamiento de proyectos de empresas con inter\u00e9s espa\u00f1ol con implantaci\u00f3n internacional en terceros mercados, a trav\u00e9s de la intermediaci\u00f3n con instituciones financieras locales. Hasta la fecha, el ICO ha suscrito 33 acuerdos de financiamiento con 17 instituciones que colaboran con el ICO en este programa, como ocurre ahora con el Banco Popular Dominicano.<\/p>\n<\/div>\n","protected":false},"excerpt":{"rendered":"<p>Permitir\u00e1 potenciar distintos sectores econ\u00f3micos del pa\u00eds Santo Domingo, D.N. \u2013\u00a0 El Banco Popular Dominicano y el Instituto de Cr\u00e9dito Oficial de Espa\u00f1a (ICO), en el marco de su programa&hellip; <\/p>\n","protected":false},"author":2,"featured_media":5069,"comment_status":"closed","ping_status":"closed","sticky":false,"template":"","format":"standard","meta":{"fifu_image_url":"https:\/\/i0.wp.com\/elmundodelosnegocios.com.do\/v1\/wp-content\/uploads\/2023\/09\/1-1-5-1024x683.jpg?resize=1024,683&ssl=1","fifu_image_alt":"Banco Popular Dominicano e Instituto de Cr\u00e9dito Oficial de Espa\u00f1a firman acuerdo","footnotes":""},"categories":[63],"tags":[],"class_list":["post-5068","post","type-post","status-publish","format-standard","has-post-thumbnail","hentry","category-actualidad"],"_links":{"self":[{"href":"https:\/\/elmundodelapolitica.com\/v1\/wp-json\/wp\/v2\/posts\/5068","targetHints":{"allow":["GET"]}}],"collection":[{"href":"https:\/\/elmundodelapolitica.com\/v1\/wp-json\/wp\/v2\/posts"}],"about":[{"href":"https:\/\/elmundodelapolitica.com\/v1\/wp-json\/wp\/v2\/types\/post"}],"author":[{"embeddable":true,"href":"https:\/\/elmundodelapolitica.com\/v1\/wp-json\/wp\/v2\/users\/2"}],"replies":[{"embeddable":true,"href":"https:\/\/elmundodelapolitica.com\/v1\/wp-json\/wp\/v2\/comments?post=5068"}],"version-history":[{"count":0,"href":"https:\/\/elmundodelapolitica.com\/v1\/wp-json\/wp\/v2\/posts\/5068\/revisions"}],"wp:featuredmedia":[{"embeddable":true,"href":"https:\/\/elmundodelapolitica.com\/v1\/wp-json\/wp\/v2\/media\/5069"}],"wp:attachment":[{"href":"https:\/\/elmundodelapolitica.com\/v1\/wp-json\/wp\/v2\/media?parent=5068"}],"wp:term":[{"taxonomy":"category","embeddable":true,"href":"https:\/\/elmundodelapolitica.com\/v1\/wp-json\/wp\/v2\/categories?post=5068"},{"taxonomy":"post_tag","embeddable":true,"href":"https:\/\/elmundodelapolitica.com\/v1\/wp-json\/wp\/v2\/tags?post=5068"}],"curies":[{"name":"wp","href":"https:\/\/api.w.org\/{rel}","templated":true}]}}