{"id":5061,"date":"2023-09-28T17:28:29","date_gmt":"2023-09-28T21:28:29","guid":{"rendered":"https:\/\/elmundodelapolitica.com\/v1\/?p=5061"},"modified":"2023-09-28T17:28:31","modified_gmt":"2023-09-28T21:28:31","slug":"diputado-frank-ramirez-dice-solo-busca-la-senaduria-de-san-juan-por-el-prm","status":"publish","type":"post","link":"https:\/\/elmundodelapolitica.com\/v1\/diputado-frank-ramirez-dice-solo-busca-la-senaduria-de-san-juan-por-el-prm\/","title":{"rendered":"Diputado Frank Ram\u00edrez dice solo busca la senadur\u00eda de San Juan por el PRM"},"content":{"rendered":"\n<p>Ram\u00edrez, quien se hab\u00eda inscripto como precandidato a diputado, manifest\u00f3 que lo hizo porque en ese momento la candidatura senatorial estaba reservada para alianzas y al partido no cederla, &nbsp;la misma vuelve a la organizaci\u00f3n para ser diputada por quienes aspiren a lo interno.<\/p>\n\n\n\n<p>La que Ram\u00edrez, no dej\u00f3 claro si hab\u00eda retirado ante la comisi\u00f3n Nacional Electoral del PRM su inscripci\u00f3n como precandidato a diputado, aunque s\u00ed afirm\u00f3 que s\u00f3lo le interesa la candidatura senatorial.<\/p>\n\n\n\n<p>El legislador oficialista habl\u00f3 a la prensa en un acto donde dej\u00f3 abierto su comando de campa\u00f1a, ante una gran cantidad de dirigentes del PRM y precandidatos a alcalde de la provincia.<\/p>\n\n\n\n<p>Junto a \u00e9l en la mesa principal estaban Ana Mar\u00eda Castillo, precandidata a diputada; David Herrera, precandidato a alcalde, Jos\u00e9 Arias (Ruso) presidente municipal, &nbsp;Jos\u00e9 Valenzuela, Fabi\u00e1n Tapia, entre otros.<\/p>\n\n\n\n<p>Ram\u00edrez, sostuvo que cuenta con el 95 por ciento de la diligencia del PRM y que est\u00e1 dispuesto a someterse al proceso que el PRM escoja para seleccionar la candidatura a senador por San Juan.<\/p>\n\n\n\n<p>Expres\u00f3 que es tiempo de que San Juan remate la senadur\u00eda y para eso trabajar\u00e1 porque cuenta con el respaldo de su partido y de la sociedad sanjuanera.<\/p>\n\n\n\n<p>Sostuvo que ha estado estos tres a\u00f1os al lado del Presidente Luis Abinader, para desarrollar San Juan y gestionando las obras que se han realizado en la provincia.<\/p>\n\n\n\n<p>Finalmente, Ram\u00edrez, de forma en\u00e9rgica dijo que, \"nadie se confunda con que yo aspiro a otra cosa, dej\u00f3 claro que s\u00f3lo busco la candidatura senatorial del PRM en San Juan\".<\/p>\n","protected":false},"excerpt":{"rendered":"<p>Ram\u00edrez, quien se hab\u00eda inscripto como precandidato a diputado, manifest\u00f3 que lo hizo porque en ese momento la candidatura senatorial estaba reservada para alianzas y al partido no cederla, &nbsp;la&hellip; <\/p>\n","protected":false},"author":2,"featured_media":5062,"comment_status":"open","ping_status":"open","sticky":false,"template":"","format":"standard","meta":{"fifu_image_url":"","fifu_image_alt":"","footnotes":""},"categories":[63],"tags":[],"class_list":["post-5061","post","type-post","status-publish","format-standard","has-post-thumbnail","hentry","category-actualidad"],"_links":{"self":[{"href":"https:\/\/elmundodelapolitica.com\/v1\/wp-json\/wp\/v2\/posts\/5061","targetHints":{"allow":["GET"]}}],"collection":[{"href":"https:\/\/elmundodelapolitica.com\/v1\/wp-json\/wp\/v2\/posts"}],"about":[{"href":"https:\/\/elmundodelapolitica.com\/v1\/wp-json\/wp\/v2\/types\/post"}],"author":[{"embeddable":true,"href":"https:\/\/elmundodelapolitica.com\/v1\/wp-json\/wp\/v2\/users\/2"}],"replies":[{"embeddable":true,"href":"https:\/\/elmundodelapolitica.com\/v1\/wp-json\/wp\/v2\/comments?post=5061"}],"version-history":[{"count":1,"href":"https:\/\/elmundodelapolitica.com\/v1\/wp-json\/wp\/v2\/posts\/5061\/revisions"}],"predecessor-version":[{"id":5063,"href":"https:\/\/elmundodelapolitica.com\/v1\/wp-json\/wp\/v2\/posts\/5061\/revisions\/5063"}],"wp:featuredmedia":[{"embeddable":true,"href":"https:\/\/elmundodelapolitica.com\/v1\/wp-json\/wp\/v2\/media\/5062"}],"wp:attachment":[{"href":"https:\/\/elmundodelapolitica.com\/v1\/wp-json\/wp\/v2\/media?parent=5061"}],"wp:term":[{"taxonomy":"category","embeddable":true,"href":"https:\/\/elmundodelapolitica.com\/v1\/wp-json\/wp\/v2\/categories?post=5061"},{"taxonomy":"post_tag","embeddable":true,"href":"https:\/\/elmundodelapolitica.com\/v1\/wp-json\/wp\/v2\/tags?post=5061"}],"curies":[{"name":"wp","href":"https:\/\/api.w.org\/{rel}","templated":true}]}}