{"id":5055,"date":"2023-09-28T17:11:38","date_gmt":"2023-09-28T21:11:38","guid":{"rendered":"https:\/\/elmundodelapolitica.com\/v1\/?p=5055"},"modified":"2023-09-28T17:11:40","modified_gmt":"2023-09-28T21:11:40","slug":"parlacen-aprueba-iniciativa-de-respaldo-a-rd-ante-crisis-de-haiti","status":"publish","type":"post","link":"https:\/\/elmundodelapolitica.com\/v1\/parlacen-aprueba-iniciativa-de-respaldo-a-rd-ante-crisis-de-haiti\/","title":{"rendered":"Parlacen aprueba iniciativa de respaldo a RD ante crisis de Hait\u00ed"},"content":{"rendered":"\n<p><strong><em>El organismo sostuvo que al aprobar la referida iniciativa, se cumple cabalmente a propiciar la paz entre dos pueblos qu\u00e9 comparten una misma isla.<\/em><\/strong><\/p>\n\n\n\n<p><strong>El Salvador.-<\/strong>El Parlamento Centroamericano aprob\u00f3 la iniciativa de resoluci\u00f3n que dispone expresar su respaldo a Rep\u00fablica Dominicana en su propuesta de b\u00fasqueda de soluciones a la crisis en Hait\u00ed.<\/p>\n\n\n\n<p>Mediante la iniciativa, aprobada en su segunda sesi\u00f3n ordinaria realizada en San Salvador, se instar\u00e1 a los Estados Miembros del Sistema de la Integraci\u00f3n Centroamericana \u2013 SICA \u2013 a respaldar esta iniciativa, a fin de superar la situaci\u00f3n de violaci\u00f3n de los tratados fronterizos con la construcci\u00f3n ilegal de un canal en el r\u00edo Masacre por parte de un grupo de particulares haitianos.<\/p>\n\n\n\n<p>Dicha Iniciativa fue presentada por la diputada Martha P\u00e9rez Campusano, dirigente del Movimiento Izquierda Unida, e integrante del bloque PLD y Aliados en la Bancada Parlamentaria Dominicana<\/p>\n\n\n\n<p>La misma fue adoptada tomando en consideraci\u00f3n el llamado de la Rep\u00fablica Dominicana a la comunidad internacional para que no la dejen sola en el enfrentamiento a la crisis del pueblo haitiano, \"porque no es posible ni justo, comprendiendo esa terrible realidad, cuya soluci\u00f3n progresiva corresponde al propio pueblo haitiano y de modo subsidiario a la comunidad internacional\".<\/p>\n\n\n\n<p>El Parlacen, como el \u00d3rgano Regional y permanente de representaci\u00f3n pol\u00edtica y democr\u00e1tica del Sistema de la Integraci\u00f3n Centroamericana, tiene como objetivo fundamental realizar la Integraci\u00f3n de Centroam\u00e9rica, como regi\u00f3n de Paz, Libertad, Democracia y Desarrollo.<\/p>\n\n\n\n<p>En este orden, Amado Cerrud, presidente del Parlamento Centroamericano sostuvo que, al aprobar la referida iniciativa, se cumple cabalmente a propiciar la paz entre dos pueblos qu\u00e9 comparten una misma isla.<\/p>\n\n\n\n<p>La asamblea plenaria, efectuada en San Salvador, hizo uso de sus facultades, en virtud de los art\u00edculos 1 y 5 del Tratado Constitutivo del Parlacen, en los art\u00edculos 107, 115, 116, 117 y 119 del reglamento interno y el art\u00edculo 9 del reglamento especial de funcionamiento en per\u00edodos de emergencia.<\/p>\n\n\n\n<p>El pasado lunes, una delegaci\u00f3n dominicana designada por el presidente Luis Abinader se traslad\u00f3 a El Salvador para participar en la asamblea plenaria del Parlacen.<\/p>\n\n\n\n<p>La comisi\u00f3n fue conformada de manera multisectorial por funcionarios, l\u00edderes de diversos partidos con representaci\u00f3n en el organismo internacional y acad\u00e9micos.<\/p>\n\n\n\n<p>La integran el viceministro administrativo de la presidencia, Andr\u00e9s Lugo Risk; el viceministro de relaciones exteriores, Jos\u00e9 Julio G\u00f3mez; los diputados ante el Parlacen, Ram\u00f3n Emilio Goris (PHD), Carlos S\u00e1nchez (APD), Xiomara Guante (PRM), Martha P\u00e9rez (MIU), Namibia Didiez (PDP) y Ricardo Polanco (PRSD). De igual forma, los acad\u00e9micos, Miguel Reyes S\u00e1nchez, secretario de la Academia Dominicana de la Historia, y Ra\u00fal De Moya Espa\u00f1ol, presidente de la fundaci\u00f3n UNPHU.<\/p>\n\n\n\n<p><a><\/a>De acuerdo a lo informado, la agenda de trabajo incluy\u00f3, reuniones con el vicepresidente de El Salvador, F\u00e9lix Ulloa Garay; la canciller, Alexandra Hill,y el secretario general del SICA, Werner Vargas.<\/p>\n","protected":false},"excerpt":{"rendered":"<p>El organismo sostuvo que al aprobar la referida iniciativa, se cumple cabalmente a propiciar la paz entre dos pueblos qu\u00e9 comparten una misma isla. El Salvador.-El Parlamento Centroamericano aprob\u00f3 la&hellip; <\/p>\n","protected":false},"author":2,"featured_media":5056,"comment_status":"open","ping_status":"open","sticky":false,"template":"","format":"standard","meta":{"fifu_image_url":"","fifu_image_alt":"","footnotes":""},"categories":[54],"tags":[],"class_list":["post-5055","post","type-post","status-publish","format-standard","has-post-thumbnail","hentry","category-politica_exterior"],"_links":{"self":[{"href":"https:\/\/elmundodelapolitica.com\/v1\/wp-json\/wp\/v2\/posts\/5055","targetHints":{"allow":["GET"]}}],"collection":[{"href":"https:\/\/elmundodelapolitica.com\/v1\/wp-json\/wp\/v2\/posts"}],"about":[{"href":"https:\/\/elmundodelapolitica.com\/v1\/wp-json\/wp\/v2\/types\/post"}],"author":[{"embeddable":true,"href":"https:\/\/elmundodelapolitica.com\/v1\/wp-json\/wp\/v2\/users\/2"}],"replies":[{"embeddable":true,"href":"https:\/\/elmundodelapolitica.com\/v1\/wp-json\/wp\/v2\/comments?post=5055"}],"version-history":[{"count":1,"href":"https:\/\/elmundodelapolitica.com\/v1\/wp-json\/wp\/v2\/posts\/5055\/revisions"}],"predecessor-version":[{"id":5057,"href":"https:\/\/elmundodelapolitica.com\/v1\/wp-json\/wp\/v2\/posts\/5055\/revisions\/5057"}],"wp:featuredmedia":[{"embeddable":true,"href":"https:\/\/elmundodelapolitica.com\/v1\/wp-json\/wp\/v2\/media\/5056"}],"wp:attachment":[{"href":"https:\/\/elmundodelapolitica.com\/v1\/wp-json\/wp\/v2\/media?parent=5055"}],"wp:term":[{"taxonomy":"category","embeddable":true,"href":"https:\/\/elmundodelapolitica.com\/v1\/wp-json\/wp\/v2\/categories?post=5055"},{"taxonomy":"post_tag","embeddable":true,"href":"https:\/\/elmundodelapolitica.com\/v1\/wp-json\/wp\/v2\/tags?post=5055"}],"curies":[{"name":"wp","href":"https:\/\/api.w.org\/{rel}","templated":true}]}}